{"id":51886,"date":"2025-08-16T17:47:08","date_gmt":"2025-08-16T17:47:08","guid":{"rendered":"https:\/\/www.europesays.com\/es\/51886\/"},"modified":"2025-08-16T17:47:08","modified_gmt":"2025-08-16T17:47:08","slug":"se-agota-el-jersey-con-las-siglas-de-urss-que-lavrov-vistio-en-la-cumbre-de-alaska","status":"publish","type":"post","link":"https:\/\/www.europesays.com\/es\/51886\/","title":{"rendered":"Se agota el jersey con las siglas de URSS que Lavrov visti\u00f3 en la cumbre de Alaska"},"content":{"rendered":"<p class=\"paragraph\">La <b>marca rusa que vende jerseys blancos<\/b> con el acr\u00f3nimo de la URSS, como el que visti\u00f3 el viernes a su llegada a Alaska el ministro de Exteriores ruso, <b>Sergu\u00e9i Lavrov<\/b>, ha agotado las existencias de esa prenda, seg\u00fan la televisi\u00f3n rusa.<\/p>\n<p class=\"paragraph\">De acuerdo con el canal REN TV, esta informaci\u00f3n f<b>ue confirmada por varias clientas <\/b>que no pudieron ya adquirir esa pieza de ropa, que caus\u00f3 furor el viernes tras las im\u00e1genes del ministro que se hicieron r\u00e1pidamente virales.<\/p>\n<p>            <img decoding=\"async\" loading=\"lazy\" width=\"990\" height=\"556\" alt=\"Im\u00e1genes compartidas en redes sociales de la llegada de Lavrov y de la pol\u00e9mica sudadera\" src=\"https:\/\/imagenes.heraldo.es\/files\/image_990_556\/uploads\/imagenes\/2025\/08\/16\/imagenes-compartidas-en-redes-sociales-de-la-llegada-de-lavrov-y-de-la-polemica-sudadera.jpeg\" data-full-src=\"https:\/\/www.europesays.com\/es\/wp-content\/uploads\/2025\/08\/imagenes-compartidas-en-redes-sociales-de-la-llegada-de-lavrov-y-de-la-polemica-sudadera.jpeg\"\/><\/p>\n<p>        Im\u00e1genes compartidas en redes sociales de la llegada de Lavrov y de la pol\u00e9mica sudadera.<\/p>\n<p class=\"paragraph\">Mientras, la creadora de la marca, <b>Yekaterina Varlakova<\/b>, se\u00f1al\u00f3 que para ella es \u00abuna gran honor y una alegr\u00eda\u00bb que el jefe de la diplomacia rusa luciera el jersey <b>con las siglas CCCP (URSS, en ruso).<\/b><\/p>\n<p class=\"paragraph\">A su llegada a la cumbre entre los presidentes de Rusia, Vlad\u00edmir Putin, y de Estados Unidos, Donald Trump, en Alaska, Lavrov llam\u00f3 a \u00abno anticiparse a los acontecimientos\u00bb.<\/p>\n<p class=\"paragraph\">Lavrov, junto con el asesor presidencial Yuri Ushakov, integra la delegaci\u00f3n<b> \u00aben formato reducido\u00bb<\/b> que acompa\u00f1a a Putin en la primera parte de las conversaciones con Trump.<\/p>\n","protected":false},"excerpt":{"rendered":"La marca rusa que vende jerseys blancos con el acr\u00f3nimo de la URSS, como el que visti\u00f3 el&hellip;\n","protected":false},"author":2,"featured_media":51887,"comment_status":"","ping_status":"","sticky":false,"template":"","format":"standard","meta":{"footnotes":""},"categories":[42],"tags":[9017,17,18,3563,13,14,11,61,62,63,64,19,20,22920,9,10,15,16,20900,12,21,22,22919,65,66,67],"class_list":{"0":"post-51886","1":"post","2":"type-post","3":"status-publish","4":"format-standard","5":"has-post-thumbnail","7":"category-internacional","8":"tag-alaska","9":"tag-breaking-news","10":"tag-breakingnews","11":"tag-cumbre","12":"tag-featured-news","13":"tag-featurednews","14":"tag-headlines","15":"tag-internacional","16":"tag-international","17":"tag-international-news","18":"tag-internationalnews","19":"tag-latest-news","20":"tag-latestnews","21":"tag-lavrov","22":"tag-news","23":"tag-noticias","24":"tag-noticias-destacadas","25":"tag-noticiasdestacadas","26":"tag-siglas","27":"tag-titulares","28":"tag-ultimas-noticias","29":"tag-ultimasnoticias","30":"tag-vistio","31":"tag-world","32":"tag-world-news","33":"tag-worldnews"},"share_on_mastodon":{"url":"","error":""},"_links":{"self":[{"href":"https:\/\/www.europesays.com\/es\/wp-json\/wp\/v2\/posts\/51886","targetHints":{"allow":["GET"]}}],"collection":[{"href":"https:\/\/www.europesays.com\/es\/wp-json\/wp\/v2\/posts"}],"about":[{"href":"https:\/\/www.europesays.com\/es\/wp-json\/wp\/v2\/types\/post"}],"author":[{"embeddable":true,"href":"https:\/\/www.europesays.com\/es\/wp-json\/wp\/v2\/users\/2"}],"replies":[{"embeddable":true,"href":"https:\/\/www.europesays.com\/es\/wp-json\/wp\/v2\/comments?post=51886"}],"version-history":[{"count":0,"href":"https:\/\/www.europesays.com\/es\/wp-json\/wp\/v2\/posts\/51886\/revisions"}],"wp:featuredmedia":[{"embeddable":true,"href":"https:\/\/www.europesays.com\/es\/wp-json\/wp\/v2\/media\/51887"}],"wp:attachment":[{"href":"https:\/\/www.europesays.com\/es\/wp-json\/wp\/v2\/media?parent=51886"}],"wp:term":[{"taxonomy":"category","embeddable":true,"href":"https:\/\/www.europesays.com\/es\/wp-json\/wp\/v2\/categories?post=51886"},{"taxonomy":"post_tag","embeddable":true,"href":"https:\/\/www.europesays.com\/es\/wp-json\/wp\/v2\/tags?post=51886"}],"curies":[{"name":"wp","href":"https:\/\/api.w.org\/{rel}","templated":true}]}}