{"id":518871,"date":"2026-04-26T19:03:14","date_gmt":"2026-04-26T19:03:14","guid":{"rendered":"https:\/\/www.europesays.com\/es\/518871\/"},"modified":"2026-04-26T19:03:14","modified_gmt":"2026-04-26T19:03:14","slug":"la-palentina-pionera-del-fotoperiodismo","status":"publish","type":"post","link":"https:\/\/www.europesays.com\/es\/518871\/","title":{"rendered":"la palentina pionera del fotoperiodismo"},"content":{"rendered":"<p class=\"paragraph\" id=\"paragraph_1\">La Plaza Mayor de<strong> Cervera de Pisuerga<\/strong>, en la Monta\u00f1a Palentina, se ha convertido en un escenario de memoria y emoci\u00f3n.<\/p>\n<p class=\"paragraph\" id=\"paragraph_2\">Decenas de vecinos, c\u00e1maras en mano o simplemente con la voluntad de recordar, participaron en la recreaci\u00f3n de una de las fotograf\u00edas m\u00e1s emblem\u00e1ticas de Piedad Isla, en el marco del rodaje de un nuevo episodio del programa Imprescindibles de Televisi\u00f3n Espa\u00f1ola, concretamente de La2.<\/p>\n<p class=\"paragraph\" id=\"paragraph_3\">La convocatoria, fijada para las 18:30 horas del <strong>s\u00e1bado 25 de abril <\/strong>se convirti\u00f3 en un acto de memoria colectiva. Vecinos de todas las edades respondieron al llamamiento para reconstruir una imagen que la fot\u00f3grafa capt\u00f3 por primera vez en 1955 y que ella misma volvi\u00f3 a inmortalizar en 2009, <strong>poco antes de su fallecimiento.<\/strong><\/p>\n<p><img loading=\"lazy\" decoding=\"async\" alt=\"Evgenia Shajovskaia, en una fotograf\u00eda sin fecha para el 'Brain News Service'. Imagen: Marina Amaral \/ Desperta Ferro Ediciones\" height=\"960\" src=\"https:\/\/www.europesays.com\/es\/wp-content\/uploads\/2026\/04\/746685603_231441297_1706x960.jpg\" width=\"1706\" data-lazy-status=\"processed\" data-lazy-info=\"remove loading item 1\"\/><\/p>\n<p class=\"paragraph\" id=\"paragraph_4\">La escena, repetida ahora en 2026, cierra simb\u00f3licamente el c\u00edrculo de una obra profundamente arraigada en la vida cotidiana de su pueblo.<\/p>\n<p class=\"paragraph\" id=\"paragraph_5\">Muchos participantes acudieron adem\u00e1s con copias originales de fotograf\u00edas tomadas por Isla, convirtiendo la plaza en un archivo vivo donde cada imagen contaba una historia.<\/p>\n<p class=\"paragraph\" id=\"paragraph_6\">Nacida en esta misma villa en 1926, Piedad Isla document\u00f3 la vida rural y, sobre todo, la dignific\u00f3. En una \u00e9poca en la que el <strong>fotoperiodismo <\/strong>estaba dominado por hombres, ella se abri\u00f3 camino con determinaci\u00f3n, comenzando a alquilar c\u00e1maras con apenas catorce a\u00f1os.<\/p>\n<p>Su legado<\/p>\n<p class=\"paragraph\" id=\"paragraph_7\">Su trayectoria la llev\u00f3 a colaborar con medios como El Norte de Castilla, Diario Palentino o la agencia EFE.<\/p>\n<p class=\"paragraph\" id=\"paragraph_8\">Con un estilo que muchos cr\u00edticos han definido como \u201crealismo po\u00e9tico\u201d, Isla retrat\u00f3 la esencia de su entorno, como por ejemplo, la sabidur\u00eda de los mayores, la espontaneidad de la infancia y los ritmos de una vida marcada por las tradiciones.<\/p>\n<p><img decoding=\"async\" alt=\"Los directores Laura Garc\u00eda Rojas y Juan Soria\" data-imgm=\"true\" height=\"240\" loading=\"lazy\"  src=\"https:\/\/www.europesays.com\/es\/wp-content\/uploads\/2026\/04\/1003744222570_262649831_854x640.jpg\"  width=\"320\"\/><\/p>\n<p>                                                            Los directores Laura Garc\u00eda Rojas y Juan Soria<\/p>\n<p>                    Br\u00e1gimo<\/p>\n<p>                    ICAL<\/p>\n<p class=\"paragraph\" id=\"paragraph_9\">Ese legado permanece hoy custodiado por la fundaci\u00f3n que lleva su nombre y el de su marido, <strong>Juan Torres, <\/strong>con un archivo de m\u00e1s de 200.000 negativos.<\/p>\n<p class=\"paragraph\" id=\"paragraph_10\">A ello se suma su labor como <strong>etn\u00f3grafa<\/strong>, visible en el Museo Etnogr\u00e1fico Piedad Isla, donde se conservan miles de objetos que narran la historia y los oficios de la Monta\u00f1a Palentina.<\/p>\n<p class=\"paragraph\" id=\"paragraph_11\">La jornada vivida en la Plaza Mayor ha sido un acto de fotograf\u00eda viva en la que un pueblo entero se reconoci\u00f3 en el objetivo de quien supo mirarlo como nadie. Ahora, solo hay que esperar a que salga por televisi\u00f3n.<\/p>\n","protected":false},"excerpt":{"rendered":"La Plaza Mayor de Cervera de Pisuerga, en la Monta\u00f1a Palentina, se ha convertido en un escenario de&hellip;\n","protected":false},"author":2,"featured_media":518872,"comment_status":"","ping_status":"","sticky":false,"template":"","format":"standard","meta":{"footnotes":""},"categories":[173],"tags":[229,233,231,230,29317,232,234,146,147,25,24,244,13037,6442,102747,83647,23,807],"class_list":["post-518871","post","type-post","status-publish","format-standard","has-post-thumbnail","category-arte-y-diseno","tag-arte","tag-arte-y-diseno","tag-arts","tag-arts-and-design","tag-cervera-de-pisuerga","tag-design","tag-diseno","tag-entertainment","tag-entretenimiento","tag-es","tag-espana","tag-fotografia","tag-la-2","tag-palencia","tag-palencia-provincia","tag-sociedad-castilla-y-leon","tag-spain","tag-television"],"share_on_mastodon":{"url":"https:\/\/pubeurope.com\/@es\/116472565366910691","error":""},"_links":{"self":[{"href":"https:\/\/www.europesays.com\/es\/wp-json\/wp\/v2\/posts\/518871","targetHints":{"allow":["GET"]}}],"collection":[{"href":"https:\/\/www.europesays.com\/es\/wp-json\/wp\/v2\/posts"}],"about":[{"href":"https:\/\/www.europesays.com\/es\/wp-json\/wp\/v2\/types\/post"}],"author":[{"embeddable":true,"href":"https:\/\/www.europesays.com\/es\/wp-json\/wp\/v2\/users\/2"}],"replies":[{"embeddable":true,"href":"https:\/\/www.europesays.com\/es\/wp-json\/wp\/v2\/comments?post=518871"}],"version-history":[{"count":0,"href":"https:\/\/www.europesays.com\/es\/wp-json\/wp\/v2\/posts\/518871\/revisions"}],"wp:featuredmedia":[{"embeddable":true,"href":"https:\/\/www.europesays.com\/es\/wp-json\/wp\/v2\/media\/518872"}],"wp:attachment":[{"href":"https:\/\/www.europesays.com\/es\/wp-json\/wp\/v2\/media?parent=518871"}],"wp:term":[{"taxonomy":"category","embeddable":true,"href":"https:\/\/www.europesays.com\/es\/wp-json\/wp\/v2\/categories?post=518871"},{"taxonomy":"post_tag","embeddable":true,"href":"https:\/\/www.europesays.com\/es\/wp-json\/wp\/v2\/tags?post=518871"}],"curies":[{"name":"wp","href":"https:\/\/api.w.org\/{rel}","templated":true}]}}