{"id":51888,"date":"2025-08-16T17:48:08","date_gmt":"2025-08-16T17:48:08","guid":{"rendered":"https:\/\/www.europesays.com\/es\/51888\/"},"modified":"2025-08-16T17:48:08","modified_gmt":"2025-08-16T17:48:08","slug":"las-al-menos-tres-noches-de-terror-en-carballal-las-aldeas-son-ratoneras","status":"publish","type":"post","link":"https:\/\/www.europesays.com\/es\/51888\/","title":{"rendered":"Las (al menos) tres noches de terror en Carballal: \u00abLas aldeas son ratoneras\u00bb"},"content":{"rendered":"<p class=\"article-text\">\n        La comarca de Valdeorras es un valle cubierto de humo, que se ha ido haciendo m\u00e1s denso con el paso de los d\u00edas. Las llamas que empezaron el mi\u00e9rcoles en Larouco bajaron y subieron laderas, rodearon aldeas y cruzaron carreteras y hasta un embalse. El dato oficial de la Xunta es que han ardido 2.000 hect\u00e1reas, ha habido confinamientos en varios n\u00facleos de Pet\u00edn y A R\u00faa y cinco personas heridas acudieron por su propio pie al hospital de O Barco de Valdeorras. Pero el relato se extiende cuando son los vecinos los que cuentan las tres noches que ya llevan sin apenas dormir haciendo frente con herramientas improvisadas a las llamas. Y dan por hecho que el \u201cinfierno\u201d, como lo describe Yoli D\u00edaz, no ha terminado para ellos.\n    <\/p>\n<p>    <a href=\"https:\/\/www.eldiario.es\/galicia\/desolacion-pie-tierra-quemada-ourense-estabamos-absolutamente-solos_1_12535316.html\" data-mrf-recirculation=\"saber-mas\" data-dl-event=\"saber-mas\" rel=\"nofollow noopener\" target=\"_blank\"><\/p>\n<p class=\"know-more__title\">Desolaci\u00f3n a pie de tierra quemada en Ourense: \u00abEst\u00e1bamos absolutamente solos\u00bb<\/p>\n<p>            <img decoding=\"async\" class=\"lazy\" loading=\"lazy\" data-src=\"https:\/\/static.eldiario.es\/clip\/762b3b8a-933f-48ab-97d1-ba5efeec4cdd_16-9-aspect-ratio_default_0.jpg\" src=\"data:image\/svg+xml,%3Csvg xmlns=\" http:=\"\" viewbox=\"0 0 880 495\" alt=\"Desolaci\u00f3n a pie de tierra quemada en Ourense: &quot;Est\u00e1bamos absolutamente solos&quot;\"\/><\/p>\n<p>                        <\/a><\/p>\n<p class=\"article-text\">\n        D\u00edaz aparece a media tarde de este s\u00e1bado bajando marcha atr\u00e1s en su coche por una pista de tierra. Ha cargado un cubo con agua y recorre un camino para apagar las llamas que se reavivan. Si lo cruzan, dice, su aldea, Carballal (Pet\u00edn), est\u00e1 condenada. Pone la vista especialmente en dos pinos que se mantienen verdes poco por encima de las \u00faltimas casas. M\u00e1s arriba, cuenta, hay otra vecina vigilando.\n    <\/p>\n<p class=\"article-text\">\n        Se sienta a un lado del camino para descansar y explicar lo que ha visto desde el mi\u00e9rcoles. Se\u00f1ala ladera arriba, donde se supone que debe de estar el n\u00facleo de O Seixo, entre la humareda. Cuando las llamas fueron hacia all\u00e1, dice, \u201cno hab\u00eda nadie\u201d. Se refiere a que estaban solos los vecinos, como en Carballal, en donde expone que el dispositivo profesional contra incendios, desbordado con los Ourense, apareci\u00f3 cuando el fuego estuvo al lado de las casas. Un helic\u00f3ptero hizo descargas y dos bomberos comarcales llegaron con mangueras y las conectaron a las bocas de agua. De ellas tiraron los vecinos.\n    <\/p>\n<p class=\"article-text\">\n        Yoli D\u00edaz cuenta que son muchos los n\u00facleos en los que los vecinos se han visto rodeados por las llamas. En Santa Mar\u00eda ardieron casas y varias personas acabaron refugi\u00e1ndose en una cueva. Desde all\u00ed llamaron para pedir auxilio y lograron salir. \u201cLas aldeas son ratoneras\u201d, se queja la vecina de Carballal, a la que las tres noches que en las que apenas ha dormido le han hecho rebajar las expectativas. Ya no pide un dispositivo profesional m\u00e1s extenso, sino que se dote a los pueblos de batefuegos y bocas de agua para que los vecinos se puedan defender por s\u00ed mismos, lo que en realidad ya est\u00e1n haciendo en numerosas aldeas.\n    <\/p>\n<p>    <a href=\"https:\/\/www.eldiario.es\/galicia\/llamas-siguen-control-ourense-aldeas-cercadas-confinamientos-desalojos-42-000-hectareas-arrasadas_1_12537916.html\" data-mrf-recirculation=\"saber-mas-abajo\" data-dl-event=\"saber-mas-abajo\" rel=\"nofollow noopener\" target=\"_blank\"><\/p>\n<p class=\"know-more__title\">Las llamas siguen sin control en Ourense: aldeas cercadas y m\u00e1s confinamientos y desalojos con 42.000 hect\u00e1reas arrasadas\n<\/p>\n<p>            <img decoding=\"async\" class=\"lazy\" loading=\"lazy\" data-src=\"https:\/\/static.eldiario.es\/clip\/3a860b17-3d2c-4b57-9d64-aea0c1417d27_16-9-aspect-ratio_default_0.jpg\" src=\"data:image\/svg+xml,%3Csvg xmlns=\" http:=\"\" viewbox=\"0 0 880 495\" alt=\"Las llamas siguen sin control en Ourense: aldeas cercadas y m\u00e1s confinamientos y desalojos con 42.000 hect\u00e1reas arrasadas\"\/><\/p>\n<p>                        <\/a><\/p>\n<p class=\"article-text\">\n        Las llamas de este incendio obligaron a desalojar una residencia de ancianos en A R\u00faa, provocaron una nube t\u00f3xica al quemar un vertedero y amenazaron y siguen amenazando n\u00facleos poblados, en los que los vecinos se organizan con lo que tienen a mano. Ahora, la preocupaci\u00f3n avanza hacia Vilamart\u00edn y O Barco, los municipios vecinos hacia los que corren las llamas.\n    <\/p>\n","protected":false},"excerpt":{"rendered":"La comarca de Valdeorras es un valle cubierto de humo, que se ha ido haciendo m\u00e1s denso con&hellip;\n","protected":false},"author":2,"featured_media":51889,"comment_status":"","ping_status":"","sticky":false,"template":"","format":"standard","meta":{"footnotes":""},"categories":[8],"tags":[517,1705,17,18,25,24,13,14,816,11,7386,19,20,7318,9,10,15,16,1925,7387,1146,23,12,21,22],"class_list":{"0":"post-51888","1":"post","2":"type-post","3":"status-publish","4":"format-standard","5":"has-post-thumbnail","7":"category-espana","8":"tag-actualidad","9":"tag-analisis","10":"tag-breaking-news","11":"tag-breakingnews","12":"tag-es","13":"tag-espana","14":"tag-featured-news","15":"tag-featurednews","16":"tag-galicia","17":"tag-headlines","18":"tag-la-coruna","19":"tag-latest-news","20":"tag-latestnews","21":"tag-lugo","22":"tag-news","23":"tag-noticias","24":"tag-noticias-destacadas","25":"tag-noticiasdestacadas","26":"tag-opinion","27":"tag-orense","28":"tag-pontevedra","29":"tag-spain","30":"tag-titulares","31":"tag-ultimas-noticias","32":"tag-ultimasnoticias"},"share_on_mastodon":{"url":"","error":""},"_links":{"self":[{"href":"https:\/\/www.europesays.com\/es\/wp-json\/wp\/v2\/posts\/51888","targetHints":{"allow":["GET"]}}],"collection":[{"href":"https:\/\/www.europesays.com\/es\/wp-json\/wp\/v2\/posts"}],"about":[{"href":"https:\/\/www.europesays.com\/es\/wp-json\/wp\/v2\/types\/post"}],"author":[{"embeddable":true,"href":"https:\/\/www.europesays.com\/es\/wp-json\/wp\/v2\/users\/2"}],"replies":[{"embeddable":true,"href":"https:\/\/www.europesays.com\/es\/wp-json\/wp\/v2\/comments?post=51888"}],"version-history":[{"count":0,"href":"https:\/\/www.europesays.com\/es\/wp-json\/wp\/v2\/posts\/51888\/revisions"}],"wp:featuredmedia":[{"embeddable":true,"href":"https:\/\/www.europesays.com\/es\/wp-json\/wp\/v2\/media\/51889"}],"wp:attachment":[{"href":"https:\/\/www.europesays.com\/es\/wp-json\/wp\/v2\/media?parent=51888"}],"wp:term":[{"taxonomy":"category","embeddable":true,"href":"https:\/\/www.europesays.com\/es\/wp-json\/wp\/v2\/categories?post=51888"},{"taxonomy":"post_tag","embeddable":true,"href":"https:\/\/www.europesays.com\/es\/wp-json\/wp\/v2\/tags?post=51888"}],"curies":[{"name":"wp","href":"https:\/\/api.w.org\/{rel}","templated":true}]}}