{"id":518910,"date":"2026-04-26T19:34:23","date_gmt":"2026-04-26T19:34:23","guid":{"rendered":"https:\/\/www.europesays.com\/es\/518910\/"},"modified":"2026-04-26T19:34:23","modified_gmt":"2026-04-26T19:34:23","slug":"la-maestria-de-ivan-garcia-y-el-percance-de-luis-gerpe-en-una-tarde-falta-de-todo","status":"publish","type":"post","link":"https:\/\/www.europesays.com\/es\/518910\/","title":{"rendered":"La maestr\u00eda de Iv\u00e1n Garc\u00eda y el percance de Luis Gerpe en una tarde falta de todo"},"content":{"rendered":"<p style=\"\">La tarde de Palha transcurr\u00eda sin pena ni gloria. Mala, sin bravura, sin celo, sin querer, sin humillar&#8230; As\u00ed fueron los cuatro primeros cap\u00edtulos. Nada de nada. Hasta que sali\u00f3 el quinto, un imponente y destartalado toro -m\u00e1s para Pamplona que para Madrid-, con  un  &#8230; metro de pit\u00f3n a pit\u00f3n. Nadie pod\u00eda hacerse con \u00e9l en la capa, mientras el <a href=\"https:\/\/www.abc.es\/cultura\/toros\/actitud-mella-capacidad-tomas-bastos-frente-corrida-20260419210419-nt.html\" target=\"_self\" data-voc-vtm-id=\"in-text-traffic\" title=\"toro\" data-mrf-link=\"www.abc.es\" rel=\"nofollow noopener\">toro<\/a> pegaba frenadas y hac\u00eda cosas feas, hasta que lleg\u00f3 <strong>Iv\u00e1n Garc\u00eda<\/strong>, le peg\u00f3 tres capotazos, le pudo por bajo y se tap\u00f3, porque no era su turno de brega (ya lo hab\u00eda hecho magn\u00edficamente en el primero),  llev\u00e1ndose una de las dos <a href=\"https:\/\/www.abc.es\/cultura\/toros\/ingleses-ventas-20260412210401-nt.html\" target=\"_self\" data-voc-vtm-id=\"in-text-traffic\" title=\"ovaciones\" data-mrf-link=\"www.abc.es\" rel=\"nofollow noopener\">ovaciones<\/a> m\u00e1s cerradas de la tarde (que la otra tambi\u00e9n fue para \u00e9l, con los palos). \u00abPues lo mejor de la tarde\u00bb, comentaban por el 3. Varios puyazos tom\u00f3 el toro, sin empujar en ninguno y sali\u00e9ndose suelto de todos. <\/p>\n<p class=\"v-d-p\" style=\"\">Tras el celebrado y <strong>meritorio tercio de banderillas<\/strong> de Iv\u00e1n Garc\u00eda, el animal lleg\u00f3 a la muleta queriendo irse, manseando, con la cara suelta, distra\u00eddo y, cuando tocaba el enga\u00f1o, se descompon\u00eda, y no quer\u00eda nada por arriba. Se llamaba Estorbo, y todo lo que no fuera estar en las tablas le estorbaba, ciertamente. Eso s\u00ed, si se le dejaba a su altura y con temple, el <a href=\"https:\/\/www.abc.es\/cultura\/toros\/sevilla\/quinta-toros-sevilla-20260425222055-nts.html\" target=\"_self\" data-voc-vtm-id=\"in-text-traffic\" title=\"animal\" data-mrf-link=\"www.abc.es\" rel=\"nofollow noopener\">animal<\/a> iba y ten\u00eda importancia lo que se le hac\u00eda, por sus descomunales hechuras. Otra cosa es que anduvo mucho rato Espada delante de \u00e9l y aplic\u00f3 poco esa t\u00f3nica. <\/p>\n<p class=\"v-d-p\" style=\"\">Cerr\u00f3 la tarde otro palha de imponentes hechuras. En los primeros tercios se vislumbraron las malas intenciones de Tesugo. Comenz\u00f3 Luis Gerpe al natural, pero el animal no ten\u00eda un muletazo por ah\u00ed. \u00abSi ya le ha avisado, \u00bfpor qu\u00e9 sigue por ah\u00ed?\u00bb, se preguntaba un se\u00f1or. Pues porque cambi\u00f3 al derecho y <strong>se lo llev\u00f3 por delante<\/strong>. Cay\u00f3 muy mal el toledano, que fue llevado a la enfermer\u00eda sin conocimiento. Sali\u00f3 S\u00e1nchez Vara para matar al toro, pero el animal ya sab\u00eda lat\u00edn y arameo, y esperaba al madrile\u00f1o sin hacer caso a la muleta. Una media meritoria dej\u00f3. Y aquello era un sinvivir, porque cogi\u00f3 con mala baba a Francisco Javier Tornay, en una cornada que recordaba a la de Morante, aunque todo qued\u00f3 en un susto gracias a Dios. Como la media no le hizo nada, con mucho m\u00e9rito volvi\u00f3 a entrar el diestro, pero el animal no es que le esperara, es lo siguiente. Como Javier ya tiene muchas tablas, logr\u00f3 matarlo con habilidad.<\/p>\n<ul class=\"v-cmp-rld__u\">\n<li class=\"v-cmp-rld__l\">\n<p><a class=\"v-a-lnk\" href=\"http:\/\/www.abc.es\/cultura\/toros\/domingo-ramos-dolores-20260329222246-nt.html#vtm_modulosEngag=noticiasrelacionadas-cmp-uno:cultura:noticia:1\" title=\"Cristian P\u00e9rez adelanta el Domingo de Resurrecci\u00f3n en tarde de Dolores\" data-voc-vtm-id=\"in-text-traffic\" rel=\"nofollow noopener\" target=\"_blank\"><br \/>\n<img decoding=\"async\" loading=\"lazy\" src=\"https:\/\/www.europesays.com\/es\/wp-content\/uploads\/2026\/04\/ccc-U32763315020rex-366x256@diario_abc.jpg\" class=\"v-a-img\" width=\"258\" height=\"180\" alt=\"Cristian P\u00e9rez adelanta el Domingo de Resurrecci\u00f3n en tarde de Dolores\"\/><br \/>\n<\/a><\/p>\n<\/li>\n<\/ul>\n<p class=\"v-d-p\" style=\"\">El madrile\u00f1o hab\u00eda abierto la tarde y\u00e9ndose a portagayola con el primero,  que coloc\u00f3 tres veces  en el caballo, empujando el animal en el \u00faltimo (trasero) puyazo. Tom\u00f3 los palos <strong>S\u00e1nchez Vara<\/strong>, con m\u00e1s voluntad que acierto, porque el toro esperaba y echaba la cara arriba. Comenz\u00f3 por bajo, pero Apagado no humillaba ni por casualidad y adem\u00e1s ten\u00eda las fuerzas justas. Se justific\u00f3 Javier, aunque se pas\u00f3 de faena. La estocada a la segunda fue muy meritoria.<\/p>\n<ul class=\"v-cmp-flg__u\">\n<li class=\"v-cmp-flg__l\">\n<p>Plaza de toros Monumental de Las Ventas.<\/p>\n<p>Domingo, 26 de abril de 2026. Entrada: 12.129 espectadores. Toros de Palha, de escas\u00edsimo juego y buena presentaci\u00f3n 5\u00ba y 6\u00ba.<\/p>\n<ul class=\"v-u\">\n<li class=\"v-u__l\">\n<p class=\"v-u__p\">\nS\u00e1nchez Vara,<br \/>\nde verde y oro. Pinchazo y estocada tendida (silencio). Pinchazo y estocada tendida (silencio). Media, pinchazo, estocada y descabello en el que mat\u00f3 por Gerpe.\n<\/p>\n<\/li>\n<li class=\"v-u__l\">\n<p class=\"v-u__p\">\nFrancisco Jos\u00e9 Espada,<br \/>\nde rosa palo y oro. Estocada ca\u00edda (saludos por su cuenta). Pinchazo y estocada trasera y ca\u00edda (saludos con divisi\u00f3n).\n<\/p>\n<\/li>\n<li class=\"v-u__l\">\n<p class=\"v-u__p\">\nLuis Gerpe,<br \/>\nde salm\u00f3n y oro. Metisaca, dos pinchazos, pinchazo hondo y estocada (silencio). Cogido.\n<\/p>\n<\/li>\n<li class=\"v-u__l\">\n<p class=\"v-u__p\">\nParte de Luis Gerpe:<br \/>\n\u00abHerida inciso contusa en regi\u00f3n parietal derecha. Herida inciso contusa en ment\u00f3n. Traumatismo en hemit\u00f3rax derecho. Puntazo con hematoma en 1\/3 superior cara interna de muslo derecho. Pron\u00f3stico reservado\u00bb.\n<\/p>\n<\/li>\n<\/ul>\n<\/li>\n<\/ul>\n<p class=\"v-d-p\" style=\"\">Desentendido de la lidia estuvo S\u00e1nchez Vara en el cuarto, otro toro que manse\u00f3 los primeros tercios. Pese a las protestas contra todos los actuantes, volvi\u00f3 a coger los palos el diestro, mientras renqueaba el animal de los cuartos traseros. Comenz\u00f3 el madrile\u00f1o abri\u00e9ndole los caminos hasta los medios, aunque <strong>el toro s\u00f3lo quer\u00eda estar bajo el cobijo de las tablas<\/strong>. No ten\u00eda mala condici\u00f3n el animal, pero no pod\u00eda con su alma y le faltaba casta, en resumidas cuentas. <\/p>\n<p class=\"v-d-p\" style=\"\">El segundo empuj\u00f3 en el peto sin mucho poder. Y as\u00ed lleg\u00f3 a la muleta, manseando. <strong>A rega\u00f1adientes embest\u00eda el animal<\/strong>, y con cucharilla le iba sacando los muletazos Espada. Con todo, no met\u00eda mal la cara en el derecho, cuando el de Fuenlabrada entend\u00eda la distancia. Eso s\u00ed, siempre sal\u00eda desentendido y no transmit\u00eda nada. <\/p>\n","protected":false},"excerpt":{"rendered":"La tarde de Palha transcurr\u00eda sin pena ni gloria. Mala, sin bravura, sin celo, sin querer, sin humillar&#8230;&hellip;\n","protected":false},"author":2,"featured_media":518911,"comment_status":"","ping_status":"","sticky":false,"template":"","format":"standard","meta":{"footnotes":""},"categories":[91],"tags":[31201,8069,146,147,25,24,102753,10048,23],"class_list":["post-518910","post","type-post","status-publish","format-standard","has-post-thumbnail","category-entretenimiento","tag-cornadas","tag-corrida-de-toros","tag-entertainment","tag-entretenimiento","tag-es","tag-espana","tag-plaza-monumental-de-las-ventas","tag-plazas-de-toros","tag-spain"],"share_on_mastodon":{"url":"https:\/\/pubeurope.com\/@es\/116472687412048928","error":""},"_links":{"self":[{"href":"https:\/\/www.europesays.com\/es\/wp-json\/wp\/v2\/posts\/518910","targetHints":{"allow":["GET"]}}],"collection":[{"href":"https:\/\/www.europesays.com\/es\/wp-json\/wp\/v2\/posts"}],"about":[{"href":"https:\/\/www.europesays.com\/es\/wp-json\/wp\/v2\/types\/post"}],"author":[{"embeddable":true,"href":"https:\/\/www.europesays.com\/es\/wp-json\/wp\/v2\/users\/2"}],"replies":[{"embeddable":true,"href":"https:\/\/www.europesays.com\/es\/wp-json\/wp\/v2\/comments?post=518910"}],"version-history":[{"count":0,"href":"https:\/\/www.europesays.com\/es\/wp-json\/wp\/v2\/posts\/518910\/revisions"}],"wp:featuredmedia":[{"embeddable":true,"href":"https:\/\/www.europesays.com\/es\/wp-json\/wp\/v2\/media\/518911"}],"wp:attachment":[{"href":"https:\/\/www.europesays.com\/es\/wp-json\/wp\/v2\/media?parent=518910"}],"wp:term":[{"taxonomy":"category","embeddable":true,"href":"https:\/\/www.europesays.com\/es\/wp-json\/wp\/v2\/categories?post=518910"},{"taxonomy":"post_tag","embeddable":true,"href":"https:\/\/www.europesays.com\/es\/wp-json\/wp\/v2\/tags?post=518910"}],"curies":[{"name":"wp","href":"https:\/\/api.w.org\/{rel}","templated":true}]}}