{"id":51893,"date":"2025-08-16T17:51:08","date_gmt":"2025-08-16T17:51:08","guid":{"rendered":"https:\/\/www.europesays.com\/es\/51893\/"},"modified":"2025-08-16T17:51:08","modified_gmt":"2025-08-16T17:51:08","slug":"tercer-dia-de-gloria-en-jaen-con-dos-faenas-lucidas","status":"publish","type":"post","link":"https:\/\/www.europesays.com\/es\/51893\/","title":{"rendered":"Tercer d\u00eda de gloria en Ja\u00e9n con dos faenas lucidas"},"content":{"rendered":"\n<p>El novillero jiennense Alfonso Morales logr\u00f3 ayer su tercera salida a hombros consecutiva de la plaza de toros de Castellar tras cortar 2 orejas a 2 novillos complicados de la legendaria ganader\u00eda de \u2018Saltillo\u2019, en el tercer festejo del Trofeo \u2018Ricardo L\u00f3pez\u2019 de novilladas sin picadores.<\/p>\n<p>Este alumno de la Escuela Cultural-Taurina de Ja\u00e9n, de s\u00f3lo 17 a\u00f1os de edad, entendi\u00f3 a la perfecci\u00f3n a 2 erales que presentaron distintas dificultades para su lidia, propias de su encaste, adem\u00e1s de estar muy bien presentados de trap\u00edo. Nada de esto fue impedimento para que Alfonso Morales se luciera con el capote y la muleta en sus dos faenas, con un toreo lleno de verdad, profundidad, ortodoxia y mucho mando, lo que es inusual para encontrarse a\u00fan en el escalaf\u00f3n sin caballos.<\/p>\n<p>Su primer novillo mostr\u00f3 entrega y nobleza, por lo que el novillero jiennense pudo darles largas series de naturales y derechazos cargando la suerte, cruzado y con temple, rematados con ajustados pases de pecho. Su segundo no humill\u00f3 y llev\u00f3 siempre la cara alta, pero Morales supo llevarle con la franela a media altura, con series cortas, pero sin que le enganchara la muleta, lo que permiti\u00f3 que el animal no cabeceara y al final acabara entreg\u00e1ndose, a pesar de su falta de casta y de su mansedumbre. Luego, err\u00f3 con la espada, lo que le impidi\u00f3 cortar m\u00e1s trofeos. Alfonso Morales suma ya esta temporada 11 festejos, con un balance de 3 salidas a hombros y 10 orejas cortadas, en plazas tan importantes y de primera categor\u00eda, como Valencia, o de segunda, como El Puerto de Santa Mar\u00eda y Algeciras en C\u00e1diz o Ja\u00e9n.<\/p>\n<p>\u201cMi temporada va mejor de lo que me pod\u00eda esperar, porque han sido compromisos muy fuertes y creo que todos ellos los he pasado con nota, dentro de mis posibilidades\u201d, resalt\u00f3 sonriente Morales. Este novillero jiennense torear\u00e1 hoy un mano a mano con el sevillano Miguel V\u00e1zquez, en la localidad burgalesa de Salas de los Infantes, y ma\u00f1ana en la riojana de Aldeanueva del Ebro.<\/p>\n","protected":false},"excerpt":{"rendered":"El novillero jiennense Alfonso Morales logr\u00f3 ayer su tercera salida a hombros consecutiva de la plaza de toros&hellip;\n","protected":false},"author":2,"featured_media":51894,"comment_status":"","ping_status":"","sticky":false,"template":"","format":"standard","meta":{"footnotes":""},"categories":[277],"tags":[5886,373,168,25,24,23,167,374],"class_list":{"0":"post-51893","1":"post","2":"type-post","3":"status-publish","4":"format-standard","5":"has-post-thumbnail","7":"category-toreo","8":"tag-alvaro-guzguti","9":"tag-bullfighting","10":"tag-deportes","11":"tag-es","12":"tag-espana","13":"tag-spain","14":"tag-sports","15":"tag-toreo"},"share_on_mastodon":{"url":"","error":""},"_links":{"self":[{"href":"https:\/\/www.europesays.com\/es\/wp-json\/wp\/v2\/posts\/51893","targetHints":{"allow":["GET"]}}],"collection":[{"href":"https:\/\/www.europesays.com\/es\/wp-json\/wp\/v2\/posts"}],"about":[{"href":"https:\/\/www.europesays.com\/es\/wp-json\/wp\/v2\/types\/post"}],"author":[{"embeddable":true,"href":"https:\/\/www.europesays.com\/es\/wp-json\/wp\/v2\/users\/2"}],"replies":[{"embeddable":true,"href":"https:\/\/www.europesays.com\/es\/wp-json\/wp\/v2\/comments?post=51893"}],"version-history":[{"count":0,"href":"https:\/\/www.europesays.com\/es\/wp-json\/wp\/v2\/posts\/51893\/revisions"}],"wp:featuredmedia":[{"embeddable":true,"href":"https:\/\/www.europesays.com\/es\/wp-json\/wp\/v2\/media\/51894"}],"wp:attachment":[{"href":"https:\/\/www.europesays.com\/es\/wp-json\/wp\/v2\/media?parent=51893"}],"wp:term":[{"taxonomy":"category","embeddable":true,"href":"https:\/\/www.europesays.com\/es\/wp-json\/wp\/v2\/categories?post=51893"},{"taxonomy":"post_tag","embeddable":true,"href":"https:\/\/www.europesays.com\/es\/wp-json\/wp\/v2\/tags?post=51893"}],"curies":[{"name":"wp","href":"https:\/\/api.w.org\/{rel}","templated":true}]}}