{"id":51918,"date":"2025-08-16T18:09:06","date_gmt":"2025-08-16T18:09:06","guid":{"rendered":"https:\/\/www.europesays.com\/es\/51918\/"},"modified":"2025-08-16T18:09:06","modified_gmt":"2025-08-16T18:09:06","slug":"air-canada-suspende-todos-sus-vuelos-por-la-huelga-de-auxiliares-de-cabina-expansion","status":"publish","type":"post","link":"https:\/\/www.europesays.com\/es\/51918\/","title":{"rendered":"Air Canada suspende todos sus vuelos por la huelga de auxiliares de cabina &#8211; Expansi\u00f3n"},"content":{"rendered":"<ol>\n<li><a href=\"https:\/\/news.google.com\/rss\/articles\/CBMijwFBVV95cUxQak4wNGJkeXc4TXJQaXU5S0pRWTdMRERvUUFQbVlVY25hQVkzczk4V2s0VXhhWGdSSDRQdkVQUVJnQXMxTVVMcG1YN255LU1HZVZhWTBZYTV2ZzJmZ1ZXQWVQa3NLZXBENC0zZGRCYTRHbFlqeG9DNXpUNEVVUUp1dkxvSFVhbXFNX0NFcUJWWdIBjwFBVV95cUxNUkZ5X2xrRHotV194YVlUYTk5ZFFrNFJHNXRtWkg1QjdpMnR3bzNNTVJzWV9fRl92NWN3X3VRcW1odm95VUdWR2RvdDFWRTNsNDB0OW5pVHJJeW9XME1BWDItLUVIQUNqckxvT3ZKMV9SY3RuZDhtYXRQVFVWWUZvMEhBS0dhUkxPSFprTnUxZw?oc=5\" target=\"_blank\" rel=\"nofollow noopener\">Air Canada suspende todos sus vuelos por la huelga de auxiliares de cabina<\/a>&nbsp;&nbsp;Expansi\u00f3n<\/li>\n<li><a href=\"https:\/\/news.google.com\/rss\/articles\/CBMifEFVX3lxTE9LdVpPdUtLOW9LVDctbXFwazgxVVVvcjQxalZWYTFaS0NUUGZxQmpQODJRWkdzS3F3aW5qYUdSNmd6czZsWlE1SnFRNkpwTU5ZTTZHZEcwQ2dOTk94bnVYQnlLS3RZbDYtNHFVMWMwTGM1RHByV2oyVTk0SUzSAXxBVV95cUxOVWF6aF9tUGNydDVWcDJ3QjI5VFVzVzg4d1c0MVBIX1pIUGxZQUdqbzRmVnFWclVUVi1EVjVidjdoZDA2VlptdlJISS1VQnhkeXVyS1VuMlRiUGZVOXZxbzVNZk9HQWxzcjBNemVzVndOQXlSdTU0a1pOMzlT?oc=5\" target=\"_blank\" rel=\"nofollow noopener\">Air Canada suspende operaciones por la huelga de sus auxiliares de vuelo<\/a>&nbsp;&nbsp;El Mundo<\/li>\n<li><a href=\"https:\/\/news.google.com\/rss\/articles\/CBMi9wFBVV95cUxOVUhCVHQ2ZzNyczdSX0Q4cVcxWklnMXJRUGpaQTZFX3VxcV9ITnAwdkxmVXdyYW1oQS1RLW1aV0tSVXM0VHRWZG9vLWp3RjRzSlZxREdnRUY3Q2tnY0p0VXNpczFhbXR6Q1NzalFVX1Q3aEpfT0RfZTlxanBIdFY4MHlJNWdoSEVEUnlxY1N4Q0xuN2JVZnVXZ1V1ZGZXX0k5aGhIS2YwQWtwQTRQMHBNU2FLZDlGbzFkS0JESlVjZGZWNTk0TV9vS0UxTTlqT0J1N0dTUnYxR0ZiWE5oWEJiTFIyVHNPMFZQOE9mUHZaN3BqbDlUbFBF0gGLAkFVX3lxTE5qTGxXRUdYTU9FUlY3VXkzdTJ4UmIwVmJDeDNFalFRWk5pNTNxWDRKSEYxSlJHTlpnaW5nVzFMVnhDQWIwNk9ZRmVHTDhSYXYydmx2bV9NV1Y0YS1pdjFrS1lOSjVFNkNHeHVzQXN0cEczYWUzTkNRRk5WN0Q2N25URmdPMFB2aW1LY09pZnp4b1p3cENiSnYtVWZxLTBlbXJQX3lSVER6cm1jbEtqZWxYWjFWNkxSdi1TWk0zN3NXb2hjWGZBeERHeG53NXhZbV9kcUZRV1VTeE9tclRld19GSGdQZmhBSDhDZFIxTE9tal80VUFqa2tUa3h5dGVfREkxZXBPWVdjcDRlaw?oc=5\" target=\"_blank\" rel=\"nofollow noopener\">Los trabajadores de la compa\u00f1\u00eda a\u00e9rea Air Canada se declaran en huelga: cientos de vuelos han sido cancelados<\/a>&nbsp;&nbsp;La Raz\u00f3n<\/li>\n<li><a href=\"https:\/\/news.google.com\/rss\/articles\/CBMi2gFBVV95cUxNTXgtN2llSTdXb0R3Qm1wVktyUWZTS2U3WEw5c01zTmh0SzZpekRBZWkxeUcxNWNmamNYZVZyVC1wMEd0b3pkRWxRcW5vSTRtVHk5dVF0MEQ3TldsSnlTa2h6c1lJOG1BT05Bd19NNjRDaHVSZW1wRXlJTzZhMkNXSGM4UHkzRnh6amxIdzNkRENsRThvMDFBRkdGcXNYdHRLanRHRTNzNEtqMWZLU2lEYUxOdW4zTlEtTEhfcWpnX1ZCS1ByYjFITW43eWZzdk9xSm9aSUxnWE5EZw?oc=5\" target=\"_blank\" rel=\"nofollow noopener\">El Gobierno canadiense ordena el fin de la huelga de auxiliares de vuelo de Air Canada Por EFE<\/a>&nbsp;&nbsp;Investing.com Espa\u00f1ol<\/li>\n<li><a href=\"https:\/\/news.google.com\/rss\/articles\/CBMirgFBVV95cUxQUkNaNEtXaHQ1d3RlTG5qRlh3SGFxRFdmdkZNRWpMMUhDZzRNQzY1U3V5OU5PV1g0OUhuLXkwNTlZWlN0MnRiX0VaSUd1dGJlb1JSQjlnX0dYNzM4MU9OOXl0QzJsMVhMUTF4U0dmN2N1Q0FaVG5OWVEwRE9TQ3hqYmNIb2xGOExvUjQ0OUROYXJmbm5Bb2txLWhEYXlXWFFjbUVucVFPb0dDTVpMUmc?oc=5\" target=\"_blank\" rel=\"nofollow noopener\">Air Canada empieza a cancelar docenas de vuelos internacionales de larga distancia<\/a>&nbsp;&nbsp;ABC<\/li>\n<\/ol>\n","protected":false},"excerpt":{"rendered":"Air Canada suspende todos sus vuelos por la huelga de auxiliares de cabina&nbsp;&nbsp;Expansi\u00f3n Air Canada suspende operaciones por&hellip;\n","protected":false},"author":2,"featured_media":51919,"comment_status":"","ping_status":"","sticky":false,"template":"","format":"standard","meta":{"footnotes":""},"categories":[80],"tags":[82,95,94,3632,25,24,23],"class_list":{"0":"post-51918","1":"post","2":"type-post","3":"status-publish","4":"format-standard","5":"has-post-thumbnail","7":"category-economia","8":"tag-business","9":"tag-economia","10":"tag-economy","11":"tag-empresas-transporte","12":"tag-es","13":"tag-espana","14":"tag-spain"},"share_on_mastodon":{"url":"","error":""},"_links":{"self":[{"href":"https:\/\/www.europesays.com\/es\/wp-json\/wp\/v2\/posts\/51918","targetHints":{"allow":["GET"]}}],"collection":[{"href":"https:\/\/www.europesays.com\/es\/wp-json\/wp\/v2\/posts"}],"about":[{"href":"https:\/\/www.europesays.com\/es\/wp-json\/wp\/v2\/types\/post"}],"author":[{"embeddable":true,"href":"https:\/\/www.europesays.com\/es\/wp-json\/wp\/v2\/users\/2"}],"replies":[{"embeddable":true,"href":"https:\/\/www.europesays.com\/es\/wp-json\/wp\/v2\/comments?post=51918"}],"version-history":[{"count":0,"href":"https:\/\/www.europesays.com\/es\/wp-json\/wp\/v2\/posts\/51918\/revisions"}],"wp:featuredmedia":[{"embeddable":true,"href":"https:\/\/www.europesays.com\/es\/wp-json\/wp\/v2\/media\/51919"}],"wp:attachment":[{"href":"https:\/\/www.europesays.com\/es\/wp-json\/wp\/v2\/media?parent=51918"}],"wp:term":[{"taxonomy":"category","embeddable":true,"href":"https:\/\/www.europesays.com\/es\/wp-json\/wp\/v2\/categories?post=51918"},{"taxonomy":"post_tag","embeddable":true,"href":"https:\/\/www.europesays.com\/es\/wp-json\/wp\/v2\/tags?post=51918"}],"curies":[{"name":"wp","href":"https:\/\/api.w.org\/{rel}","templated":true}]}}