{"id":519569,"date":"2026-04-27T05:26:20","date_gmt":"2026-04-27T05:26:20","guid":{"rendered":"https:\/\/www.europesays.com\/es\/519569\/"},"modified":"2026-04-27T05:26:20","modified_gmt":"2026-04-27T05:26:20","slug":"rafa-jodar-prolonga-su-estado-de-gracia-en-madrid-con-una-victoria-de-madrugada-ante-fonseca-tenis","status":"publish","type":"post","link":"https:\/\/www.europesays.com\/es\/519569\/","title":{"rendered":"Rafa J\u00f3dar prolonga su estado de gracia en Madrid con una victoria de madrugada ante Fonseca | Tenis"},"content":{"rendered":"<p class=\"loc\">Madrid<\/p>\n<p>Rafa J\u00f3dar tambi\u00e9n es el rey de la madrugada en este Mutua Madrid Open. Ganar a la una de la ma\u00f1ana es algo que no hab\u00eda ocurrido hasta la fecha en esta edici\u00f3n del torneo y quien lo ha conseguido es, como no pod\u00eda ser de otra forma, el tenista de Legan\u00e9s. A sus 19 a\u00f1os ya se hab\u00eda convertido en un aut\u00e9ntico fen\u00f3meno de masas durante el torneo <a href=\"https:\/\/cadenaser.com\/nacional\/2026\/04\/25\/dani-merida-la-sensacion-en-el-mutua-madrid-open-que-se-ha-ganado-al-publico-me-veo-muy-reflejado-en-los-valores-del-atletico-cadena-ser\/\" target=\"_blank\" rel=\"noreferrer nofollow noopener\" title=\"https:\/\/cadenaser.com\/nacional\/2026\/04\/25\/dani-merida-la-sensacion-en-el-mutua-madrid-open-que-se-ha-ganado-al-publico-me-veo-muy-reflejado-en-los-valores-del-atletico-cadena-ser\/\">\u2014con permiso del tambi\u00e9n espa\u00f1ol Dani M\u00e9rida\u2014<\/a> y esta victoria no para de confirmar su estatus cada vez que salta a la pista. En esta ocasi\u00f3n, en el mejor encuentro hasta la fecha por nombre y por nivel demostrado, J\u00f3dar se ha impuesto a Fonseca por 7-6(4), 4-6 y 6-1 en 2 horas y 8 minutos.<\/p>\n<p>El encuentro entre Rybakina y Zheng, con victoria para la kazaja por dos sets a uno, se extendi\u00f3 hasta pasadas las diez y media de la noche. Por este motivo, el primer punto entre Joao Fonseca y Rafa J\u00f3dar en la pista Manolo Santana \u2014la central de la Caja M\u00e1gica madrile\u00f1a\u2014 no lleg\u00f3 hasta las 22:50 horas.<\/p>\n<p>M\u00e1s informaci\u00f3n<\/p>\n<p>El primer set fue largu\u00edsimo entre el espa\u00f1ol y el brasile\u00f1o. Tanto, que roz\u00f3 la hora de duraci\u00f3n al tener que decidirse en el tie-break. Cay\u00f3 del lado del espa\u00f1ol desde el desempate por 7-4 despu\u00e9s de que los dos jugadores cedieran su servicio tan solo en una ocasi\u00f3n. Fonseca lleg\u00f3 a disponer de tres pelotas de break en el primer turno de saque de J\u00f3dar, pero el de Legan\u00e9s fue capaz de salvarlas. La \u00fanica de la que dispuso Rafa la aprovech\u00f3 para adelantarse por 2-3, pero un contrabreak de Fonseca mantuvo la igualdad en el parcial. As\u00ed las cosas, el set no pod\u00eda decidirse de otra forma que en el tie-break. Ah\u00ed fue m\u00e1s decisivo el espa\u00f1ol, que obtuvo una ventaja tempranera de 0-3 que no desaprovech\u00f3. La realidad es que, desde que es tenista profesional, ha jugado siete desempates y ha ganado seis de ellos. Palabras mayores. <\/p>\n<p>J\u00f3dar corta de ra\u00edz el &#8216;efecto Fonseca&#8217;<\/p>\n<p>Joao Fonseca complet\u00f3 un segundo set inmejorable. Le sali\u00f3 absolutamente todo al brasile\u00f1o y, cuando eso ocurre, solo se puede felicitar al rival. Algo as\u00ed debi\u00f3 pensar Rafa J\u00f3dar al ver el nivel de su adversario, nacido tambi\u00e9n en 2006, al otro lado de la red. Fonseca aprovech\u00f3 la \u00fanica bola de break de la que dispuso \u2014lleg\u00f3 en el primer juego\u2014 para mantener la ventaja y llevarse el segundo parcial de su lado por 6-4. Con 2-1 en el luminoso para el brasile\u00f1o, J\u00f3dar tuvo una, pero no la aprovech\u00f3. No le llegar\u00eda ninguna ocasi\u00f3n m\u00e1s, por lo que el enfrentamiento se tuvo que resolver en el \u00faltimo parcial. <\/p>\n<p>Nadie pudo creer lo que llegar\u00eda en el tercer set. Cuando m\u00e1s enchufado parec\u00eda estar Fonseca y m\u00e1s complicadas estar\u00edan las cosas para J\u00f3dar, el tercer set fue un monogr\u00e1fico para el jugador espa\u00f1ol. Tanto fue as\u00ed que, con 0-2 del lado del espa\u00f1ol, Fonseca enfureci\u00f3 y lo pag\u00f3 con su raqueta, llegando a golpearla contra el suelo varias veces. No le sal\u00eda nada al brasile\u00f1o porque, en apenas 20 minutos, el set ya estaba con un clarividente 0-4 para J\u00f3dar.<\/p>\n<p>El espa\u00f1ol, que lleg\u00f3 incluso a tener calambres, necesit\u00f3 de glucosa y unos cuidados especiales para que las dolencias que estaba notando en pista no fueran a m\u00e1s. Hay que recordar que en un mes ha ganado el ATP 250 de Marrakech, ha sido semifinalista en el God\u00f3 y, hasta la fecha, ha disputado tres partidos en el Mutua Madrid Open. Lejos de estar lesionado, se llev\u00f3 tambi\u00e9n el tercer set por 6-1 y certific\u00f3 as\u00ed su pase a los octavos de final. All\u00ed se ver\u00e1 las caras con el checo Kopriva con la figura de Jannik Sinner como posible rival en los cuartos del torneo espa\u00f1ol.<\/p>\n","protected":false},"excerpt":{"rendered":"Madrid Rafa J\u00f3dar tambi\u00e9n es el rey de la madrugada en este Mutua Madrid Open. Ganar a la&hellip;\n","protected":false},"author":2,"featured_media":519570,"comment_status":"","ping_status":"","sticky":false,"template":"","format":"standard","meta":{"footnotes":""},"categories":[274],"tags":[21399,102817,168,25,24,102818,102451,102819,48355,95359,23,167,327,326],"class_list":["post-519569","post","type-post","status-publish","format-standard","has-post-thumbnail","category-tenis","tag-action-shot","tag-april-24-2026","tag-deportes","tag-es","tag-espana","tag-la-caja-magica","tag-mens-singles","tag-miguel-reis","tag-mutua-madrid-open","tag-rafael-jodar","tag-spain","tag-sports","tag-tenis","tag-tennis"],"share_on_mastodon":{"url":"https:\/\/pubeurope.com\/@es\/116475015024362319","error":""},"_links":{"self":[{"href":"https:\/\/www.europesays.com\/es\/wp-json\/wp\/v2\/posts\/519569","targetHints":{"allow":["GET"]}}],"collection":[{"href":"https:\/\/www.europesays.com\/es\/wp-json\/wp\/v2\/posts"}],"about":[{"href":"https:\/\/www.europesays.com\/es\/wp-json\/wp\/v2\/types\/post"}],"author":[{"embeddable":true,"href":"https:\/\/www.europesays.com\/es\/wp-json\/wp\/v2\/users\/2"}],"replies":[{"embeddable":true,"href":"https:\/\/www.europesays.com\/es\/wp-json\/wp\/v2\/comments?post=519569"}],"version-history":[{"count":0,"href":"https:\/\/www.europesays.com\/es\/wp-json\/wp\/v2\/posts\/519569\/revisions"}],"wp:featuredmedia":[{"embeddable":true,"href":"https:\/\/www.europesays.com\/es\/wp-json\/wp\/v2\/media\/519570"}],"wp:attachment":[{"href":"https:\/\/www.europesays.com\/es\/wp-json\/wp\/v2\/media?parent=519569"}],"wp:term":[{"taxonomy":"category","embeddable":true,"href":"https:\/\/www.europesays.com\/es\/wp-json\/wp\/v2\/categories?post=519569"},{"taxonomy":"post_tag","embeddable":true,"href":"https:\/\/www.europesays.com\/es\/wp-json\/wp\/v2\/tags?post=519569"}],"curies":[{"name":"wp","href":"https:\/\/api.w.org\/{rel}","templated":true}]}}