{"id":51974,"date":"2025-08-16T18:43:07","date_gmt":"2025-08-16T18:43:07","guid":{"rendered":"https:\/\/www.europesays.com\/es\/51974\/"},"modified":"2025-08-16T18:43:07","modified_gmt":"2025-08-16T18:43:07","slug":"galbiati-ni-en-suenos-hubiera-imaginado-entrenar-tan-rapido-al-baskonia","status":"publish","type":"post","link":"https:\/\/www.europesays.com\/es\/51974\/","title":{"rendered":"Galbiati: \u00abNi en sue\u00f1os hubiera imaginado entrenar tan r\u00e1pido al Baskonia\u00bb"},"content":{"rendered":"<p>Paolo Galbiati (Vimercate, 1984) se pondr\u00e1 el pr\u00f3ximo 27 de agosto al frente del Baskonia. El nuevo inquilino del banquillo azulgrana, que firma hasta 2027  &#8230; en sustituci\u00f3n de Pablo Laso, ha concedido una entrevista al &#8216;Quotidiano Sportivo&#8217; en la que ha desgranado su fichaje por el conjunto vitoriano y c\u00f3mo espera que sea su aventura en el Buesa Arena.<\/p>\n<p class=\"v-p\">\u00abNo es s\u00f3lo ir al extranjero, es ir al Baskonia. Ni en sue\u00f1os hubiera imaginado lograrlo tan r\u00e1pido, pero aqu\u00ed estoy. Es maravilloso y un reto entrenar fuera de Italia. Muchos compa\u00f1eros me dicen que es una forma diferente de vivir la profesi\u00f3n. Te juzgan \u00fanicamente por tu trabajo. Irte es incre\u00edblemente dif\u00edcil. Ahora me doy cuenta de cu\u00e1ntas comodidades echar\u00e9 de menos, pero me marcho con una maleta llena de sue\u00f1os y mariposas en el est\u00f3mago\u00bb, ha confeso Galbiati, que ha detallado por qu\u00e9 cree que fue contratado por el Baskonia.<\/p>\n<p>\u00abQueremos que los jugadores est\u00e9n en la mejor forma posible, sobre todo teniendo en cuenta el estilo de rotaci\u00f3n acelerada que quiero implementar\u00bb<\/p>\n<p class=\"v-a-pst__p\">\nPaolo Galbiati\n<\/p>\n<p class=\"v-a-pst__j\">\nEntrenador del Baskonia\n<\/p>\n<p class=\"v-p\">\u00abCreo que los conquist\u00e9 con mi estilo de juego. Espero que reconocieran tambi\u00e9n mis ganas de crecer, de rendir bien y de disfrutar cada momento de esta aventura. Desarrollar jugadores es una de las cosas que m\u00e1s disfruto. Y despu\u00e9s, como es l\u00f3gico, los resultados tambi\u00e9n contar\u00e1n\u00bb, ha apuntado el italiano, que anticipa c\u00f3mo quiere que sea su primera temporada en Vitoria.<\/p>\n<p class=\"v-p\">\u00abEmpezamos con 72 partidos entre Liga y Euroliga sabiendo que queremos jugar muchos m\u00e1s. Hemos definido nuestras ideas, m\u00e9todos de trabajo y gesti\u00f3n del tiempo de juego, pero sabemos que la temporada lo cambiar\u00e1 todo. Queremos que los jugadores est\u00e9n en la mejor forma posible, sobre todo teniendo en cuenta el estilo de rotaci\u00f3n acelerada que quiero implementar\u00bb, ha destacado Galbiati, poniendo en valor al estructura del club y a Vitoria.<\/p>\n<p>\u00abEl Baskonia es un equipo agresivo que sabe encarnar el &#8216;Car\u00e1cter Baskonia&#8217;, el lema que se lee en la puerta del pabell\u00f3n. El pueblo vasco es muy orgulloso, duro y combativo. Me gustar\u00eda que mi Baskonia fuera igual de fuerte\u00bb<\/p>\n<p class=\"v-a-pst__p\">\nPaolo Galbiati\n<\/p>\n<p class=\"v-a-pst__j\">\nEntrenador del Baskonia\n<\/p>\n<p class=\"v-p\">\u00abLas instalaciones son impresionantes, el Buesa Arena es fant\u00e1stico y el centro de centro de entrenamiento es un lugar especial. M\u00e1s all\u00e1 del baloncesto, la ciudad es muy limpia y tienen un gran respeto por su tierra\u00bb, ha detallado el preparador, que llega al club sabiendo cu\u00e1l es su idiosincrasia. \u00abEl Baskonia es un equipo agresivo que sabe encarnar el &#8216;Car\u00e1cter Baskonia&#8217;, el lema que se lee en la puerta del pabell\u00f3n. El pueblo vasco es muy orgulloso, duro y combativo. Me gustar\u00eda que mi Baskonia fuera igual de fuerte\u00bb, avisa Galbiati.<\/p>\n","protected":false},"excerpt":{"rendered":"Paolo Galbiati (Vimercate, 1984) se pondr\u00e1 el pr\u00f3ximo 27 de agosto al frente del Baskonia. El nuevo inquilino&hellip;\n","protected":false},"author":2,"featured_media":51975,"comment_status":"","ping_status":"","sticky":false,"template":"","format":"standard","meta":{"footnotes":""},"categories":[269],"tags":[299,298,4714,168,19324,25,24,17490,22942,11237,23,167,12108],"class_list":{"0":"post-51974","1":"post","2":"type-post","3":"status-publish","4":"format-standard","5":"has-post-thumbnail","7":"category-baloncesto","8":"tag-baloncesto","9":"tag-basketball","10":"tag-baskonia","11":"tag-deportes","12":"tag-entrenar","13":"tag-es","14":"tag-espana","15":"tag-galbiati","16":"tag-imaginado","17":"tag-rapido","18":"tag-spain","19":"tag-sports","20":"tag-suenos"},"share_on_mastodon":{"url":"","error":""},"_links":{"self":[{"href":"https:\/\/www.europesays.com\/es\/wp-json\/wp\/v2\/posts\/51974","targetHints":{"allow":["GET"]}}],"collection":[{"href":"https:\/\/www.europesays.com\/es\/wp-json\/wp\/v2\/posts"}],"about":[{"href":"https:\/\/www.europesays.com\/es\/wp-json\/wp\/v2\/types\/post"}],"author":[{"embeddable":true,"href":"https:\/\/www.europesays.com\/es\/wp-json\/wp\/v2\/users\/2"}],"replies":[{"embeddable":true,"href":"https:\/\/www.europesays.com\/es\/wp-json\/wp\/v2\/comments?post=51974"}],"version-history":[{"count":0,"href":"https:\/\/www.europesays.com\/es\/wp-json\/wp\/v2\/posts\/51974\/revisions"}],"wp:featuredmedia":[{"embeddable":true,"href":"https:\/\/www.europesays.com\/es\/wp-json\/wp\/v2\/media\/51975"}],"wp:attachment":[{"href":"https:\/\/www.europesays.com\/es\/wp-json\/wp\/v2\/media?parent=51974"}],"wp:term":[{"taxonomy":"category","embeddable":true,"href":"https:\/\/www.europesays.com\/es\/wp-json\/wp\/v2\/categories?post=51974"},{"taxonomy":"post_tag","embeddable":true,"href":"https:\/\/www.europesays.com\/es\/wp-json\/wp\/v2\/tags?post=51974"}],"curies":[{"name":"wp","href":"https:\/\/api.w.org\/{rel}","templated":true}]}}