{"id":519774,"date":"2026-04-27T08:20:09","date_gmt":"2026-04-27T08:20:09","guid":{"rendered":"https:\/\/www.europesays.com\/es\/519774\/"},"modified":"2026-04-27T08:20:09","modified_gmt":"2026-04-27T08:20:09","slug":"la-malaria-condiciono-como-se-expandieron-los-primeros-humanos-en-africa-servimedia","status":"publish","type":"post","link":"https:\/\/www.europesays.com\/es\/519774\/","title":{"rendered":"La malaria condicion\u00f3 c\u00f3mo se expandieron los primeros humanos en \u00c1frica &#8211; Servimedia"},"content":{"rendered":"<ol>\n<li><a href=\"https:\/\/news.google.com\/rss\/articles\/CBMiqAFBVV95cUxNTkVXX0lXQmNVcmFrVGRRMlZBcnJfYkl3elNzZGFuajVTVDZ1NWgzdFp1dk0wSGR0MWxWTUpXY1JyeTJXSG51Y0ktOHdaWXkzUW82VHoxcmxYTl9zZUhGalN4YXZSQzlmSDlxR1cxVzhEYktuOHZlaU5rb2FkZ2Y0T2JQZ2Z4cnBnLXlVdHF5WmgySmgyNGNhaE5ZUnRMdDJqYjBnVVBSc2E?oc=5\" target=\"_blank\" rel=\"nofollow noopener\">La malaria condicion\u00f3 c\u00f3mo se expandieron los primeros humanos en \u00c1frica<\/a>&nbsp;&nbsp;Servimedia<\/li>\n<li><a href=\"https:\/\/news.google.com\/rss\/articles\/CBMivgFBVV95cUxQUlNnM3JsM2ZEZEFlYkRGOEhGMmFuZW1pdmVVeWFRQkF4TVlBUUZXZDUwWWhtVU15OHVoeTMtTDBhU2lsUGxES1pGcXVmbTM3dkFOb3dWdWlsX09IT0RMVHBvcmZFaWlFRGNWdFA5WndwLXM2enZHdFBzWFZIV2VSWG1uTWQ5NHYzVlllQnJOMjNUdlJpRlNkOWEwODI2c29BWGh4MGNTUGJwSjRiaFhqZXE4MVpFRVpYVktvWUl3?oc=5\" target=\"_blank\" rel=\"nofollow noopener\">As\u00ed es como la malaria ha controlado a la humanidad desde hace 74.000 a\u00f1os<\/a>&nbsp;&nbsp;elDiario.es<\/li>\n<li><a href=\"https:\/\/news.google.com\/rss\/articles\/CBMiiAFBVV95cUxNOGg4TFhZZDZGSTJCRmQ4V1lQRWw5ZVpzSUl3SEZyZ2tBYlNBeEpWSEZIMWRtQlUybi1vaFprdHpqMlpqdWNQYVlVTTQxZ0oyZG5odm44OExuQXBlUm41VVROZk5mTi1ST2pEWUtRb3BMR0NSYW00alhZVW42NWNReVlMeHpENTNB?oc=5\" target=\"_blank\" rel=\"nofollow noopener\">Un antiguo asesino dict\u00f3 silenciosamente d\u00f3nde pod\u00edan sobrevivir los primeros humanos en \u00c1frica<\/a>&nbsp;&nbsp;Meteored Espa\u00f1a<\/li>\n<li><a href=\"https:\/\/news.google.com\/rss\/articles\/CBMipwFBVV95cUxPVXV1dzVrYzBnV08zVG9VaGJkb3dySXpucXY3UGs4c0duZl9jSnpJTy11SklxMldmVVRKZVlPV2xXbFd6UlNoWVR3ZzR6Z2NvdmhmZWJyTXkzeXgyN3VlYXRoM1MxUTJYREIteHMwRnhNRkktZU1ZQmJhVU9YS29zdWtuVHNFOXEzcDA5d2xNZl9ybnZvVmdVNXo0R29FTGhITnpOLTVLbw?oc=5\" target=\"_blank\" rel=\"nofollow noopener\">La malaria condicion\u00f3 la expansi\u00f3n de los primeros humanos en \u00c1frica<\/a>&nbsp;&nbsp;Sinc<\/li>\n<li><a href=\"https:\/\/news.google.com\/rss\/articles\/CBMiuAFBVV95cUxQa0hnRGQzS3FPOVU1UGpnZ21RY0dUNWpFcm5Cb0xUQmV2cjd6RU56NDZKNlRQWWhhQl80eHg4dVE3TzJ3Z1RzVGQwcTFpUnJKLXFVaXR5T3hkZGlzWm5Fa3llQUM1SDlnY0dTU0JmUE9oMnVtZG1uREhNOTUyMHo0RlpDOTdpY1ktelg0cWdRakhqY3QwaFlRbG4tT2dJMzJudUJoVUJtX1ZXc1RsbC16cXZoeFR0WEx3?oc=5\" target=\"_blank\" rel=\"nofollow noopener\">La malaria determin\u00f3 la distribuci\u00f3n de las primeras poblaciones humanas<\/a>&nbsp;&nbsp;El Peri\u00f3dico<\/li>\n<\/ol>\n","protected":false},"excerpt":{"rendered":"La malaria condicion\u00f3 c\u00f3mo se expandieron los primeros humanos en \u00c1frica&nbsp;&nbsp;Servimedia As\u00ed es como la malaria ha controlado&hellip;\n","protected":false},"author":2,"featured_media":499006,"comment_status":"","ping_status":"","sticky":false,"template":"","format":"standard","meta":{"footnotes":""},"categories":[92],"tags":[5404,25,24,1292,165,2219,102840,166,492,23],"class_list":["post-519774","post","type-post","status-publish","format-standard","has-post-thumbnail","category-salud","tag-africa","tag-es","tag-espana","tag-estudio","tag-health","tag-malaria","tag-primeros-humanos","tag-salud","tag-sociedad","tag-spain"],"share_on_mastodon":{"url":"https:\/\/pubeurope.com\/@es\/116475699340255481","error":""},"_links":{"self":[{"href":"https:\/\/www.europesays.com\/es\/wp-json\/wp\/v2\/posts\/519774","targetHints":{"allow":["GET"]}}],"collection":[{"href":"https:\/\/www.europesays.com\/es\/wp-json\/wp\/v2\/posts"}],"about":[{"href":"https:\/\/www.europesays.com\/es\/wp-json\/wp\/v2\/types\/post"}],"author":[{"embeddable":true,"href":"https:\/\/www.europesays.com\/es\/wp-json\/wp\/v2\/users\/2"}],"replies":[{"embeddable":true,"href":"https:\/\/www.europesays.com\/es\/wp-json\/wp\/v2\/comments?post=519774"}],"version-history":[{"count":0,"href":"https:\/\/www.europesays.com\/es\/wp-json\/wp\/v2\/posts\/519774\/revisions"}],"wp:featuredmedia":[{"embeddable":true,"href":"https:\/\/www.europesays.com\/es\/wp-json\/wp\/v2\/media\/499006"}],"wp:attachment":[{"href":"https:\/\/www.europesays.com\/es\/wp-json\/wp\/v2\/media?parent=519774"}],"wp:term":[{"taxonomy":"category","embeddable":true,"href":"https:\/\/www.europesays.com\/es\/wp-json\/wp\/v2\/categories?post=519774"},{"taxonomy":"post_tag","embeddable":true,"href":"https:\/\/www.europesays.com\/es\/wp-json\/wp\/v2\/tags?post=519774"}],"curies":[{"name":"wp","href":"https:\/\/api.w.org\/{rel}","templated":true}]}}