{"id":51984,"date":"2025-08-16T18:49:10","date_gmt":"2025-08-16T18:49:10","guid":{"rendered":"https:\/\/www.europesays.com\/es\/51984\/"},"modified":"2025-08-16T18:49:10","modified_gmt":"2025-08-16T18:49:10","slug":"paul-mccartney-exhiben-fotografias-que-tomo-en-sus-anos-con-the-beatles-ultimas-luces","status":"publish","type":"post","link":"https:\/\/www.europesays.com\/es\/51984\/","title":{"rendered":"Paul McCartney: Exhiben fotograf\u00edas que tom\u00f3 en sus a\u00f1os con The Beatles | \u00daltimas | LUCES"},"content":{"rendered":"<p itemprop=\"description\" class=\"story-contents__font-paragraph \"><b>Una exposici\u00f3n de fotograf\u00edas tomadas por el cantante brit\u00e1nico <\/b><a itemprop=\"url\" href=\"https:\/\/elcomercio.pe\/noticias\/paul-mccartney\/\" target=\"_blank\" rel=\"noreferrer nofollow noopener\" title=\"https:\/\/elcomercio.pe\/noticias\/paul-mccartney\/\"><b>Paul McCartney<\/b><\/a><b> durante los a\u00f1os 60, en sus inicios en la banda \u2018<\/b><a itemprop=\"url\" href=\"https:\/\/elcomercio.pe\/noticias\/the-beatles\/\" target=\"_blank\" rel=\"noreferrer nofollow noopener\" title=\"https:\/\/elcomercio.pe\/noticias\/the-beatles\/\"><b>The Beatles<\/b><\/a><b>\u2019, se inaugura este 28 de agosto en Londres.<\/b><\/p>\n<p itemprop=\"description\" class=\"story-contents__font-paragraph \">La muestra<b> \u2018Espejo Retrovisor: Liverpool-Londres-Par\u00eds\u2019<\/b>, disponible hasta el pr\u00f3ximo 4 de octubre en la galer\u00eda Gagosian de la capital brit\u00e1nica, <b>narra la historia de McCartney y ofrece \u201cun relato \u00edntimo\u201d de los primeros pasos de la banda entre 1963<\/b> y principios de febrero de 1964.<\/p>\n<p itemprop=\"description\" class=\"story-contents__font-paragraph \">Cada una de las fotograf\u00edas, una mezcla de fotogramas individuales y obras de m\u00faltiples im\u00e1genes, <b>est\u00e1n tomadas por la c\u00e1mara Pentax de 35 mil\u00edmetros del cantante de Liverpool y suponen una \u201ccontribuci\u00f3n singular\u201d al registro visual de la d\u00e9cada de 196<\/b>0, indic\u00f3 este lunes Gagosian en un comunicado.<\/p>\n<blockquote class=\"story-contents__blockquote\"><p><b>CONOCE M\u00c1S: <\/b><a href=\"https:\/\/elcomercio.pe\/luces\/musica\/paul-mccartney-aterrizo-en-lima-el-dia-que-no-fue-un-beatle-y-paseo-en-bicicleta-por-el-malecon-de-miraflores-notfds-noticia\/\" rel=\"nofollow noopener\" target=\"_blank\"><b>Paul McCartney en Lima: la vez que no fue un \u2018Beatle\u2019 y fue en bicicleta por el malec\u00f3n de Miraflores<\/b><\/a><\/p><\/blockquote>\n<p><b>\u00bfQu\u00e9 muestra la exposici\u00f3n de Paul McCartney?<\/b><\/p>\n<p itemprop=\"description\" class=\"story-contents__font-paragraph \">La selecci\u00f3n de im\u00e1genes muestra los <b>\u201cmomentos intermedios vinculados a eventos claves\u201d<\/b> de la trayectoria de The Beatles, como su primera gira por el Reino Unido como cabezas de cartel en 1963 o su <b>residencia de tres semanas en el Teatro Olympia de Par\u00eds antes de debutar en los Estados Unidos.<\/b><\/p>\n<p itemprop=\"description\" class=\"story-contents__font-paragraph \">El propio McCartney es el fot\u00f3grafo, <b>pero en algunas im\u00e1genes tambi\u00e9n es el protagonista junto al resto de sus compa\u00f1eros de \u2018The Beatles\u2019<\/b> (George Harrison, John Lennon y Ringo Starr) o los seguidores ac\u00e9rrimos de la banda, que a trav\u00e9s del objetivo del cantante brit\u00e1nico hacen patente la denominada \u201cBeatleman\u00eda\u201d que despertaron los cuatro de <b>Liverpool.<\/b><\/p>\n<p itemprop=\"description\" class=\"story-contents__font-paragraph \"><b>Un enigm\u00e1tico autorretrato muestra a McCartney reflejado en el espejo de un \u00e1tico <\/b>donde so\u00f1\u00f3 la melod\u00eda de \u2018Yesterday\u2019, en la casa familiar londinense de su entonces novia,<b> Jane Asher<\/b>, mientras que la camarader\u00eda y la serenidad del grupo se plasman en evocadoras escenas entre bastidores en distintas salas de concierto de la capital brit\u00e1nica.<\/p>\n<p><img loading=\"lazy\" src=\"https:\/\/www.europesays.com\/es\/wp-content\/uploads\/2025\/08\/P2NFIUUOZ5GVLBLJD6FQGBSJHM.jpg\" alt=\"(ARCHIVOS) La banda inglesa The Beatles, con, de izquierda a derecha, John Lennon, Ringo Starr, Paul McCartney y George Harrison, llega al Aeropuerto John F. Kennedy en Nueva York, Estados Unidos, donde son recibidos por una multitud el 7 de febrero de 1964. | Foto: AFP\" decoding=\"async\" class=\"lazy story-contents__image w-full o-cover\" style=\"--aspect-ratio:1024\/756\" width=\"1024\" height=\"756\"\/><\/p>\n<p>(ARCHIVOS) La banda inglesa The Beatles, con, de izquierda a derecha, John Lennon, Ringo Starr, Paul McCartney y George Harrison, llega al Aeropuerto John F. Kennedy en Nueva York, Estados Unidos, donde son recibidos por una multitud el 7 de febrero de 1964. | Foto: AFP<\/p>\n<blockquote class=\"story-contents__blockquote\"><p><b>M\u00c1S INFORMACI\u00d3N: <\/b><a href=\"https:\/\/elcomercio.pe\/mag\/fama\/celebs\/una-verdadera-fan-beyonce-y-su-agradecimiento-a-paul-mccartney-por-escribir-una-de-las-mejores-canciones-jamas-hechas-celebs-nnda-nnrt-noticia\/\" rel=\"nofollow noopener\" target=\"_blank\"><b>Una verdadera fan: Beyonc\u00e9 y su agradecimiento a Paul McCartney \u201cpor escribir una de las mejores canciones jam\u00e1s hechas\u201d<\/b><\/a><\/p><\/blockquote>\n<p itemprop=\"description\" class=\"story-contents__font-paragraph \">Seg\u00fan explica Gagosian, las fotograf\u00edas han sido<b> \u201cremasterizadas a partir de negativos y copias por contacto originales que se creyeron perdidas durante m\u00e1s de medio siglo\u201d<\/b> y cada una de ellas ha sido firmada por McCartney.<\/p>\n<p itemprop=\"description\" class=\"story-contents__font-paragraph \"><b>\u2018Espejo Retrovisor: Liverpool-Londres-Par\u00eds\u2019 <\/b>coincidir\u00e1 asimismo con la exposici\u00f3n itinerante<b> \u2018Fotograf\u00edas de Paul McCartney 1963-64: Ojos de Tormenta\u2019<\/b>, que se inaugur\u00f3 en 2023 en la <b>National Portrait Gallery de Londres <\/b>y se exhibe actualmente en el <b>Museo de Bellas Artes de Young<\/b>, en San Francisco (EE.UU.), hasta el 5 de octubre. <\/p>\n<p><b>VIDEO RECOMENDADO:<\/b><\/p>\n","protected":false},"excerpt":{"rendered":"Una exposici\u00f3n de fotograf\u00edas tomadas por el cantante brit\u00e1nico Paul McCartney durante los a\u00f1os 60, en sus inicios&hellip;\n","protected":false},"author":2,"featured_media":51985,"comment_status":"","ping_status":"","sticky":false,"template":"","format":"standard","meta":{"footnotes":""},"categories":[170],"tags":[22949,22948,22950,22946,146,147,25,24,22945,22944,20859,1238,7228,22947,184,185,9030,23,6620],"class_list":{"0":"post-51984","1":"post","2":"type-post","3":"status-publish","4":"format-standard","5":"has-post-thumbnail","7":"category-musica","8":"tag-cuando-y-donde-se-exhiben-las-fotos-ineditas-de-paul-mccartney-de-los-anos-60","9":"tag-que-momentos-de-the-beatles-inmortalizo-paul-mccartney-con-su-camara-pentax","10":"tag-que-revela-la-exposicion-espejo-retrovisor-liverpool-londres-paris","11":"tag-camara-pentax","12":"tag-entertainment","13":"tag-entretenimiento","14":"tag-es","15":"tag-espana","16":"tag-espejo-retrovisor-liverpool-londres-paris","17":"tag-gagosian","18":"tag-galeria-gagosian","19":"tag-liverpool","20":"tag-londres","21":"tag-museo-de-bellas-artes-de-young","22":"tag-music","23":"tag-musica","24":"tag-paul-mccartney","25":"tag-spain","26":"tag-the-beatles"},"share_on_mastodon":{"url":"","error":""},"_links":{"self":[{"href":"https:\/\/www.europesays.com\/es\/wp-json\/wp\/v2\/posts\/51984","targetHints":{"allow":["GET"]}}],"collection":[{"href":"https:\/\/www.europesays.com\/es\/wp-json\/wp\/v2\/posts"}],"about":[{"href":"https:\/\/www.europesays.com\/es\/wp-json\/wp\/v2\/types\/post"}],"author":[{"embeddable":true,"href":"https:\/\/www.europesays.com\/es\/wp-json\/wp\/v2\/users\/2"}],"replies":[{"embeddable":true,"href":"https:\/\/www.europesays.com\/es\/wp-json\/wp\/v2\/comments?post=51984"}],"version-history":[{"count":0,"href":"https:\/\/www.europesays.com\/es\/wp-json\/wp\/v2\/posts\/51984\/revisions"}],"wp:featuredmedia":[{"embeddable":true,"href":"https:\/\/www.europesays.com\/es\/wp-json\/wp\/v2\/media\/51985"}],"wp:attachment":[{"href":"https:\/\/www.europesays.com\/es\/wp-json\/wp\/v2\/media?parent=51984"}],"wp:term":[{"taxonomy":"category","embeddable":true,"href":"https:\/\/www.europesays.com\/es\/wp-json\/wp\/v2\/categories?post=51984"},{"taxonomy":"post_tag","embeddable":true,"href":"https:\/\/www.europesays.com\/es\/wp-json\/wp\/v2\/tags?post=51984"}],"curies":[{"name":"wp","href":"https:\/\/api.w.org\/{rel}","templated":true}]}}