{"id":51988,"date":"2025-08-16T18:51:19","date_gmt":"2025-08-16T18:51:19","guid":{"rendered":"https:\/\/www.europesays.com\/es\/51988\/"},"modified":"2025-08-16T18:51:19","modified_gmt":"2025-08-16T18:51:19","slug":"januzaj-se-gana-una-nueva-oportunidad-con-almeyda","status":"publish","type":"post","link":"https:\/\/www.europesays.com\/es\/51988\/","title":{"rendered":"Januzaj se gana una nueva oportunidad con Almeyda"},"content":{"rendered":"<p>El belga, que ya aparece inscrito en LaLiga, se ha rebajado su salario y puede viajar a Bilbao<\/p>\n<p><img fetchpriority=\"high\" class=\"voc-img\" src=\"https:\/\/www.europesays.com\/es\/wp-content\/uploads\/2025\/08\/1499105018_20250816165941-R5nhWdXzmaRwwPh3VQBP69L-1200x840@diario_abc.jpg\" loading=\"eager\" decoding=\"async\" alt=\"Januzaj, en un entrenamiento del Sevilla\" width=\"1200\" height=\"840\"\/><\/p>\n<p>Januzaj, en un entrenamiento del Sevilla    v\u00edctor rodr\u00edguez  <\/p>\n<p><img decoding=\"async\" class=\"voc-author__img\" src=\"https:\/\/www.europesays.com\/es\/wp-content\/uploads\/2025\/08\/autor-4184-foto-7.png\" alt=\"Candela V\u00e1zquez\"\/><\/p>\n<p>16\/08\/2025<br \/>\n<br \/><strong><br \/>\nActualizado a las 17:32h.<br \/>\n<\/strong><\/p>\n<p class=\"voc-p\" style=\"\">No s\u00f3lo Akor Adams estar\u00e1 a disposici\u00f3n de Mat\u00edas Almeyda para el encuentro en Bilbao, sino que <strong>LaLiga acaba de hacer oficial la inscripci\u00f3n de Adnan Januzaj<\/strong>, una decisi\u00f3n sorpresa que est\u00e1 relacionada con el excelente comportamiento del belga en los entrenamientos y tambi\u00e9n por un acuerdo para rebajar su salario y adaptarse a los par\u00e1metros necesarios para el <strong>Sevilla FC<\/strong>.<\/p>\n<p class=\"voc-p\" style=\"\">El entrenador argentino apart\u00f3 a Januzaj de las convocatorias como tambi\u00e9n realizase con Rafa Mir y \u00c1lvaro Fern\u00e1ndez. Una decisi\u00f3n con influencia del club, a la que el belga le ha dado la vuelta con el trabajo diario. <strong>Esa actitud positiva del extremo ha provocado que Almeyda le conceda una nueva oportunidad<\/strong>, una cuesti\u00f3n que tambi\u00e9n ha necesitado de un acuerdo con la entidad.<\/p>\n<p class=\"voc-p\" style=\"\">As\u00ed, la direcci\u00f3n de f\u00fatbol le transmiti\u00f3 al belga que si quer\u00eda quedarse en la plantilla <strong>deb\u00eda rebajar su salario ostensiblemente<\/strong>, ya que ser\u00eda la \u00fanica manera de cuadrar los n\u00fameros. Tras el s\u00ed de Januzaj a estas nuevas condiciones, el club ha tramitado su licencia y el extremo estar\u00e1 disponible para ser incluido en la expedici\u00f3n a Bilbao.<\/p>\n<p class=\"voc-p\" style=\"\"><strong>Januzaj se toma este nuevo reto como una oportunidad para desquitarse de sus malos a\u00f1os en el Sevilla<\/strong>, a la vez que tambi\u00e9n esa rebaja salarial ayuda tanto al club como a otros compa\u00f1eros para el asunto clave de las inscripciones. La buena predisposici\u00f3n del belga y el deseo de Almeyda de recuperarlo han sido la mezcla definitiva para este cambio de decisi\u00f3n que devuelve a Januzaj a la plantilla sevillista.<\/p>\n<p>Reportar un error<\/p>\n","protected":false},"excerpt":{"rendered":"El belga, que ya aparece inscrito en LaLiga, se ha rebajado su salario y puede viajar a Bilbao&hellip;\n","protected":false},"author":2,"featured_media":51989,"comment_status":"","ping_status":"","sticky":false,"template":"","format":"standard","meta":{"footnotes":""},"categories":[93],"tags":[1364,168,25,24,4355,21930,795,2082,1171,23,167],"class_list":{"0":"post-51988","1":"post","2":"type-post","3":"status-publish","4":"format-standard","5":"has-post-thumbnail","7":"category-deportes","8":"tag-almeyda","9":"tag-deportes","10":"tag-es","11":"tag-espana","12":"tag-gana","13":"tag-januzaj","14":"tag-nueva","15":"tag-oportunidad","16":"tag-sevilla","17":"tag-spain","18":"tag-sports"},"share_on_mastodon":{"url":"","error":""},"_links":{"self":[{"href":"https:\/\/www.europesays.com\/es\/wp-json\/wp\/v2\/posts\/51988","targetHints":{"allow":["GET"]}}],"collection":[{"href":"https:\/\/www.europesays.com\/es\/wp-json\/wp\/v2\/posts"}],"about":[{"href":"https:\/\/www.europesays.com\/es\/wp-json\/wp\/v2\/types\/post"}],"author":[{"embeddable":true,"href":"https:\/\/www.europesays.com\/es\/wp-json\/wp\/v2\/users\/2"}],"replies":[{"embeddable":true,"href":"https:\/\/www.europesays.com\/es\/wp-json\/wp\/v2\/comments?post=51988"}],"version-history":[{"count":0,"href":"https:\/\/www.europesays.com\/es\/wp-json\/wp\/v2\/posts\/51988\/revisions"}],"wp:featuredmedia":[{"embeddable":true,"href":"https:\/\/www.europesays.com\/es\/wp-json\/wp\/v2\/media\/51989"}],"wp:attachment":[{"href":"https:\/\/www.europesays.com\/es\/wp-json\/wp\/v2\/media?parent=51988"}],"wp:term":[{"taxonomy":"category","embeddable":true,"href":"https:\/\/www.europesays.com\/es\/wp-json\/wp\/v2\/categories?post=51988"},{"taxonomy":"post_tag","embeddable":true,"href":"https:\/\/www.europesays.com\/es\/wp-json\/wp\/v2\/tags?post=51988"}],"curies":[{"name":"wp","href":"https:\/\/api.w.org\/{rel}","templated":true}]}}