{"id":519922,"date":"2026-04-27T10:33:20","date_gmt":"2026-04-27T10:33:20","guid":{"rendered":"https:\/\/www.europesays.com\/es\/519922\/"},"modified":"2026-04-27T10:33:20","modified_gmt":"2026-04-27T10:33:20","slug":"isabelle-junot-paseando-con-su-recien-nacida-y-su-madre","status":"publish","type":"post","link":"https:\/\/www.europesays.com\/es\/519922\/","title":{"rendered":"Isabelle Junot paseando con su reci\u00e9n nacida y su madre"},"content":{"rendered":"<p id=\"e9Gwd_uuTjf\" data-wc=\"78\"><strong>Isabelle Junot\u00a0<\/strong>atraviesa una etapa especialmente dulce tras <a class=\"hm-link ho-link\" href=\"https:\/\/www.hola.com\/actualidad\/20260421897030\/isabelle-junot-primeras-imagenes-segunda-hija-nombre\/\" data-mrf-recirculation=\"article-body-link\" rel=\"nofollow noopener\" target=\"_blank\">el nacimiento de su segunda hija, Simona<\/a>, que vino al mundo el pasado 14 de abril. Apenas unos d\u00edas despu\u00e9s de dar a luz y de abandonar el hospital con su hija en brazos, la marquesa de Cubas ha retomado <strong>su rutina diaria con normalidad<\/strong> y este fin de semana disfrut\u00f3 de <strong>un entra\u00f1able paseo familiar junto a su madre, Nina Wendelboe-Larsen<\/strong>, por las inmediaciones de su domicilio en Madrid.<\/p>\n<p> <img src=\"https:\/\/www.europesays.com\/es\/wp-content\/uploads\/2026\/04\/9c4fc639cc9a-actualisabeljunotninajunotsimonaphilippafamilia20-ok.jpg\"   width=\"1024\" height=\"819\" loading=\"lazy\" decoding=\"async\" alt=\"Media Image\" fetchpriority=\"auto\" class=\"image ho-image\"\/>\u00a9 ACTUAL<\/p>\n<p id=\"ePcb5F-1sX3\" data-wc=\"57\">La mujer de \u00c1lvaro Falc\u00f3 y su madre, <strong>acompa\u00f1adas tambi\u00e9n por las dos peque\u00f1as -la beb\u00e9 reci\u00e9n nacida Simona, de apenas 13 d\u00edas, y<\/strong><a class=\"hm-link ho-link\" href=\"https:\/\/www.hola.com\/actualidad\/20231118243715\/isabelle-junot-desvela-parecido-hija-philippa\/\" data-mrf-recirculation=\"article-body-link\" rel=\"nofollow noopener\" target=\"_blank\"> la primog\u00e9nita Philippa,\u00a0que en junio cumplir\u00e1 3 a\u00f1os<\/a>-, salieron a disfrutar de una tranquila ma\u00f1ana al aire libre. Junto a ellas, caminaban <strong>sus tres mascotas,<\/strong> que aportaron m\u00e1s encanto a la escena.\u00a0<\/p>\n<p> <img src=\"https:\/\/www.europesays.com\/es\/wp-content\/uploads\/2026\/04\/0a16d3f379f4-actualisabeljunotninajunotsimonaphilippafamilia39-ok.jpg\"   width=\"1080\" height=\"1800\" loading=\"lazy\" decoding=\"async\" alt=\"Media Image\" fetchpriority=\"auto\" class=\"image ho-image\"\/>\u00a9 ACTUAL<\/p>\n<p> <img src=\"https:\/\/www.europesays.com\/es\/wp-content\/uploads\/2026\/04\/aa3f981aee85-actualisabeljunotninajunotsimonaphilippafamilia9.jpg\"   width=\"1080\" height=\"1800\" loading=\"lazy\" decoding=\"async\" alt=\"Media Image\" fetchpriority=\"auto\" class=\"image ho-image\"\/>\u00a9 ACTUAL<\/p>\n<p id=\"e908fHXqWFz\" data-wc=\"130\">Todos se dirigieron a un parque cercano, donde compartieron <strong>escenas de lo m\u00e1s cotidianas y tiernas de una familia feliz<\/strong>. Mientras Nina, exmodelo de origen dan\u00e9s que adopt\u00f3 el apellido Junot tras casarse con Philippe Junot cuando ten\u00eda 24 a\u00f1os, se encargaba de columpiar a su nieta mayor, Isabelle aprovechaba para atender a la peque\u00f1a Simona, d\u00e1ndole de comer su biber\u00f3n con la dulzura y naturalidad de esos primeros d\u00edas siendo madre de dos. La feliz mam\u00e1, vestida con un conjunto muy primaveral, un vestido suelto en color blanco con flores bordadas, miraba embelesada a su peque\u00f1a reci\u00e9n nacida, pero tampoco quitaba la vista de su hija mayor, a quien tambi\u00e9n colmaba de atenciones y aplaud\u00eda entusiasmada cada uno de sus logros y lo alto que &#8216;volaba&#8217; en el columpio.\u00a0<\/p>\n<p> <img src=\"https:\/\/www.europesays.com\/es\/wp-content\/uploads\/2026\/04\/b42121cf0006-actualisabeljunotninajunotsimonaphilippafamilia41-ok.jpg\"   width=\"1024\" height=\"682\" loading=\"lazy\" decoding=\"async\" alt=\"Media Image\" fetchpriority=\"auto\" class=\"image ho-image\"\/>\u00a9 ACTUAL<\/p>\n<p id=\"eerDiHBAg76\" data-wc=\"41\">La jornada estuvo marcada por la calma y la complicidad familiar en un momento vital especialmente significativo para Isabelle, con el recuerdo siempre presente de su padre,<a class=\"hm-link ho-link\" href=\"https:\/\/www.hola.com\/actualidad\/20260109876913\/muere-philippe-junot\/\" data-mrf-recirculation=\"article-body-link\" rel=\"nofollow noopener\" target=\"_blank\">\u00a0Philippe Junot, fallecido el pasado 8 de enero en Madrid a los 85 a\u00f1os.\u00a0<\/a><\/p>\n<p> <img src=\"https:\/\/www.europesays.com\/es\/wp-content\/uploads\/2026\/04\/d527c0893790-actualisabeljunotninajunotsimonaphilippafamilia44-ok.jpg\"   width=\"1024\" height=\"682\" loading=\"lazy\" decoding=\"async\" alt=\"Media Image\" fetchpriority=\"auto\" class=\"image ho-image\"\/><\/p>\n<p id=\"eALw0ife2lT\" data-wc=\"39\">Tras aproximadamente una hora de paseo, madre e hija regresaron a su domicilio a la hora de la comida, poniendo fin a una salida tranquila que refleja la serenidad con la que la familia est\u00e1 viviendo esta nueva etapa.\u00a0<\/p>\n<p> <img src=\"https:\/\/www.europesays.com\/es\/wp-content\/uploads\/2026\/04\/4ae4a4f5b372-actualisabeljunotninajunotsimonaphilippafamilia26-ok.jpg\"   width=\"1024\" height=\"682\" loading=\"lazy\" decoding=\"async\" alt=\"Media Image\" fetchpriority=\"auto\" class=\"image ho-image\"\/>\u00a9 ACTUAL<\/p>\n<p id=\"e1hlC7bBlO\" data-wc=\"102\">Isabelle Junot y \u00c1lvaro Falc\u00f3 son los protagonistas de<strong>\u00a0una historia de amor casi de pel\u00edcula,\u00a0<\/strong>que comenz\u00f3 por casualidad y se consolid\u00f3 a\u00f1os despu\u00e9s en Madrid. Isabelle y Alvaro se conocieron gracias a una confusi\u00f3n de ella, cuando en la estaci\u00f3n de esqu\u00ed de Gstaad se acerc\u00f3 a saludarle pensando que era otra persona. Al darse cuenta de que se hab\u00eda confundido, se acerc\u00f3 a hablar nuevamente con \u00e9l para disculparse por el malentendido. Ese momento a \u00c1lvaro le pareci\u00f3 muy divertido y comenz\u00f3 una conversaci\u00f3n entre los dos que dos a\u00f1os despu\u00e9s se retomar\u00eda al cruzarse de nuevo en Madrid.\u00a0<\/p>\n<p> <img src=\"https:\/\/www.europesays.com\/es\/wp-content\/uploads\/2026\/04\/e62d7d4d66f8-actualisabeljunotninajunotsimonaphilippafamilia16-ok.jpg\"   width=\"1024\" height=\"819\" loading=\"lazy\" decoding=\"async\" alt=\"Media Image\" fetchpriority=\"auto\" class=\"image ho-image\"\/>\u00a9 ACTUAL<\/p>\n<p id=\"e2P_pT3u9K\" data-wc=\"132\">Se hicieron inseparables y despu\u00e9s de cuatro a\u00f1os de relaci\u00f3n, Isabelle Junot y \u00c1lvaro Falc\u00f3 <a class=\"hm-link ho-link\" href=\"https:\/\/www.hola.com\/actualidad\/20220406331040\/boda-alvaro-falco-isabelle-junot-detalles-imagenes-invitados-novios\/\" data-mrf-recirculation=\"article-body-link\" rel=\"nofollow noopener\" target=\"_blank\">se casaron el 2 de abril de 2022<\/a> en una fabulosa boda que cont\u00f3 con los<strong>\u00a0<\/strong>rostros m\u00e1s conocidos de la aristocracia y la sociedad espa\u00f1ola. La hija de Philippe Junot y Nina Wendelboe-Larsen y el cuarto Marqu\u00e9s de Cubas, hijo de Fernando Falc\u00f3 y Marta Ch\u00e1varri, sellaron su amor<strong> en el hist\u00f3rico palacio familiar del Marqu\u00e9s de Mirabel en Plasencia.<\/strong> Una uni\u00f3n entre dos familias muy importantes y con mucha historia que ha puesto el broche de oro con el nacimiento de su primera hija, Phillippa, y casi tres a\u00f1os despu\u00e9s con la llegada de Simona, que ha aumentado todav\u00eda m\u00e1s la felicidad de la familia, y sobre todo de Phillipa, convertida ya en hermana mayor.\u00a0<\/p>\n<p> <img src=\"https:\/\/www.europesays.com\/es\/wp-content\/uploads\/2026\/04\/b104e5e58b6c-actualisabeljunotninajunotsimonaphilippafamilia6.jpg\"   width=\"1024\" height=\"682\" loading=\"lazy\" decoding=\"async\" alt=\"Media Image\" fetchpriority=\"auto\" class=\"image ho-image\"\/>\u00a9 ACTUAL<\/p>\n","protected":false},"excerpt":{"rendered":"Isabelle Junot\u00a0atraviesa una etapa especialmente dulce tras el nacimiento de su segunda hija, Simona, que vino al mundo&hellip;\n","protected":false},"author":2,"featured_media":519923,"comment_status":"","ping_status":"","sticky":false,"template":"","format":"standard","meta":{"footnotes":""},"categories":[174],"tags":[517,255,146,147,25,24,256,39747,23],"class_list":["post-519922","post","type-post","status-publish","format-standard","has-post-thumbnail","category-famosos","tag-actualidad","tag-celebrities","tag-entertainment","tag-entretenimiento","tag-es","tag-espana","tag-famosos","tag-isabelle-junot","tag-spain"],"share_on_mastodon":{"url":"https:\/\/pubeurope.com\/@es\/116476223061199324","error":""},"_links":{"self":[{"href":"https:\/\/www.europesays.com\/es\/wp-json\/wp\/v2\/posts\/519922","targetHints":{"allow":["GET"]}}],"collection":[{"href":"https:\/\/www.europesays.com\/es\/wp-json\/wp\/v2\/posts"}],"about":[{"href":"https:\/\/www.europesays.com\/es\/wp-json\/wp\/v2\/types\/post"}],"author":[{"embeddable":true,"href":"https:\/\/www.europesays.com\/es\/wp-json\/wp\/v2\/users\/2"}],"replies":[{"embeddable":true,"href":"https:\/\/www.europesays.com\/es\/wp-json\/wp\/v2\/comments?post=519922"}],"version-history":[{"count":0,"href":"https:\/\/www.europesays.com\/es\/wp-json\/wp\/v2\/posts\/519922\/revisions"}],"wp:featuredmedia":[{"embeddable":true,"href":"https:\/\/www.europesays.com\/es\/wp-json\/wp\/v2\/media\/519923"}],"wp:attachment":[{"href":"https:\/\/www.europesays.com\/es\/wp-json\/wp\/v2\/media?parent=519922"}],"wp:term":[{"taxonomy":"category","embeddable":true,"href":"https:\/\/www.europesays.com\/es\/wp-json\/wp\/v2\/categories?post=519922"},{"taxonomy":"post_tag","embeddable":true,"href":"https:\/\/www.europesays.com\/es\/wp-json\/wp\/v2\/tags?post=519922"}],"curies":[{"name":"wp","href":"https:\/\/api.w.org\/{rel}","templated":true}]}}