{"id":519954,"date":"2026-04-27T11:00:17","date_gmt":"2026-04-27T11:00:17","guid":{"rendered":"https:\/\/www.europesays.com\/es\/519954\/"},"modified":"2026-04-27T11:00:17","modified_gmt":"2026-04-27T11:00:17","slug":"horarios-de-exhumed-las-maquetas-de-earth-vuelven-a-black-sabbath-video-de-john-corabi","status":"publish","type":"post","link":"https:\/\/www.europesays.com\/es\/519954\/","title":{"rendered":"Horarios de EXHUMED. Las maquetas de EARTH vuelven a BLACK SABBATH. V\u00eddeo de John Corabi."},"content":{"rendered":"<p>\u00a0<\/p>\n<p style=\"text-align: center;\"><strong><a href=\"#EXHUMED\">Horarios de EXHUMED<\/a> \u2013 <a href=\"#EARTH\">Las maquetas de EARTH vuelven a BLACK SABBATH<\/a> \u2013 <a href=\"#Corabi\">V\u00eddeo de John Corabi.<\/a><\/strong><\/p>\n<p>Estos son los horarios para los pr\u00f3ximos conciertos de <strong>EXHUMED<\/strong> y GRUESOME.<\/p>\n<p>D\u00eda 29 de abril \u2013 Sala Groove \u2013 PORTUGALETE<br \/>Apertura de puertas 19:30 hrs.<br \/>GRUESOME 20:15 hrs.<br \/>EXHUMED 21:15 hrs.<\/p>\n<p>D\u00eda 2 de mayo \u2013 Sala Revi Live \u2013 MADRID<br \/>Apertura de puertas 19:30 hrs.<br \/>GRUESOME 20:15 hrs.<br \/>EXHUMED 21:15 hrs.<\/p>\n<p>* Horarios aproximados y sujetos a modificaci\u00f3n.<\/p>\n<p><strong>EXHUMED<\/strong> editaron el 20 de febrero a trav\u00e9s de Relapse Records un nuevo disco titulado \u201cRed Asphalt\u201d.<\/p>\n<p>M\u00e1s detalles en esta <a href=\"https:\/\/www.rafabasa.com\/2026\/01\/10\/tony-iommi-the-69-eyes-exhumed-more\/#EXHUMED\" rel=\"nofollow noopener\" target=\"_blank\">noticia<\/a> y los v\u00eddeos aparecidos en <a href=\"https:\/\/www.rafabasa.com\/2026\/02\/11\/w-a-s-p-k-k-s-priest-exhumed-melechesh-unity\/#EXHUMED\" rel=\"nofollow noopener\" target=\"_blank\">esta<\/a>.<\/p>\n<p><img fetchpriority=\"high\" decoding=\"async\" src=\"https:\/\/www.europesays.com\/es\/wp-content\/uploads\/2025\/12\/ex_2026cartel.jpg\" alt=\"RAMMSTEIN\" width=\"500\" height=\"708\"\/><\/p>\n<p>\u00a0<\/p>\n<p>Durante su aparici\u00f3n en el \u00faltimo episodio de The Osbournes Sharon y Jack Osbourne han confirmado que han adquirido la primera maqueta del embri\u00f3n de <a href=\"https:\/\/www.facebook.com\/BlackSabbath\" target=\"_blank\" rel=\"noopener nofollow\"><strong>BLACK SABBATH<\/strong><\/a> <strong>EARTH<\/strong>.<\/p>\n<p>Sharon, \u201cHemos llegado a un acuerdo con Jim Simpson y ahora la banda vuelve a tener las maquetas.\u201d<\/p>\n<p>Jack: \u201cAhora estamos en posesi\u00f3n de las primeras maquetas de EARTH.\u201d<\/p>\n<p>Sharon: \u201cY ellos cuatro son sus poseedores, que es donde deben estar.\u00a0 Todo ese material tiene que ser de ellos. As\u00ed que ha terminado bien. Ahora las poseen y vamos a hablar de lo que quiere hacer todo el mundo y avanzaremos desde all\u00ed.<\/p>\n<p>Creo que es algo hist\u00f3ricamente importante. Para los amantes de ese tipo de m\u00fasica lo es. Adem\u00e1s tenemos las fotos de esa \u00e9poca, que tambi\u00e9n es importante. Todos en la banda tienen hijos y nietos, y es especial. Me alegra que est\u00e9n donde tienen que estar, con la banda. As\u00ed pueden decidir que quieren hacer como banda que quieren hacer.\u201d<\/p>\n<p>Ten\u00e9is la aparici\u00f3n completa a continuaci\u00f3n.<\/p>\n<p>Simpson planeaba sacar una <a href=\"https:\/\/www.rafabasa.com\/2025\/06\/26\/earth-black-sabbath-halestorm-bulletboys\/#EARTH\" rel=\"nofollow noopener\" target=\"_blank\">recopilaci\u00f3n de esas maquetas<\/a>, pagadas por \u00e9l en su momento, con su sello Big Bear Records, pero el proyecto qued\u00f3 parado por esta disputa legal.<\/p>\n<p>La actualidad de <a href=\"https:\/\/www.facebook.com\/BlackSabbath\" target=\"_blank\" rel=\"noopener nofollow\"><strong>BLACK SABBATH<\/strong><\/a> en esta <a href=\"https:\/\/www.rafabasa.com\/2026\/01\/07\/black-sabbath-video-de-gus-g-taifa\/#SABBATH\" rel=\"nofollow noopener\" target=\"_blank\">noticia<\/a>.<\/p>\n<p>\u00a0<\/p>\n<p>\u00a0<\/p>\n<p><a href=\"https:\/\/www.facebook.com\/JohnCorabiMusic\" target=\"_blank\" rel=\"noopener nofollow\"><strong>John Corabi<\/strong><\/a> ha estrenado un v\u00eddeo para su nuevo single \u201c1969\u201d.<\/p>\n<p>El cantante sacar\u00e1 el 24 de abril a trav\u00e9s de Frontiers Music su nuevo disco en solitario \u201cNew Day\u201d.<\/p>\n<p>M\u00e1s detalles en este <a href=\"https:\/\/www.rafabasa.com\/2025\/12\/16\/sodom-john-corabi-nefarious\/#Corabi\" rel=\"nofollow noopener\" target=\"_blank\">bloque<\/a> y los singles anteriores en <a href=\"https:\/\/www.rafabasa.com\/2026\/03\/10\/john-corabi-in-this-moment-the-cards\/#Corabi\" rel=\"nofollow noopener\" target=\"_blank\">esta<\/a>.<\/p>\n<p>\u00a0<\/p>\n<p align=\"center\"><strong>Sigue el\u00a0<a href=\"https:\/\/whatsapp.com\/channel\/0029VaCprxVBA1f555USvT2O\" target=\"_blank\" rel=\"nofollow noopener\">Canal de RAFABASA.COM en WhatsApp<\/a>, donde encontrar\u00e1s todas nuestras novedades al instante<\/strong><\/p>\n<p>\u00a0<\/p>\n<p>\u00a0<\/p>\n","protected":false},"excerpt":{"rendered":"\u00a0 Horarios de EXHUMED \u2013 Las maquetas de EARTH vuelven a BLACK SABBATH \u2013 V\u00eddeo de John Corabi.&hellip;\n","protected":false},"author":2,"featured_media":267648,"comment_status":"","ping_status":"","sticky":false,"template":"","format":"standard","meta":{"footnotes":""},"categories":[170],"tags":[187,35894,146,147,25,24,66060,68270,184,185,23],"class_list":["post-519954","post","type-post","status-publish","format-standard","has-post-thumbnail","category-musica","tag-black-sabbath","tag-earth","tag-entertainment","tag-entretenimiento","tag-es","tag-espana","tag-exhumed","tag-john-corabi","tag-music","tag-musica","tag-spain"],"share_on_mastodon":{"url":"https:\/\/pubeurope.com\/@es\/116476328414040746","error":""},"_links":{"self":[{"href":"https:\/\/www.europesays.com\/es\/wp-json\/wp\/v2\/posts\/519954","targetHints":{"allow":["GET"]}}],"collection":[{"href":"https:\/\/www.europesays.com\/es\/wp-json\/wp\/v2\/posts"}],"about":[{"href":"https:\/\/www.europesays.com\/es\/wp-json\/wp\/v2\/types\/post"}],"author":[{"embeddable":true,"href":"https:\/\/www.europesays.com\/es\/wp-json\/wp\/v2\/users\/2"}],"replies":[{"embeddable":true,"href":"https:\/\/www.europesays.com\/es\/wp-json\/wp\/v2\/comments?post=519954"}],"version-history":[{"count":0,"href":"https:\/\/www.europesays.com\/es\/wp-json\/wp\/v2\/posts\/519954\/revisions"}],"wp:featuredmedia":[{"embeddable":true,"href":"https:\/\/www.europesays.com\/es\/wp-json\/wp\/v2\/media\/267648"}],"wp:attachment":[{"href":"https:\/\/www.europesays.com\/es\/wp-json\/wp\/v2\/media?parent=519954"}],"wp:term":[{"taxonomy":"category","embeddable":true,"href":"https:\/\/www.europesays.com\/es\/wp-json\/wp\/v2\/categories?post=519954"},{"taxonomy":"post_tag","embeddable":true,"href":"https:\/\/www.europesays.com\/es\/wp-json\/wp\/v2\/tags?post=519954"}],"curies":[{"name":"wp","href":"https:\/\/api.w.org\/{rel}","templated":true}]}}