{"id":519955,"date":"2026-04-27T11:02:19","date_gmt":"2026-04-27T11:02:19","guid":{"rendered":"https:\/\/www.europesays.com\/es\/519955\/"},"modified":"2026-04-27T11:02:19","modified_gmt":"2026-04-27T11:02:19","slug":"sabastian-sawe-de-kenia-es-el-primer-atleta-en-correr-un-maraton-en-menos-de-dos-horas","status":"publish","type":"post","link":"https:\/\/www.europesays.com\/es\/519955\/","title":{"rendered":"Sabastian Sawe, de Kenia, es el primer atleta en correr un marat\u00f3n en menos de dos horas"},"content":{"rendered":"<p>      CNN\u00a0\u2014\u00a0\n    <\/p>\n<p class=\"paragraph inline-placeholder vossi-paragraph\" data-uri=\"es.cms.cnn.com\/_components\/paragraph\/instances\/cmogamxs0000r27p78bwmbo0c@published\" data-editable=\"text\" data-component-name=\"paragraph\" data-article-gutter=\"true\">\n            El corredor keniano Sabastian Sawe hizo historia al convertirse en el primer atleta en correr un marat\u00f3n en menos de dos horas en una <a href=\"https:\/\/cnnespanol.cnn.com\/deportes\" rel=\"nofollow noopener\" target=\"_blank\">carrera competitiva<\/a> para ganar el Marat\u00f3n de Londres.\n    <\/p>\n<p class=\"paragraph inline-placeholder vossi-paragraph\" data-uri=\"es.cms.cnn.com\/_components\/paragraph\/instances\/cmogao2770004356q43jwf679@published\" data-editable=\"text\" data-component-name=\"paragraph\" data-article-gutter=\"true\">\n            Sawe rompi\u00f3 el r\u00e9cord mundial al completar el Marat\u00f3n de Londres en 1:59:30.\n    <\/p>\n<p class=\"paragraph inline-placeholder vossi-paragraph\" data-uri=\"es.cms.cnn.com\/_components\/paragraph\/instances\/cmogao2770005356q7j3jdv09@published\" data-editable=\"text\" data-component-name=\"paragraph\" data-article-gutter=\"true\">\n            Su tiempo pulveriza el r\u00e9cord mundial anterior, en poder del fallecido atleta Kelvin Kiptum, quien termin\u00f3 el Marat\u00f3n de Chicago en 2:00:35.\n    <\/p>\n<p class=\"paragraph inline-placeholder vossi-paragraph\" data-uri=\"es.cms.cnn.com\/_components\/paragraph\/instances\/cmogao2770006356qcvumq6os@published\" data-editable=\"text\" data-component-name=\"paragraph\" data-article-gutter=\"true\">\n            Un marat\u00f3n por debajo de las dos horas ha sido durante mucho tiempo una de las grandes barreras del atletismo, comparable a la milla en cuatro minutos.\n    <\/p>\n<p class=\"paragraph inline-placeholder vossi-paragraph\" data-uri=\"es.cms.cnn.com\/_components\/paragraph\/instances\/cmogao2780007356qe5bl42x7@published\" data-editable=\"text\" data-component-name=\"paragraph\" data-article-gutter=\"true\">\n            Eliud Kipchoge, tambi\u00e9n de Kenia, se convirti\u00f3 en 2019 en el primer hombre registrado en correr un marat\u00f3n en menos de dos horas. Sin embargo, su tiempo no cont\u00f3 como r\u00e9cord, ya que la carrera se realiz\u00f3 bajo condiciones controladas.\n    <\/p>\n<p>       <img decoding=\"async\" src=\"https:\/\/www.europesays.com\/es\/wp-content\/uploads\/2026\/04\/gettyimages-2272641740-20260426214545646.jpg\" alt=\"Sawe se convirti\u00f3 el domingo en el primer hombre en correr una marat\u00f3n en menos de dos horas.\" class=\"image__dam-img image__dam-img--loading\" onload=\"this.classList.remove('image__dam-img--loading')\" onerror=\"imageLoadError(this)\" height=\"800\" width=\"1200\" loading=\"lazy\"\/><\/p>\n<p class=\"paragraph inline-placeholder vossi-paragraph\" data-uri=\"es.cms.cnn.com\/_components\/paragraph\/instances\/cmogao2780008356qjkjvpeqy@published\" data-editable=\"text\" data-component-name=\"paragraph\" data-article-gutter=\"true\">\n            Pis\u00e1ndole los talones a Sawe durante gran parte de la carrera estuvo Yomif Kejelcha, de Etiop\u00eda, quien se desinfl\u00f3 en el tramo final del marat\u00f3n para quedarse con el segundo lugar.\n    <\/p>\n<p class=\"paragraph inline-placeholder vossi-paragraph\" data-uri=\"es.cms.cnn.com\/_components\/paragraph\/instances\/cmogao2780009356qqjnoyaf7@published\" data-editable=\"text\" data-component-name=\"paragraph\" data-article-gutter=\"true\">\n            Sin embargo, Kejelcha tambi\u00e9n termin\u00f3 la carrera en menos de dos horas, con un tiempo de 1:59:41.\n    <\/p>\n<p class=\"paragraph inline-placeholder vossi-paragraph\" data-uri=\"es.cms.cnn.com\/_components\/paragraph\/instances\/cmogao278000a356qha9u84aa@published\" data-editable=\"text\" data-component-name=\"paragraph\" data-article-gutter=\"true\">\n            Consultado sobre si hab\u00eda imaginado romper un r\u00e9cord mundial, Sawe le dijo a la BBC despu\u00e9s de la carrera: \u201cEmpezamos bien la carrera y, acerc\u00e1ndonos al final, al terminar la carrera, me sent\u00eda fuerte\u201d.\n    <\/p>\n<p class=\"paragraph inline-placeholder vossi-paragraph\" data-uri=\"es.cms.cnn.com\/_components\/paragraph\/instances\/cmogao278000b356q0na87bmw@published\" data-editable=\"text\" data-component-name=\"paragraph\" data-article-gutter=\"true\">\n            \u201cEstoy muy feliz\u201d, agreg\u00f3.\n    <\/p>\n<p class=\"paragraph inline-placeholder vossi-paragraph\" data-uri=\"es.cms.cnn.com\/_components\/paragraph\/instances\/cmogao278000c356q7l8oezsz@published\" data-editable=\"text\" data-component-name=\"paragraph\" data-article-gutter=\"true\">\n            Tambi\u00e9n en el Marat\u00f3n de Londres del domingo, Tigst Assefa, de Etiop\u00eda, estableci\u00f3 un nuevo r\u00e9cord mundial femenino, al cruzar la meta con un tiempo de 2:15:41, superando su propio r\u00e9cord establecido el a\u00f1o anterior en Londres.\n    <\/p>\n","protected":false},"excerpt":{"rendered":"CNN\u00a0\u2014\u00a0 El corredor keniano Sabastian Sawe hizo historia al convertirse en el primer atleta en correr un marat\u00f3n&hellip;\n","protected":false},"author":2,"featured_media":519956,"comment_status":"","ping_status":"","sticky":false,"template":"","format":"standard","meta":{"footnotes":""},"categories":[93],"tags":[11485,168,25,24,150,7228,23906,23,167],"class_list":["post-519955","post","type-post","status-publish","format-standard","has-post-thumbnail","category-deportes","tag-atletismo","tag-deportes","tag-es","tag-espana","tag-instanoticias","tag-londres","tag-maraton","tag-spain","tag-sports"],"share_on_mastodon":{"url":"https:\/\/pubeurope.com\/@es\/116476336750460006","error":""},"_links":{"self":[{"href":"https:\/\/www.europesays.com\/es\/wp-json\/wp\/v2\/posts\/519955","targetHints":{"allow":["GET"]}}],"collection":[{"href":"https:\/\/www.europesays.com\/es\/wp-json\/wp\/v2\/posts"}],"about":[{"href":"https:\/\/www.europesays.com\/es\/wp-json\/wp\/v2\/types\/post"}],"author":[{"embeddable":true,"href":"https:\/\/www.europesays.com\/es\/wp-json\/wp\/v2\/users\/2"}],"replies":[{"embeddable":true,"href":"https:\/\/www.europesays.com\/es\/wp-json\/wp\/v2\/comments?post=519955"}],"version-history":[{"count":0,"href":"https:\/\/www.europesays.com\/es\/wp-json\/wp\/v2\/posts\/519955\/revisions"}],"wp:featuredmedia":[{"embeddable":true,"href":"https:\/\/www.europesays.com\/es\/wp-json\/wp\/v2\/media\/519956"}],"wp:attachment":[{"href":"https:\/\/www.europesays.com\/es\/wp-json\/wp\/v2\/media?parent=519955"}],"wp:term":[{"taxonomy":"category","embeddable":true,"href":"https:\/\/www.europesays.com\/es\/wp-json\/wp\/v2\/categories?post=519955"},{"taxonomy":"post_tag","embeddable":true,"href":"https:\/\/www.europesays.com\/es\/wp-json\/wp\/v2\/tags?post=519955"}],"curies":[{"name":"wp","href":"https:\/\/api.w.org\/{rel}","templated":true}]}}