{"id":520200,"date":"2026-04-27T14:26:07","date_gmt":"2026-04-27T14:26:07","guid":{"rendered":"https:\/\/www.europesays.com\/es\/520200\/"},"modified":"2026-04-27T14:26:07","modified_gmt":"2026-04-27T14:26:07","slug":"frida-escobedo-la-accesibilidad-de-un-museo-tambien-es-quien-se-siente-representado","status":"publish","type":"post","link":"https:\/\/www.europesays.com\/es\/520200\/","title":{"rendered":"Frida Escobedo: \u201cLa accesibilidad de un museo tambi\u00e9n es qui\u00e9n se siente representado\u201d"},"content":{"rendered":"<p class=\"\">En el coraz\u00f3n de la Quinta Avenida de Nueva York, <a href=\"https:\/\/elpais.com\/cultura\/del-tirador-a-la-ciudad\/2026-04-21\/zumthor-firma-en-los-angeles-el-gran-museo-del-oeste-americano.html\" target=\"_self\" rel=\"nofollow noopener\" title=\"https:\/\/elpais.com\/cultura\/del-tirador-a-la-ciudad\/2026-04-21\/zumthor-firma-en-los-angeles-el-gran-museo-del-oeste-americano.html\">la arquitecta<\/a> mexicana Frida Escobedo se expres\u00f3 en su propio idioma. No fue un gesto menor. En un auditorio completo del Museo Metropolitano de Arte \u2014una instituci\u00f3n que durante d\u00e9cadas ha encarnado una idea de universalidad\u2014, el espa\u00f1ol se convirti\u00f3 en el veh\u00edculo de una reflexi\u00f3n \u00edntima sobre arquitectura, identidad y pertenencia.<\/p>\n<p class=\"\">La charla, titulada Nuestro New York: la arquitectura de Frida Escobedo, tuvo lugar el viernes 24 de abril en el auditorio Grace Rainey Rogers. All\u00ed, la arquitecta, encargada de dise\u00f1ar el ala Tang para arte moderno y contempor\u00e1neo del MET, comparti\u00f3 escenario con la arquitecta y profesora universitaria mexicana Laura Gonz\u00e1lez Fierro en una conversaci\u00f3n que orbit\u00f3 tanto en torno a lo profesional como a lo personal. Escobedo no solo es responsable de uno de los proyectos m\u00e1s ambiciosos del museo, sino que tambi\u00e9n es la primera mujer en dise\u00f1ar un ala en la historia de la instituci\u00f3n.<\/p>\n<p class=\"\">\u201cS\u00ed, pues eso es muy emocionante\u201d, dice en una entrevista \u00edntima con EL PA\u00cdS tras la charla. \u201cToda la pl\u00e1tica se trat\u00f3 un poquito de lenguaje humano y c\u00f3mo es importante para conectar, para identificarnos, para expresarnos, para transmitir nuestra herencia\u201d. La elecci\u00f3n del idioma no fue casual. \u201cPara m\u00ed ha sido complicado, <a href=\"https:\/\/elpais.com\/us\/2024-06-29\/los-latinos-lideran-el-crecimiento-de-la-poblacion-de-estados-unidos-en-un-71.html\" target=\"_self\" rel=\"nofollow noopener\" title=\"https:\/\/elpais.com\/us\/2024-06-29\/los-latinos-lideran-el-crecimiento-de-la-poblacion-de-estados-unidos-en-un-71.html\">hablando en ingl\u00e9s, poder transmitir las emociones que tienen que ver con este punto<\/a>. Entonces, por primera vez, como que siento que puedo conectar de manera m\u00e1s directa con una audiencia\u201d.<\/p>\n<p><img alt=\"\" decoding=\"auto\" class=\"_re lazyload a_m-h\" height=\"276\"  width=\"414\"  src=\"https:\/\/www.europesays.com\/es\/wp-content\/uploads\/2026\/04\/6WNIJQEEEZHENF73E7KCD6ITVA.jpg\" loading=\"lazy\" fetchpriority=\"low\"\/>Imagen digital del nuevo dise\u00f1o del ala Tang en el Museo Metropolitano de Arte de Nueva York.MET<\/p>\n<p class=\"\">Este gesto dialoga con el enfoque de su propia arquitectura. Escobedo entiende el museo no solo como un expositor de obras, sino tambi\u00e9n como un espacio de representaci\u00f3n. \u201cLa accesibilidad de un museo no nada m\u00e1s tiene que ver con si la entrada es gratuita en alg\u00fan momento del d\u00eda\u2026 sino tambi\u00e9n con qui\u00e9n se siente representado en un museo\u201d, explica. En este sentido, su propuesta para el ala Tang busca articular una conversaci\u00f3n entre geograf\u00edas, historias y sensibilidades. \u201c\u00bfC\u00f3mo incorporamos un pasado que me pertenece a m\u00ed como latinoamericana, en un lugar que representa la geograf\u00eda, la historia, la cultura del mundo?\u201d.<\/p>\n<p class=\"\">Cuando recibi\u00f3 la noticia de que hab\u00eda sido seleccionada para el proyecto, la reacci\u00f3n fue de incredulidad. \u201cNo me lo pod\u00eda creer. Fue una enorme sorpresa\u201d, recuerda. La elecci\u00f3n supon\u00eda, adem\u00e1s de un techo de cristal roto, un reto generacional: Escobedo, que ahora tiene 47 a\u00f1os, tambi\u00e9n era la arquitecta m\u00e1s joven de la contienda. \u201cUna persona del MET me record\u00f3 que otros arquitectos hab\u00edan hecho su primer museo a mi edad. Entonces, primero ya no me sent\u00ed tan joven, y segundo, fue como que tiene que haber en alg\u00fan momento de tu vida alguien que conf\u00ede en ti por primera vez, y yo tuve esa suerte\u201d, reflexiona.<\/p>\n<p><img alt=\"\" decoding=\"auto\" class=\"_re lazyload a_m-h\" height=\"302\"  width=\"414\"  src=\"https:\/\/www.europesays.com\/es\/wp-content\/uploads\/2026\/04\/GY56CGEQNFAZXEVVV6UNLXVC4Q.jpg\" loading=\"lazy\" fetchpriority=\"low\"\/>Frida Escobedo en Nueva York, el 24 de abril.KLAUS GALIANO<\/p>\n<p class=\"\">En su discurso aparece una y otra vez la idea de lo colectivo. \u201cNo es el dise\u00f1o de una sola persona, es un grupo muy grande\u201d, dice al describir el proceso. Compara el tipo de arquitectura que le gusta con un caldo: \u201cEste es un caldo muy sofisticado\u2026 Tiene que haber una buena base, pero tambi\u00e9n lo que permite es mucho intercambio\u201d. En esa mezcla, cada voz aporta sin que el proyecto pierda su esencia, \u201csino que se va mejorando. O sea, es el resultado de muchos esfuerzos y la voz plural se lee en ese proceso\u201d.<\/p>\n<p class=\"\">El ala Tang, a\u00fan en desarrollo y programada para inaugurarse en 2030, aspira a provocar en el visitante una doble experiencia: sorpresa y contemplaci\u00f3n. \u201cSobre todo que redescubran la conexi\u00f3n\u201d, se\u00f1ala Escobedo. \u201cLa colecci\u00f3n de arte moderno y contempor\u00e1neo que tiene el MET es extraordinaria, y la intenci\u00f3n es que encuentren un lugar que tenga las condiciones adecuadas, como la escala, la iluminaci\u00f3n y las relaciones necesarias para mostrarla\u201d. <\/p>\n<p class=\"\">A ello se suma una dimensi\u00f3n urbana: la relaci\u00f3n con Central Park. \u201cEs un poco como emerger de esta experiencia que es estar en el arte y despu\u00e9s reencontrarte con m\u00e1s gente y reencontrarte en una ciudad as\u00ed de cosmopolita\u201d.<\/p>\n<p class=\"\">La propia Escobedo ha encontrado en el parque un refugio frente al ritmo implacable de la ciudad. \u201cNueva York puede ser bastante brutal\u2026 no se detiene nunca, excepto cuando est\u00e1s en el parque\u201d, comenta. All\u00ed, entre estaciones que marcan el paso del tiempo, la arquitecta encuentra una pausa que tambi\u00e9n parece reflejarse en su manera de concebir los espacios.<\/p>\n<p><img alt=\"\" decoding=\"auto\" class=\"_re lazyload a_m-h\" height=\"311\"  width=\"414\"  src=\"https:\/\/www.europesays.com\/es\/wp-content\/uploads\/2026\/04\/FXDAKZFOZJFU3KRMALTYZXN2LY.jpg\" loading=\"lazy\" fetchpriority=\"low\"\/>Frida Escobedo en conversaci\u00f3n con Laura Gonz\u00e1les, este 24 de abril en Nueva York.KLAUS GALIANO<\/p>\n<p class=\"\">Hay en su relato una conciencia constante de estar viviendo un momento que la supera. \u201cEsto es m\u00e1s grande que yo\u201d, dice, aunque enseguida aclara que esa idea puede tener dos lecturas. Por un lado, asegura estar \u201cmuy consciente de que tuvieron que venir muchas generaciones de mujeres que lideraron oficinas, que abrieron camino, que abrieron brecha para que yo pudiera estar aqu\u00ed, y eso les agradezco, y me siento incre\u00edblemente privilegiada y afortunada\u201d. Por otro lado, como parte de un equipo: \u201cSomos 15 personas trabajando en este proyecto y para m\u00ed ese es mi n\u00facleo central. Eso es lo que me aterriza porque el dise\u00f1o es tambi\u00e9n de ellos\u201d.<\/p>\n<p class=\"\">Cuando se le pregunta por el futuro, Escobedo responde con una mezcla de humor y honestidad: \u201cUn sab\u00e1tico\u201d. Aunque, adem\u00e1s de su trabajo en Nueva York, tambi\u00e9n lidera la renovaci\u00f3n del ic\u00f3nico Centro Pompidou de Par\u00eds, un proyecto titulado Centre Pompidou 2030, con el que se pretende revitalizar el famoso edificio de alta tecnolog\u00eda dise\u00f1ado originalmente por Renzo Piano y Richard Rogers y adaptarlo a las nuevas necesidades culturales.<\/p>\n<p class=\"\">En una \u00e9poca en la que la inteligencia artificial est\u00e1 redefiniendo m\u00faltiples disciplinas, su postura es pragm\u00e1tica. \u201cSe puede utilizar como herramienta\u201d, reconoce, especialmente para resolver aspectos t\u00e9cnicos. Sin embargo, marc\u00f3 un l\u00edmite claro: \u201cDudo mucho que pueda sustituir las capacidades humanas. Se va a seguir necesitando la perspectiva humana\u201d. Y anticipa un retorno a lo esencial: \u201cSeguramente habr\u00e1 reacciones pendulares de que regresemos tambi\u00e9n a lo m\u00e1s humano, y eso siempre se vuelve valioso de nuevo.\u201d<\/p>\n<p><img alt=\"\" decoding=\"auto\" class=\"_re lazyload a_m-h\" height=\"414\"  width=\"414\"  src=\"https:\/\/www.europesays.com\/es\/wp-content\/uploads\/2026\/04\/DWX6O4NQZ5DGDM3ZGLDCS4RULU.jpg\" loading=\"lazy\" fetchpriority=\"low\"\/>La aquitecta trabaja con su equipo en el dise\u00f1o del ala Tang del Met, en una fotograf\u00eda de sus redes sociales.CEDIDA<\/p>\n","protected":false},"excerpt":{"rendered":"En el coraz\u00f3n de la Quinta Avenida de Nueva York, la arquitecta mexicana Frida Escobedo se expres\u00f3 en&hellip;\n","protected":false},"author":2,"featured_media":520201,"comment_status":"","ping_status":"","sticky":false,"template":"","format":"standard","meta":{"footnotes":""},"categories":[173],"tags":[889,3739,12235,801,229,233,231,230,232,234,146,147,25,24,629,95843,3873,896,23],"class_list":["post-520200","post","type-post","status-publish","format-standard","has-post-thumbnail","category-arte-y-diseno","tag-america","tag-arquitectos","tag-arquitectos-pioneros","tag-arquitectura","tag-arte","tag-arte-y-diseno","tag-arts","tag-arts-and-design","tag-design","tag-diseno","tag-entertainment","tag-entretenimiento","tag-es","tag-espana","tag-estados-unidos","tag-metropolitan-museum","tag-museos","tag-nueva-york","tag-spain"],"share_on_mastodon":{"url":"https:\/\/pubeurope.com\/@es\/116477138586433433","error":""},"_links":{"self":[{"href":"https:\/\/www.europesays.com\/es\/wp-json\/wp\/v2\/posts\/520200","targetHints":{"allow":["GET"]}}],"collection":[{"href":"https:\/\/www.europesays.com\/es\/wp-json\/wp\/v2\/posts"}],"about":[{"href":"https:\/\/www.europesays.com\/es\/wp-json\/wp\/v2\/types\/post"}],"author":[{"embeddable":true,"href":"https:\/\/www.europesays.com\/es\/wp-json\/wp\/v2\/users\/2"}],"replies":[{"embeddable":true,"href":"https:\/\/www.europesays.com\/es\/wp-json\/wp\/v2\/comments?post=520200"}],"version-history":[{"count":0,"href":"https:\/\/www.europesays.com\/es\/wp-json\/wp\/v2\/posts\/520200\/revisions"}],"wp:featuredmedia":[{"embeddable":true,"href":"https:\/\/www.europesays.com\/es\/wp-json\/wp\/v2\/media\/520201"}],"wp:attachment":[{"href":"https:\/\/www.europesays.com\/es\/wp-json\/wp\/v2\/media?parent=520200"}],"wp:term":[{"taxonomy":"category","embeddable":true,"href":"https:\/\/www.europesays.com\/es\/wp-json\/wp\/v2\/categories?post=520200"},{"taxonomy":"post_tag","embeddable":true,"href":"https:\/\/www.europesays.com\/es\/wp-json\/wp\/v2\/tags?post=520200"}],"curies":[{"name":"wp","href":"https:\/\/api.w.org\/{rel}","templated":true}]}}