{"id":520582,"date":"2026-04-27T19:20:13","date_gmt":"2026-04-27T19:20:13","guid":{"rendered":"https:\/\/www.europesays.com\/es\/520582\/"},"modified":"2026-04-27T19:20:13","modified_gmt":"2026-04-27T19:20:13","slug":"iran-ofrece-la-reapertura-controlada-de-ormuz-a-cambio-del-final-de-la-guerra-y-el-retraso-del-acuerdo-nuclear","status":"publish","type":"post","link":"https:\/\/www.europesays.com\/es\/520582\/","title":{"rendered":"Ir\u00e1n ofrece la reapertura controlada de Ormuz a cambio del final de la guerra y el retraso del acuerdo nuclear"},"content":{"rendered":"<p style=\"\">Ir\u00e1n mueve ficha para desbloquear el di\u00e1logo con Estados Unidos y sit\u00faa a Ormuz como pieza clave de la negociaci\u00f3n. Los iran\u00edes han elaborado una nueva propuesta basada en un enfoque por fases: primero terminar el conflicto de manera definitiva, luego abordar el control del  &#8230; Estrecho y, superados estos dos pasos, abordar la negociaci\u00f3n del programa nuclear. Fuentes cercanas a la negociaci\u00f3n revelaron al portal &#8216;Axios&#8217;, cercano a la Casa Blanca, que los mediadores de Pakist\u00e1n entregaron el texto a los estadounidenses. La primera reacci\u00f3n fue la del secretario de Estado, <strong>Marco Rubio,<\/strong> quien rechaz\u00f3 la propuesta iran\u00ed.<\/p>\n<p class=\"v-d-p\" style=\"\">El ministro de Exteriores de la rep\u00fablica isl\u00e1mica,<a href=\"https:\/\/www.abc.es\/internacional\/putin-garantiza-iran-rusia-actuara-favor-intereses-20260427173833-nt.html\" target=\"_self\" data-voc-vtm-id=\"in-text-traffic\" title=\" Ab\u00e1s Araghchi,\" rel=\"nofollow noopener\"> Ab\u00e1s Araghchi,<\/a> sigui\u00f3 este lunes con su gira de contactos, que ya<a href=\"https:\/\/www.abc.es\/internacional\/iran-planta-eeuu-trump-vuelve-cancelar-segunda-20260425181623-nt.html\" target=\"_self\" data-voc-vtm-id=\"in-text-traffic\" title=\" le ha llevado a Pakist\u00e1n\" rel=\"nofollow noopener\"> le ha llevado a Pakist\u00e1n<\/a> en dos ocasiones, Om\u00e1n y Rusia. Ir\u00e1n trata de reactivar la v\u00eda diplom\u00e1tica dando prioridad a la reapertura de Ormuz y cada d\u00eda aparecen nuevos detalles sobre sus planes de futuro en este paso clave para el petr\u00f3leo mundial. Ebrahim Azizi, jefe de la comisi\u00f3n de seguridad nacional, declar\u00f3 a los medios estatales que Ir\u00e1n busca \u00abrestringir y prohibir el paso de buques y submarinos hostiles\u00bb, adem\u00e1s de prohibir \u00abtodos los buques afiliados a Israel\u00bb. Azizi adelant\u00f3 que el Ej\u00e9rcito \u00abser\u00e1 el encargado de implementar el plan, y se prev\u00e9 que las tasas se paguen en riales\u00bb. <\/p>\n<p class=\"v-d-p\" style=\"\">Una vez conocido el contenido de la nueva propuesta, Marco Rubio declar\u00f3 en una entrevista concedida a la cadena Fox que \u00ablo que ellos quieren decir con abrir el Estrecho es: s\u00ed, el Estrecho est\u00e1 abierto, siempre y cuando coordines con Ir\u00e1n, obtengas nuestro permiso, o te volamos por los aires y adem\u00e1s nos pagas (\u2026) Eso no es abrir el Estrecho. Son aguas internacionales. No pueden normalizar, ni podemos tolerar, que intenten normalizar un sistema en el que los iran\u00edes deciden qui\u00e9n puede utilizarlas\u00bb.<\/p>\n<ul class=\"v-cmp-rld__u\">\n<li class=\"v-cmp-rld__l\">\n<p><a class=\"v-a-lnk\" href=\"http:\/\/www.abc.es\/internacional\/putin-garantiza-iran-rusia-actuara-favor-intereses-20260427173833-nt.html#vtm_modulosEngag=noticiasrelacionadas-cmp-uno:internacional:noticia:1\" title=\"Putin garantiza a Ir\u00e1n que Rusia actuar\u00e1 en favor de sus intereses y los de la regi\u00f3n\" data-voc-vtm-id=\"in-text-traffic\" rel=\"nofollow noopener\" target=\"_blank\"><br \/>\n<img decoding=\"async\" loading=\"lazy\" src=\"https:\/\/www.europesays.com\/es\/wp-content\/uploads\/2026\/04\/abbas-U80147784255ICV-366x256@diario_abc.jpg\" class=\"v-a-img\" width=\"258\" height=\"180\" alt=\"Putin garantiza a Ir\u00e1n que Rusia actuar\u00e1 en favor de sus intereses y los de la regi\u00f3n\"\/><br \/>\n<\/a><\/p>\n<\/li>\n<\/ul>\n<p class=\"v-d-p\" style=\"\">Falta conocer la posici\u00f3n de Donald Trump,<strong> pero parece complicado que acepte estas reglas del juego<\/strong> porque podr\u00eda significar que Washington gane la apertura del Estrecho, pero pierda su principal herramienta de presi\u00f3n, que es el bloqueo, sin obligar antes a Ir\u00e1n a ofrecer concesiones nucleares. Trump insiste en cada una de sus intervenciones en que el principal objetivo de la guerra es que Ir\u00e1n no consiga la bomba at\u00f3mica y exige el desmantelamiento de su programa nuclear, pero los iran\u00edes se resisten y defienden que su programa tiene naturaleza civil, no militar. La presi\u00f3n de los mercados tendr\u00e1 un peso decisivo en la pr\u00f3ximas decisiones de Washington. Los precios no paran de subir desde que Ir\u00e1n comenz\u00f3 a controlar el tr\u00e1nsito de barcos y posteriormente Estados Unidos impuso un bloqueo. <\/p>\n<p>\nNo hay alto el fuego en L\u00edbano\n<\/p>\n<p class=\"v-d-p\" style=\"\">Teher\u00e1n presiona para conseguir garant\u00edas sobre el final de la guerra y quiere que el alto el fuego se extienda a todos los frentes, pero en el L\u00edbano la situaci\u00f3n se complica d\u00eda a d\u00eda. <strong>Naim Qassem<\/strong>, l\u00edder de Hizbol\u00e1, pidi\u00f3 al Gobierno liban\u00e9s que suspenda las conversaciones con Israel y el presidente Joseph Aoun le respondi\u00f3 acusando a la milicia chi\u00ed de \u00abtraici\u00f3n\u00bb por reanudar sus ataques contra el Estado jud\u00edo. Qassem dijo que no entregar\u00e1n sus armas y que las tropas israel\u00edes no permanecer\u00e1n \u00abni un solo cent\u00edmetro de nuestra tierra ocupada\u00bb. La poblaci\u00f3n del sur del L\u00edbano sufre de manera directa las consecuencias del conflicto con un desplazamiento forzoso masivo. <\/p>\n<p class=\"v-d-p\" style=\"\">Por primera vez en tres semanas, tras la muerte de un soldado el domingo, <a href=\"https:\/\/www.abc.es\/internacional\/ruinas-miedo-regreso-imposible-sur-libano-20260423015048-nt.html\" target=\"_self\" data-voc-vtm-id=\"in-text-traffic\" title=\"Israel volvi\u00f3 a bombardear al norte del r\u00edo Litani\" data-mrf-link=\"www.abc.es\" rel=\"nofollow noopener\">Israel volvi\u00f3 a bombardear al norte del r\u00edo Litani<\/a> y alcanz\u00f3 varios objetivos del Partido de Dios en el valle de la Bec\u00e1, uno de los bastiones del grupo proiran\u00ed. El frente liban\u00e9s est\u00e1 en el centro del pulso pol\u00edtico en Israel y el ex primer ministro Naftali Bennett, l\u00edder de la reci\u00e9n creada plataforma Together, critic\u00f3 con dureza al Gobierno por los ataques constantes de Hizbol\u00e1 contra soldados y el norte del pa\u00eds. \u00abLa vida de nuestros soldados no es barata. La vida y la rutina de los residentes del norte, que est\u00e1n bajo fuego, no son baratas. Pronto reemplazaremos al Gobierno en las urnas y devolveremos la seguridad a Israel\u00bb, se\u00f1al\u00f3 Bennett, quien tiende la mano de Yair Lapid, l\u00edder de la oposici\u00f3n, e intentar\u00e1 derrotar a Benjamin Netanyahu en las elecciones que deben celebrarse antes de octubre.<\/p>\n","protected":false},"excerpt":{"rendered":"Ir\u00e1n mueve ficha para desbloquear el di\u00e1logo con Estados Unidos y sit\u00faa a Ormuz como pieza clave de&hellip;\n","protected":false},"author":2,"featured_media":520583,"comment_status":"","ping_status":"","sticky":false,"template":"","format":"standard","meta":{"footnotes":""},"categories":[42],"tags":[945,17,18,7556,20440,13,14,1058,69,11,61,62,63,64,3137,19,20,9,10,15,16,11256,8400,90848,14237,6460,12,21,22,65,66,67],"class_list":["post-520582","post","type-post","status-publish","format-standard","has-post-thumbnail","category-internacional","tag-acuerdo","tag-breaking-news","tag-breakingnews","tag-cambio","tag-controlada","tag-featured-news","tag-featurednews","tag-final","tag-guerra","tag-headlines","tag-internacional","tag-international","tag-international-news","tag-internationalnews","tag-iran","tag-latest-news","tag-latestnews","tag-news","tag-noticias","tag-noticias-destacadas","tag-noticiasdestacadas","tag-nuclear","tag-ofrece","tag-ormuz","tag-reapertura","tag-retraso","tag-titulares","tag-ultimas-noticias","tag-ultimasnoticias","tag-world","tag-world-news","tag-worldnews"],"share_on_mastodon":{"url":"","error":"Validation failed: Text character limit of 500 exceeded"},"_links":{"self":[{"href":"https:\/\/www.europesays.com\/es\/wp-json\/wp\/v2\/posts\/520582","targetHints":{"allow":["GET"]}}],"collection":[{"href":"https:\/\/www.europesays.com\/es\/wp-json\/wp\/v2\/posts"}],"about":[{"href":"https:\/\/www.europesays.com\/es\/wp-json\/wp\/v2\/types\/post"}],"author":[{"embeddable":true,"href":"https:\/\/www.europesays.com\/es\/wp-json\/wp\/v2\/users\/2"}],"replies":[{"embeddable":true,"href":"https:\/\/www.europesays.com\/es\/wp-json\/wp\/v2\/comments?post=520582"}],"version-history":[{"count":0,"href":"https:\/\/www.europesays.com\/es\/wp-json\/wp\/v2\/posts\/520582\/revisions"}],"wp:featuredmedia":[{"embeddable":true,"href":"https:\/\/www.europesays.com\/es\/wp-json\/wp\/v2\/media\/520583"}],"wp:attachment":[{"href":"https:\/\/www.europesays.com\/es\/wp-json\/wp\/v2\/media?parent=520582"}],"wp:term":[{"taxonomy":"category","embeddable":true,"href":"https:\/\/www.europesays.com\/es\/wp-json\/wp\/v2\/categories?post=520582"},{"taxonomy":"post_tag","embeddable":true,"href":"https:\/\/www.europesays.com\/es\/wp-json\/wp\/v2\/tags?post=520582"}],"curies":[{"name":"wp","href":"https:\/\/api.w.org\/{rel}","templated":true}]}}