{"id":52067,"date":"2025-08-16T19:42:08","date_gmt":"2025-08-16T19:42:08","guid":{"rendered":"https:\/\/www.europesays.com\/es\/52067\/"},"modified":"2025-08-16T19:42:08","modified_gmt":"2025-08-16T19:42:08","slug":"ministra-de-empleo-canadiense-interviene-en-la-huelga-de-air-canada-y-ordena-a-auxiliares-de-vuelo-que-regresen-al-trabajo","status":"publish","type":"post","link":"https:\/\/www.europesays.com\/es\/52067\/","title":{"rendered":"Ministra de Empleo canadiense interviene en la huelga de Air Canada y ordena a auxiliares de vuelo que regresen al trabajo"},"content":{"rendered":"<p>      CNN<br \/>\n        \u00a0\u2014\u00a0<\/p>\n<p class=\"paragraph inline-placeholder vossi-paragraph\" data-uri=\"es.cms.cnn.com\/_components\/paragraph\/instances\/cmeekdbz000b526p59fbec74j@published\" data-editable=\"text\" data-component-name=\"paragraph\" data-article-gutter=\"true\">\n            M\u00e1s de 10.000 auxiliares de vuelo de Air Canada que se declararon en huelga en la madrugada de este s\u00e1bado recibir\u00e1n la orden de la Junta de Relaciones Industriales de Canad\u00e1 (CIRB, por sus siglas en ingl\u00e9s) de regresar al trabajo, seg\u00fan anunci\u00f3 la ministra de Empleo canadiense, Patty Hajdu.\n    <\/p>\n<p class=\"paragraph inline-placeholder vossi-paragraph\" data-uri=\"es.cms.cnn.com\/_components\/paragraph\/instances\/cmeekedj10005356n19mz9smf@published\" data-editable=\"text\" data-component-name=\"paragraph\" data-article-gutter=\"true\">\n            El anuncio se produce despu\u00e9s de que Air Canada, la aerol\u00ednea m\u00e1s grande del pa\u00eds, suspendiera todas sus operaciones debido a la huelga.\n    <\/p>\n<p class=\"paragraph inline-placeholder vossi-paragraph\" data-uri=\"es.cms.cnn.com\/_components\/paragraph\/instances\/cmeekedj10006356na3g4aqe4@published\" data-editable=\"text\" data-component-name=\"paragraph\" data-article-gutter=\"true\">\n            En una conferencia de prensa en Ottawa, Hajdu indic\u00f3 que orden\u00f3 a la CIRB que exigiera a Air Canada y a sus empleados que \u201creanuden y contin\u00faen sus operaciones y funciones para garantizar la paz laboral y proteger los intereses de Canad\u00e1, los canadienses y la econom\u00eda\u201d.\n    <\/p>\n<p class=\"paragraph inline-placeholder vossi-paragraph\" data-uri=\"es.cms.cnn.com\/_components\/paragraph\/instances\/cmeekedj10007356nncc8074l@published\" data-editable=\"text\" data-component-name=\"paragraph\" data-article-gutter=\"true\">\n            El Gobierno intervino a trav\u00e9s del Art\u00edculo 107 del C\u00f3digo Laboral de Canad\u00e1, que permite a la ministra designar a un \u00e1rbitro para que intervenga en la disputa.\n    <\/p>\n<p class=\"paragraph inline-placeholder vossi-paragraph\" data-uri=\"es.cms.cnn.com\/_components\/paragraph\/instances\/cmeekedj10008356nfc4sdmyp@published\" data-editable=\"text\" data-component-name=\"paragraph\" data-article-gutter=\"true\">\n            Los auxiliares de vuelo de la aerol\u00ednea acordaron por abrumadora mayor\u00eda el paro laboral general, con un 99,7 % a favor de la huelga, y abandonaron sus puestos alrededor de la 1:00 a.m. (hora del este) de este s\u00e1bado. El componente Air Canada del Sindicato Canadiense de Empleados P\u00fablicos ha presionado por aumentos de salarios y pagos por el trabajo realizado cuando los aviones est\u00e1n en tierra.\n    <\/p>\n<p class=\"paragraph inline-placeholder vossi-paragraph\" data-uri=\"es.cms.cnn.com\/_components\/paragraph\/instances\/cmeekedj10009356nahsm8jqi@published\" data-editable=\"text\" data-component-name=\"paragraph\" data-article-gutter=\"true\">\n            Esta noticia est\u00e1 en desarrollo y ser\u00e1 actualizada.\n    <\/p>\n","protected":false},"excerpt":{"rendered":"CNN \u00a0\u2014\u00a0 M\u00e1s de 10.000 auxiliares de vuelo de Air Canada que se declararon en huelga en la&hellip;\n","protected":false},"author":2,"featured_media":52068,"comment_status":"","ping_status":"","sticky":false,"template":"","format":"standard","meta":{"footnotes":""},"categories":[80],"tags":[21772,82,95,94,25,24,13181,23],"class_list":{"0":"post-52067","1":"post","2":"type-post","3":"status-publish","4":"format-standard","5":"has-post-thumbnail","7":"category-economia","8":"tag-air-canada","9":"tag-business","10":"tag-economia","11":"tag-economy","12":"tag-es","13":"tag-espana","14":"tag-huelga","15":"tag-spain"},"share_on_mastodon":{"url":"","error":""},"_links":{"self":[{"href":"https:\/\/www.europesays.com\/es\/wp-json\/wp\/v2\/posts\/52067","targetHints":{"allow":["GET"]}}],"collection":[{"href":"https:\/\/www.europesays.com\/es\/wp-json\/wp\/v2\/posts"}],"about":[{"href":"https:\/\/www.europesays.com\/es\/wp-json\/wp\/v2\/types\/post"}],"author":[{"embeddable":true,"href":"https:\/\/www.europesays.com\/es\/wp-json\/wp\/v2\/users\/2"}],"replies":[{"embeddable":true,"href":"https:\/\/www.europesays.com\/es\/wp-json\/wp\/v2\/comments?post=52067"}],"version-history":[{"count":0,"href":"https:\/\/www.europesays.com\/es\/wp-json\/wp\/v2\/posts\/52067\/revisions"}],"wp:featuredmedia":[{"embeddable":true,"href":"https:\/\/www.europesays.com\/es\/wp-json\/wp\/v2\/media\/52068"}],"wp:attachment":[{"href":"https:\/\/www.europesays.com\/es\/wp-json\/wp\/v2\/media?parent=52067"}],"wp:term":[{"taxonomy":"category","embeddable":true,"href":"https:\/\/www.europesays.com\/es\/wp-json\/wp\/v2\/categories?post=52067"},{"taxonomy":"post_tag","embeddable":true,"href":"https:\/\/www.europesays.com\/es\/wp-json\/wp\/v2\/tags?post=52067"}],"curies":[{"name":"wp","href":"https:\/\/api.w.org\/{rel}","templated":true}]}}