{"id":520737,"date":"2026-04-27T21:09:21","date_gmt":"2026-04-27T21:09:21","guid":{"rendered":"https:\/\/www.europesays.com\/es\/520737\/"},"modified":"2026-04-27T21:09:21","modified_gmt":"2026-04-27T21:09:21","slug":"cristian-bernard-hacer-una-pelicula-de-terror-en-argentina-es-una-epopeya","status":"publish","type":"post","link":"https:\/\/www.europesays.com\/es\/520737\/","title":{"rendered":"Cristian Bernard: \u201cHacer una pel\u00edcula de terror en Argentina es una epopeya\u201d"},"content":{"rendered":"<p class=\"paragraph\">Este lunes, en <b>Infobae a las Nueve<\/b>, el ciclo de Infobae En Vivo que, de 9 a 12, conduce Gonzalo S\u00e1nchez, junto a Tatiana Schapiro, Ram\u00f3n Indart y Cecilia Boufflet, entrevisataron al director de cine <a rel=\"noopener noreferrer nofollow\" href=\"https:\/\/www.infobae.com\/video\/teleshow\/trailer-76-89-23\/dS6HHnKR\/\" target=\"_blank\" title=\"https:\/\/www.infobae.com\/video\/teleshow\/trailer-76-89-23\/dS6HHnKR\/\"><b>Cristian Bernard<\/b><\/a>, que acaba de estrenar en el BAFICI <b>Bajo tus pies<\/b>, el film de terror con producci\u00f3n espa\u00f1ola,<b> protagonizado por la gran actriz Maribel Verd\u00fa.<\/b><\/p>\n<p class=\"paragraph\">Para muchos, Bernard puede sonar a nombre novedoso, pero los cin\u00e9filos lo conocen bien, desde que en el a\u00f1o 2000 estrenara <b>76 89 23<\/b>, pel\u00edcula que escribi\u00f3 y dirigi\u00f3 junto a Flavio Nardini. \u201cAunque esta es una pel\u00edcula que se hizo en Espa\u00f1a -explic\u00f3 Gonzalo S\u00e1nchez a modo de introducci\u00f3n-, se sabe, los directores de cine la pelean. Todo el tiempo vemos gente que la pelea y a veces hacer una pel\u00edcula puede llevar hasta doce a\u00f1os, como le pas\u00f3 en este caso a Cristian Bernard&#8230;\u201d <\/p>\n<p><img alt=\"Un hombre de mediana edad con gafas y su\u00e9ter oscuro habla con un micr\u00f3fono en la solapa, gesticulando frente a una pantalla con el logo de Infobae\" class=\"global-image\" decoding=\"async\" fetchpriority=\"low\" height=\"720\" loading=\"lazy\" src=\"https:\/\/www.europesays.com\/es\/wp-content\/uploads\/2026\/04\/DUA5C7H5JJCBZPJTL76XWEFAFA.jpg\" width=\"1280\"\/>El cineasta Cristian Bernard, durante su visita al streaming Infobae en Vivo<\/p>\n<p class=\"paragraph\"><b>\u2014\u00bfTrece a\u00f1os puede tardar un director de cine argentino en hacer una pel\u00edcula? <\/b><\/p>\n<p class=\"paragraph\">\u2014O m\u00e1s&#8230; Esta era una pel\u00edcula que por m\u00e1s que transcurre en una casa, era una pel\u00edcula cara porque yo la quer\u00eda filmar en estudio. Yo dibujo todas mis pel\u00edculas&#8230; El otro d\u00eda, en el BAFICI, tambi\u00e9n estaba mi dibujante. Le pregunt\u00e9: \u201c\u00bfTe acord\u00e1s cu\u00e1ntos dibujos hicimos del storyboard?\u201d Y me dice: \u201cCuatro mil cuatrocientos\u201d. Pero s\u00ed, hacer una pel\u00edcula es una epopeya, m\u00e1s una pel\u00edcula de terror, como es Bajo tus pies. Los productores tienen p\u00e1nico. Lo primero que te dicen es: \u201c\u00bfQu\u00e9 va a hacer? \u00bfUna pel\u00edcula bizarra? \u00bfGore? Reci\u00e9n con Acecha la maldad cambi\u00f3 la mirada, que fue una pel\u00edcula que rompi\u00f3 incluso la barrera de espectadores y fue una pel\u00edcula muy popular hace dos a\u00f1os. <\/p>\n<p class=\"paragraph\"><b>\u2014En ese sentido, quer\u00eda preguntarte: \u00bfes dif\u00edcil generar miedo? Cuando hac\u00e9s una toma y ten\u00e9s que pegar un susto en una pel\u00edcula de terror, \u00bfte ten\u00e9s que asustar vos?<\/b><\/p>\n<p class=\"paragraph\">\u2014(Risas) Lo que pasa es que la pel\u00edcula est\u00e1 inspirada en algo que me pas\u00f3 a m\u00ed. No lo paranormal que sucede en la pel\u00edcula, digamos, pero s\u00ed el disparador: yo ten\u00eda abajo de mi departamento tres vecinas que gritaban todas las noches, as\u00ed durante tres a\u00f1os, y los gritos empezaban a las tres de la ma\u00f1ana. Eso provoc\u00f3 un desastre en mi casa: p\u00e9rdida de sue\u00f1o, en fin, todo lo que eso conlleva. Y yo estaba escribiendo otra pel\u00edcula y mientras la escrib\u00edamos me quedaba dormido. Entonces, el guionista me dec\u00eda: \u201c\u00bfPero qu\u00e9 te pasa?\u201c. Le cuento y me dice: \u201dChe, pero ah\u00ed tenemos una idea espectacular&#8230; Igual, ojo, esta no es una pel\u00edcula de sustos, \u00bfeh? Es una pel\u00edcula donde el terror est\u00e1 por debajo. Reci\u00e9n ves al cuco en los \u00faltimos treinta minutos de la pel\u00edcula. <\/p>\n<p class=\"paragraph\"><b>\u2014Cont\u00e9mosle a la gente la historia: se trata de una mujer, madre separada con dos hijos de nueve y once a\u00f1os. Tiene mucha aventura la peli. Alquila un departamento en el quinto piso de un edificio hist\u00f3rico en Bilbao y en el piso de abajo pasan cosas raras. El consorcio es raro y empieza a haber sustos y miedo, y unas voces que convocan a los ni\u00f1os en la madrugada, \u00bfno?<\/b><\/p>\n<p>Filme de Cristian Bernard<\/p>\n<p class=\"paragraph\">\u2014La contaste mejor que yo (risas). La pr\u00f3xima vez que hable con productores, te llevo, Gonzalo. Yo soy p\u00e9simo con la sinopsis.<\/p>\n<p class=\"paragraph\"><b>Infobae<\/b>te acompa\u00f1a cada d\u00eda en YouTube con entrevistas, an\u00e1lisis y la informaci\u00f3n m\u00e1s destacada, en un formato cercano y din\u00e1mico.<\/p>\n<p class=\"paragraph\">\u2022 De 7 a 9: <b>Infobae al Amanecer<\/b>: Nacho Giron, Luciana Rubinska y Bel\u00e9n Escobar.<\/p>\n<p class=\"paragraph\">\u2022 De 9 a 12: <b>Infobae a las Nueve<\/b>: Gonzalo S\u00e1nchez, Tatiana Schapiro, Ram\u00f3n Indart y Cecilia Boufflet.<\/p>\n<p class=\"paragraph\">\u2022 De 12 a 15: <b>Infobae al Mediodia<\/b>: Maru Duffard, Andrei Serbin Pont, Jimena Grandinetti, Fede Mayol y Facundo Kablan.<\/p>\n<p class=\"paragraph\">\u2022 De 15 a 18: <b>Infobae a la Tarde<\/b>: Manu Jove, Maia Jastreblansky y Paula Guardia Bourdin; rotan en la semana Marcos Shaw, Lara L\u00f3pez Calvo y Tom\u00e1s Trap\u00e9<\/p>\n<p class=\"paragraph\">\u2022 De 18 a 21: <b>Infobae al Regreso<\/b>: Gonzalo Aziz, Diego Iglesias, Malena de los R\u00edos y Mat\u00edas Barber\u00eda; rotan en la semana Gustavo Lazzari, Mart\u00edn Tetaz y Mica Mendelevich<\/p>\n<p class=\"paragraph\">Seguinos en nuestro canal de <b>YouTube <\/b>@infobae.<\/p>\n","protected":false},"excerpt":{"rendered":"Este lunes, en Infobae a las Nueve, el ciclo de Infobae En Vivo que, de 9 a 12,&hellip;\n","protected":false},"author":2,"featured_media":520738,"comment_status":"","ping_status":"","sticky":false,"template":"","format":"standard","meta":{"footnotes":""},"categories":[169],"tags":[10633,177,3942,95,146,147,25,24,933,176,102941,1827,175,10,2436,1421,23],"class_list":["post-520737","post","type-post","status-publish","format-standard","has-post-thumbnail","category-cine","tag-analista","tag-cine","tag-discurso","tag-economia","tag-entertainment","tag-entretenimiento","tag-es","tag-espana","tag-evento","tag-film","tag-infobae","tag-medios","tag-movies","tag-noticias","tag-presentacion","tag-publico","tag-spain"],"share_on_mastodon":{"url":"https:\/\/pubeurope.com\/@es\/116478723656138324","error":""},"_links":{"self":[{"href":"https:\/\/www.europesays.com\/es\/wp-json\/wp\/v2\/posts\/520737","targetHints":{"allow":["GET"]}}],"collection":[{"href":"https:\/\/www.europesays.com\/es\/wp-json\/wp\/v2\/posts"}],"about":[{"href":"https:\/\/www.europesays.com\/es\/wp-json\/wp\/v2\/types\/post"}],"author":[{"embeddable":true,"href":"https:\/\/www.europesays.com\/es\/wp-json\/wp\/v2\/users\/2"}],"replies":[{"embeddable":true,"href":"https:\/\/www.europesays.com\/es\/wp-json\/wp\/v2\/comments?post=520737"}],"version-history":[{"count":0,"href":"https:\/\/www.europesays.com\/es\/wp-json\/wp\/v2\/posts\/520737\/revisions"}],"wp:featuredmedia":[{"embeddable":true,"href":"https:\/\/www.europesays.com\/es\/wp-json\/wp\/v2\/media\/520738"}],"wp:attachment":[{"href":"https:\/\/www.europesays.com\/es\/wp-json\/wp\/v2\/media?parent=520737"}],"wp:term":[{"taxonomy":"category","embeddable":true,"href":"https:\/\/www.europesays.com\/es\/wp-json\/wp\/v2\/categories?post=520737"},{"taxonomy":"post_tag","embeddable":true,"href":"https:\/\/www.europesays.com\/es\/wp-json\/wp\/v2\/tags?post=520737"}],"curies":[{"name":"wp","href":"https:\/\/api.w.org\/{rel}","templated":true}]}}