{"id":520767,"date":"2026-04-27T21:34:19","date_gmt":"2026-04-27T21:34:19","guid":{"rendered":"https:\/\/www.europesays.com\/es\/520767\/"},"modified":"2026-04-27T21:34:19","modified_gmt":"2026-04-27T21:34:19","slug":"el-valor-de-la-farmacia-hospitalaria-como-aliado-estrategico-frente-a-enfermedades-neurologicas","status":"publish","type":"post","link":"https:\/\/www.europesays.com\/es\/520767\/","title":{"rendered":"El valor de la farmacia hospitalaria como aliado estrat\u00e9gico frente a enfermedades neurol\u00f3gicas"},"content":{"rendered":"<p><strong>\u00c1ngel Ar\u00e9valo, coordinador del Grupo Espa\u00f1ol de Atenci\u00f3n Farmac\u00e9utica en Enfermedades Neurol\u00f3gicas (Geafen) de la SEFH y farmac\u00e9utico del Servicio de Farmacia del Hospital Universitario Vall d\u2019Hebron<br \/><\/strong>Las enfermedades neurol\u00f3gicas constituyen actualmente uno de los mayores retos sanitarios y sociales. Se estima que afectan al 40% de la poblaci\u00f3n espa\u00f1ola, una cifra que previsiblemente seguir\u00e1 aumentando en las pr\u00f3ximas d\u00e9cadas como consecuencia del progresivo envejecimiento y del incremento de la esperanza de vida. En Espa\u00f1a, adem\u00e1s, su prevalencia es un 18% superior a la media global y un 1,7% m\u00e1s elevada que la de otros pa\u00edses de nuestro entorno, lo que subraya la magnitud del desaf\u00edo en nuestro contexto.<\/p>\n<p>El impacto de estas enfermedades no se limita a su elevada frecuencia, sino que se traduce tambi\u00e9n en importantes niveles de discapacidad, p\u00e9rdida de autonom\u00eda y una notable carga para los pacientes, su entorno y para el propio sistema sanitario. Sin embargo, esta discapacidad puede atenuarse mediante un abordaje integral, en el que la coordinaci\u00f3n entre los distintos profesionales sanitarios resulta fundamental para mejorar la calidad de vida de quienes conviven con estas patolog\u00edas.<\/p>\n<p>En este sentido, la Farmacia Hospitalaria adquiere una relevancia estrat\u00e9gica en su correcto abordaje, por lo que conviene poner en valor la labor de este \u00e1mbito, a menudo poco visible, pero esencial dentro del engranaje del sistema sanitario. En los servicios de Farmacia Hospitalaria trabajamos de forma estrechamente coordinada con m\u00e9dicos, especialistas y personal de enfermer\u00eda, pues una atenci\u00f3n \u00f3ptima s\u00f3lo es posible sumando las aportaciones de cada disciplina implicada, en un entorno colaborativo y trabajando de forma coordinada en base a las necesidades cambiantes y particulares de cada paciente.<\/p>\n<p>La farmacia hospitalaria adquiere una relevancia estrat\u00e9gica en su correcto abordaje, por lo que conviene poner en valor la labor de este \u00e1mbito<\/p>\n<p>Desde este servicio gestionamos un amplio abanico de soluciones terap\u00e9uticas que se dispensan en funci\u00f3n de las necesidades de cada persona, por lo que desempe\u00f1amos una funci\u00f3n esencial, garantizando que los tratamientos farmacol\u00f3gicos se utilicen de forma segura, eficaz y eficiente.<\/p>\n<p><a class=\"gofollow\" data-track=\"MjcwLDc1LDEsNjA=\" href=\"https:\/\/isanidad.com\/362008\/anuario-isanidad-2025-la-sanidad-contada-por-sus-protagonistas\/\" target=\"_blank\" rel=\"nofollow noopener\"><img decoding=\"async\" width=\"600\" height=\"500\" src=\"https:\/\/www.europesays.com\/es\/wp-content\/uploads\/2026\/04\/1777325659_551_BANNER-web-cuadrado-.gif\" fetchpriority=\"high\"\/><\/a><\/p>\n<p>Para ello evaluamos cada caso de manera individualizada y trabajamos de forma consensuada con el especialista responsable. Esta colaboraci\u00f3n entre profesionales sanitarios se traduce en una mejor atenci\u00f3n y en un mayor beneficio para los pacientes, que es, en \u00faltima instancia, el objetivo que gu\u00eda nuestra labor diaria.<\/p>\n<p>Por lo general, las personas que atendemos en la Farmacia Hospitalaria presentan enfermedades complejas que tienen un impacto significativo en su d\u00eda a d\u00eda. Son patolog\u00edas que requieren un seguimiento m\u00e1s estrecho y tratamientos que, en muchos casos, son m\u00e1s innovadores o exigen un manejo especializado.<\/p>\n<p>Entre ellos se encuentran terapias destinadas a enfermedades inmunomediadas, oncol\u00f3gicas o neurol\u00f3gicas, como la migra\u00f1a, el alzh\u00e9imer o el p\u00e1rkinson. En el caso de la migra\u00f1a, por ejemplo, es necesario destacar el elevado impacto de esta enfermedad ya que constituye un claro ejemplo de patolog\u00eda frecuente, pero a menudo compleja de manejar en determinados pacientes.<\/p>\n<p>Esta enfermedad presenta una elevada prevalencia en la sociedad espa\u00f1ola, afectando a m\u00e1s de seis millones de personas, lo que equivale aproximadamente al 13% de la poblaci\u00f3n adulta \u2014en torno al 18% de las mujeres y al 8% de los hombres\u2014. Esta elevada frecuencia no solo refleja su impacto, sino tambi\u00e9n la importancia de un adecuado abordaje, ya que, sin un tratamiento apropiado, la migra\u00f1a puede evolucionar de formas epis\u00f3dicas \u2014caracterizadas por la presencia de cefalea menos de 15 d\u00edas al mes\u2014 hacia formas cr\u00f3nicas, mucho m\u00e1s debilitantes por su mayor frecuencia e impacto en la vida diaria. Por ello, resulta fundamental un seguimiento estrecho de la enfermedad.<\/p>\n<p>Esta colaboraci\u00f3n entre profesionales sanitarios se traduce en una mejor atenci\u00f3n y en un mayor beneficio para los pacientes<\/p>\n<p>En este sentido, en el servicio de Farmacia Hospitalaria es habitual atender a personas con migra\u00f1a con cuadros especialmente complejos, como aquellos con una larga evoluci\u00f3n de la enfermedad, m\u00faltiples comorbilidades o que no han respondido de manera satisfactoria a distintos tratamientos. En estos casos, el abordaje requiere una valoraci\u00f3n individualizada y, en ocasiones, la adaptaci\u00f3n hacia tratamientos preventivos.<\/p>\n<p>Precisamente a estos pacientes, que conviven con enfermedades complejas y a menudo muy incapacitantes, es a quienes desde la farmacia hospitalaria tratamos de acompa\u00f1ar para mejorar su salud, su bienestar y su calidad de vida. En este proceso, el farmac\u00e9utico hospitalario puede convertirse en un referente para el paciente, ofreciendo informaci\u00f3n coherente y de calidad, resolviendo dudas y orientando sobre el tratamiento.<\/p>\n<p>Por todo ello, la farmacia hospitalaria es un elemento clave del sistema sanitario, ya que garantiza el uso adecuado de los medicamentos y contribuye a mejorar de forma tangible la salud y la calidad de vida de los pacientes.<\/p>\n","protected":false},"excerpt":{"rendered":"\u00c1ngel Ar\u00e9valo, coordinador del Grupo Espa\u00f1ol de Atenci\u00f3n Farmac\u00e9utica en Enfermedades Neurol\u00f3gicas (Geafen) de la SEFH y farmac\u00e9utico&hellip;\n","protected":false},"author":2,"featured_media":520768,"comment_status":"","ping_status":"","sticky":false,"template":"","format":"standard","meta":{"footnotes":""},"categories":[92],"tags":[25,24,85427,165,86501,1925,166,72540,23],"class_list":["post-520767","post","type-post","status-publish","format-standard","has-post-thumbnail","category-salud","tag-es","tag-espana","tag-farmacia-hospitalaria","tag-health","tag-hospital-vall-dhebron","tag-opinion","tag-salud","tag-sefh","tag-spain"],"share_on_mastodon":{"url":"https:\/\/pubeurope.com\/@es\/116478821539912187","error":""},"_links":{"self":[{"href":"https:\/\/www.europesays.com\/es\/wp-json\/wp\/v2\/posts\/520767","targetHints":{"allow":["GET"]}}],"collection":[{"href":"https:\/\/www.europesays.com\/es\/wp-json\/wp\/v2\/posts"}],"about":[{"href":"https:\/\/www.europesays.com\/es\/wp-json\/wp\/v2\/types\/post"}],"author":[{"embeddable":true,"href":"https:\/\/www.europesays.com\/es\/wp-json\/wp\/v2\/users\/2"}],"replies":[{"embeddable":true,"href":"https:\/\/www.europesays.com\/es\/wp-json\/wp\/v2\/comments?post=520767"}],"version-history":[{"count":0,"href":"https:\/\/www.europesays.com\/es\/wp-json\/wp\/v2\/posts\/520767\/revisions"}],"wp:featuredmedia":[{"embeddable":true,"href":"https:\/\/www.europesays.com\/es\/wp-json\/wp\/v2\/media\/520768"}],"wp:attachment":[{"href":"https:\/\/www.europesays.com\/es\/wp-json\/wp\/v2\/media?parent=520767"}],"wp:term":[{"taxonomy":"category","embeddable":true,"href":"https:\/\/www.europesays.com\/es\/wp-json\/wp\/v2\/categories?post=520767"},{"taxonomy":"post_tag","embeddable":true,"href":"https:\/\/www.europesays.com\/es\/wp-json\/wp\/v2\/tags?post=520767"}],"curies":[{"name":"wp","href":"https:\/\/api.w.org\/{rel}","templated":true}]}}