{"id":52101,"date":"2025-08-16T20:03:07","date_gmt":"2025-08-16T20:03:07","guid":{"rendered":"https:\/\/www.europesays.com\/es\/52101\/"},"modified":"2025-08-16T20:03:07","modified_gmt":"2025-08-16T20:03:07","slug":"los-principes-de-gales-se-mudan-asi-es-forest-lodge-la-nueva-casa-de-guillermo-y-kate-middleton-la-voz-de-galicia","status":"publish","type":"post","link":"https:\/\/www.europesays.com\/es\/52101\/","title":{"rendered":"Los pr\u00edncipes de Gales se mudan: as\u00ed es Forest Lodge, la nueva casa de Guillermo y Kate Middleton &#8211; La Voz de Galicia"},"content":{"rendered":"<ol>\n<li><a href=\"https:\/\/news.google.com\/rss\/articles\/CBMi2wFBVV95cUxOZWQ1YmxiLXVxYlRXbGY3eWZzRDA5MV85anRjT3lnU3RMc0h2akpaX0NCdFRPRGpmdzB3a3Y3OEdKX0h5cEZCSVpWTjNqQV85X1hsUUpXeHNfdEVlOXppVGtNakRWMzNaY1ZydXBodzZRbnlrbHVhcVRwYl95dnFLVmUyWDZocWdjcHV3NmZ3ZTRCdG9TV1RYT1ZLRGZfZkwwLUZrVm5hYUIxb0d4cm0yVjM2eXRPb3Ntb1lSSE5MVTZmQWJoRllpNG5PZmJEUWhHMVRoQlVMdnFVRkU?oc=5\" target=\"_blank\" rel=\"nofollow noopener\">Los pr\u00edncipes de Gales se mudan: as\u00ed es Forest Lodge, la nueva casa de Guillermo y Kate Middleton<\/a>&nbsp;&nbsp;La Voz de Galicia<\/li>\n<li><a href=\"https:\/\/news.google.com\/rss\/articles\/CBMihAFBVV95cUxPbFQtaEF5OWM0Z1BZWUF6X2tnWWdYd2JhdGJ2V2dKMmhTd1dCLXgycmhJcEtULXFYUkpqZG9zMjMyYUtfb2lEcmVGb0pFa2Vwd2U0RWpUUzE0RC1aa29RcVp4QUZJbG9QZjhpR01KYzBWdGlIMzlrbG1CaHp1NTVLWnk0LTk?oc=5\" target=\"_blank\" rel=\"nofollow noopener\">Guillermo y Kate planean una mudanza para \u00abempezar de cero\u00bb<\/a>&nbsp;&nbsp;ABC<\/li>\n<li><a href=\"https:\/\/news.google.com\/rss\/articles\/CBMixgFBVV95cUxQN3E0dmZzSUlZbUw3ckJUcVdTTTkwQktGMTFxd2o2eDhEWGlwMDdiczR1YWxHNzZhcktHTEhJVk5UX0t0Z0NsMzlnM1lpU2M1Ulk5YUlLYzFhQ1c2UHBuYWY3TUxYak5DWFFhaU1JVHNRdWZMaEVMdElhd3RmMEwxVmVGUEpWUUNCeE8zMVo4OVh6Szh0dG1Mbm1qMnRadGhtWURlaHp2eW9lcUxnVEpZNTdGT25FOEZUbmlacmczSWlHVzE4cUHSAcsBQVVfeXFMT1VTN0VYNW5oX01JSzhDQVp3b2JablZURFJTdjJFNncxdFF4aXZFLWI5ampoWkZITGR2WEF1ZUtRRDlobkV2bDkxWThHT2FHcV8zNXNYdUQzMXpyV3ZKNmhneElMckp2Sl9KeXBoRzQ2OWhMMC1xMkt6Z0VpS2ZkSHBoMHlWcmpSb01Ba3docDZndGpqOXVnUDduV1hSQXViTDd3bHRVLW9yenhZbFFOODN0N2NDMURjRzFESDZJNlRiSHR0YmNvc1RiMmM?oc=5\" target=\"_blank\" rel=\"nofollow noopener\">Los pr\u00edncipes de Gales se mudan a Forest Lodge: as\u00ed es la nueva casa de Kate Middleton y Guillermo con 8 dormitorios, pista de tenis y estanque privado<\/a>&nbsp;&nbsp;Vanitatis<\/li>\n<li><a href=\"https:\/\/news.google.com\/rss\/articles\/CBMixgFBVV95cUxNUlVyaEdXOGt0Q0xPUjhrd1p4cExuXy1RaHkza2JUSko2MFVSdGtGN0paOVZFNl9sWFVDZ3RoR1NETFhUX3NqdlZDMFBkX0x2YlNqejRBR194OVlhQTJYb0VCX2tYNFJidEJkYkxqdFpFY3NqdGpaa2N6R2NzNkpRcEhfOE5YbjhmS1BGN1Izb2tzTkhUeGpmcUVHSzhCa2ZzZXY2eXU3NFo0OUR6UmlQR0owdXRrMlpFbE5TME9EZGxpZE4zNXc?oc=5\" target=\"_blank\" rel=\"nofollow noopener\">Los pr\u00edncipes de Gales preparan su mudanza a una mansi\u00f3n georgiana rodeada de naturaleza<\/a>&nbsp;&nbsp;La Vanguardia<\/li>\n<li><a href=\"https:\/\/news.google.com\/rss\/articles\/CBMi7gFBVV95cUxPMUN5d2hnZlJfQWZQb2F2OFZOTzVybXF4TmItVjJUeVFrZ3hyMG5LQ2lVcFZhQ1RTb2FvbkFNR013TldDcHIzNndweWpMVmR5XzBsbkRxUlUxZGswRDBiN01ZVUc0Z2w1NzVELU10RzBpQ2o2SGVzQnJzS1UxSkVscEhaM04zX3IzVm02QzJrTlRacTU5LXZSNXRtQmV4NmVfQ0lJUHFOU3A1TGFvYTdwd0hNckdXMGxIazhOTmcxdkxBMWRwd2xPQ1FrMEJKMTZ4X1dvRmdjelkyekV4N2ZBOWxjeWVvTHJ1anM1cGl30gGIAkFVX3lxTE9IVmQ5Wjhpb0ZXNjkxdTBod0xiZm9uU00xTVZlWkluekVfWXJlNFNPV2cySS1Ma2QtVW5aZ0oyb1RrTGpjMnNid2tvUVZ1cmhRVWk5UmFlbjBrTjdQUmdpY2xCQy1xalhhTXBhaHJxbE9qNHU4Z0tpdEc0eWlCa1o5Y3lQVGI3MEllVlNZNWs4MVNObFduVGRCMmhFQkh2X2hCNVZUOFFSNUJHcU1QQXVyWXpraXlDOXRqb3JWRDBEdGo1a3hOak92NmZwWWFXeV90TVhZdjVObElheGNHQVFGQm53OTFfbTZJRW9OZzNJcFoyTDE0dTVZN3J1ZEhYUnk5OUxRM1VfSQ?oc=5\" target=\"_blank\" rel=\"nofollow noopener\">El pr\u00edncipe Guillermo y Kate Middleton se mudan a Forest Lodge junto a sus hijos: una finca con m\u00e1s de tres siglos de antig\u00fcedad<\/a>&nbsp;&nbsp;Infobae<\/li>\n<\/ol>\n","protected":false},"excerpt":{"rendered":"Los pr\u00edncipes de Gales se mudan: as\u00ed es Forest Lodge, la nueva casa de Guillermo y Kate Middleton&nbsp;&nbsp;La&hellip;\n","protected":false},"author":2,"featured_media":52102,"comment_status":"","ping_status":"","sticky":false,"template":"","format":"standard","meta":{"footnotes":""},"categories":[91],"tags":[146,147,25,24,18700,6041,23030,22446,23],"class_list":{"0":"post-52101","1":"post","2":"type-post","3":"status-publish","4":"format-standard","5":"has-post-thumbnail","7":"category-entretenimiento","8":"tag-entertainment","9":"tag-entretenimiento","10":"tag-es","11":"tag-espana","12":"tag-kate-middleton","13":"tag-monarquia","14":"tag-princesa-catalina","15":"tag-principe-guillermo","16":"tag-spain"},"share_on_mastodon":{"url":"","error":""},"_links":{"self":[{"href":"https:\/\/www.europesays.com\/es\/wp-json\/wp\/v2\/posts\/52101","targetHints":{"allow":["GET"]}}],"collection":[{"href":"https:\/\/www.europesays.com\/es\/wp-json\/wp\/v2\/posts"}],"about":[{"href":"https:\/\/www.europesays.com\/es\/wp-json\/wp\/v2\/types\/post"}],"author":[{"embeddable":true,"href":"https:\/\/www.europesays.com\/es\/wp-json\/wp\/v2\/users\/2"}],"replies":[{"embeddable":true,"href":"https:\/\/www.europesays.com\/es\/wp-json\/wp\/v2\/comments?post=52101"}],"version-history":[{"count":0,"href":"https:\/\/www.europesays.com\/es\/wp-json\/wp\/v2\/posts\/52101\/revisions"}],"wp:featuredmedia":[{"embeddable":true,"href":"https:\/\/www.europesays.com\/es\/wp-json\/wp\/v2\/media\/52102"}],"wp:attachment":[{"href":"https:\/\/www.europesays.com\/es\/wp-json\/wp\/v2\/media?parent=52101"}],"wp:term":[{"taxonomy":"category","embeddable":true,"href":"https:\/\/www.europesays.com\/es\/wp-json\/wp\/v2\/categories?post=52101"},{"taxonomy":"post_tag","embeddable":true,"href":"https:\/\/www.europesays.com\/es\/wp-json\/wp\/v2\/tags?post=52101"}],"curies":[{"name":"wp","href":"https:\/\/api.w.org\/{rel}","templated":true}]}}