{"id":521269,"date":"2026-04-28T04:48:15","date_gmt":"2026-04-28T04:48:15","guid":{"rendered":"https:\/\/www.europesays.com\/es\/521269\/"},"modified":"2026-04-28T04:48:15","modified_gmt":"2026-04-28T04:48:15","slug":"alejandro-sanz-y-la-conexion-de-su-padre-con-san-sebastian-que-marco-su-infancia-mi-padre-trabajaba-alli-4-meses-al-ano","status":"publish","type":"post","link":"https:\/\/www.europesays.com\/es\/521269\/","title":{"rendered":"Alejandro Sanz y la conexi\u00f3n de su padre con San Sebasti\u00e1n que marc\u00f3 su infancia: \u00abMi padre trabajaba all\u00ed 4 meses al a\u00f1o\u00bb"},"content":{"rendered":"<p>27\/04\/2026<\/p>\n<p>Actualizado 28\/04\/2026 &#8211; 01:12h.<\/p>\n<p class=\"v-d-p\" style=\"\">Alejandro Sanz fue el protagonista del \u00faltimo programa de la temporada de &#8216;Lo de \u00c9vole&#8217; que se grab\u00f3 en Nueva York. Durante esta larga charla no dej\u00f3 ning\u00fan tema en el tintero y hablo sobre su profesi\u00f3n, los problemas de salud mental que ha padecido en el pasado, su nuevo amor y su paternidad. El cantautor hizo un repaso a su ni\u00f1ez y habl\u00f3 de las ausencias prolongadas de su padre, Jes\u00fas S\u00e1nchez Madero, debido a su trabajo como cantante del grupo &#8216; Los Tres de la Bah\u00eda&#8217;. <\/p>\n<p class=\"v-d-p\" style=\"\">Durante la d\u00e9cada de los 60 y principios de los 70, este grupo especializado en boleros y canciones populares de la \u00e9poca actu\u00f3 en la sala de fiestas de La Perla ubicada en plena playa de la Concha, una de las salas m\u00e1s emblem\u00e1ticas de San Sebasti\u00e1n en aquella \u00e9poca. \u00abMi padre trabaj\u00f3 durante muchos a\u00f1os en la sala de fiestas de La Perla en San Sebasti\u00e1n. Lo que le obligaba a estar fuera de casa cuatro meses al a\u00f1o. Ahora tardas cuatro horas en llegar a Gipuzkoa pero antes, por aquellas carreteras y conduciendo un SEAT 600 no pod\u00eda regresar a Madrid a visitarnos a mi madre, a m\u00ed y a mi hermano\u00bb, se\u00f1al\u00f3 Alejandro Sanz durante un agradable paseo por Central Park conversando de forma distendida con el periodista Jordi \u00c9vole. <\/p>\n<p class=\"v-d-p\" style=\"\">\u00abMi padre estaba trabajando, pero era mi madre la que se quedaba en casa al cuidado de dos ni\u00f1os peque\u00f1os, y eso tambi\u00e9n hay que valorarlo. El dinero a veces no llegaba porque se retrasaba el giro postal y ella ten\u00eda que poner algo para comer en el plato\u00bb, contaba el cantante madrile\u00f1o durante la amigable charla. <\/p>\n<p class=\"v-d-p\" style=\"\">Aquella infancia en la que estuvo separado de su progenitor durante largas temporadas no impidi\u00f3 que la relaci\u00f3n fuese fluida entre ambos una vez que Alejandro Sanz se convirti\u00f3 en un artista consagrado. \u00abMi padre se ven\u00eda conmigo de gira muchas veces. Porque todo lo que hab\u00eda so\u00f1ado \u00e9l de ser un gran artista lo hab\u00eda conseguido su hijo. Los dos disfrutaron de mi \u00e9xito, aunque mi madre era una persona muy discreta y no le gustaba que le reconociesen por ser mi madre\u00bb, cont\u00f3 Alejandro Sanz al periodista catal\u00e1n en Nueva York. <\/p>\n<p class=\"v-d-p\" style=\"\">\u00abLo que m\u00e1s agradezco a esta profesi\u00f3n es que en los \u00faltimos a\u00f1os de vida de mis padres pudieron disfrutar de un estilo de vida desahogado\u00bb, se\u00f1al\u00f3 Alejandro Sanz antes de cambiar de tem\u00e1tica dentro de las casi dos horas de entrevista grabada en EE. UU durante la gira americana. <\/p>\n","protected":false},"excerpt":{"rendered":"27\/04\/2026 Actualizado 28\/04\/2026 &#8211; 01:12h. Alejandro Sanz fue el protagonista del \u00faltimo programa de la temporada de &#8216;Lo&hellip;\n","protected":false},"author":2,"featured_media":521270,"comment_status":"","ping_status":"","sticky":false,"template":"","format":"standard","meta":{"footnotes":""},"categories":[174],"tags":[10114,1611,255,22181,146,147,25,24,256,1140,39,42148,2228,7457,11678,23,6439],"class_list":["post-521269","post","type-post","status-publish","format-standard","has-post-thumbnail","category-famosos","tag-alejandro","tag-ano","tag-celebrities","tag-conexion","tag-entertainment","tag-entretenimiento","tag-es","tag-espana","tag-famosos","tag-meses","tag-padre","tag-perla","tag-san","tag-sanz","tag-sebastian","tag-spain","tag-trabajaba"],"share_on_mastodon":{"url":"https:\/\/pubeurope.com\/@es\/116480527832054627","error":""},"_links":{"self":[{"href":"https:\/\/www.europesays.com\/es\/wp-json\/wp\/v2\/posts\/521269","targetHints":{"allow":["GET"]}}],"collection":[{"href":"https:\/\/www.europesays.com\/es\/wp-json\/wp\/v2\/posts"}],"about":[{"href":"https:\/\/www.europesays.com\/es\/wp-json\/wp\/v2\/types\/post"}],"author":[{"embeddable":true,"href":"https:\/\/www.europesays.com\/es\/wp-json\/wp\/v2\/users\/2"}],"replies":[{"embeddable":true,"href":"https:\/\/www.europesays.com\/es\/wp-json\/wp\/v2\/comments?post=521269"}],"version-history":[{"count":0,"href":"https:\/\/www.europesays.com\/es\/wp-json\/wp\/v2\/posts\/521269\/revisions"}],"wp:featuredmedia":[{"embeddable":true,"href":"https:\/\/www.europesays.com\/es\/wp-json\/wp\/v2\/media\/521270"}],"wp:attachment":[{"href":"https:\/\/www.europesays.com\/es\/wp-json\/wp\/v2\/media?parent=521269"}],"wp:term":[{"taxonomy":"category","embeddable":true,"href":"https:\/\/www.europesays.com\/es\/wp-json\/wp\/v2\/categories?post=521269"},{"taxonomy":"post_tag","embeddable":true,"href":"https:\/\/www.europesays.com\/es\/wp-json\/wp\/v2\/tags?post=521269"}],"curies":[{"name":"wp","href":"https:\/\/api.w.org\/{rel}","templated":true}]}}