{"id":521303,"date":"2026-04-28T05:19:12","date_gmt":"2026-04-28T05:19:12","guid":{"rendered":"https:\/\/www.europesays.com\/es\/521303\/"},"modified":"2026-04-28T05:19:12","modified_gmt":"2026-04-28T05:19:12","slug":"una-imagen-me-dice-todo-tu-pasado-de-un-solo-vistazo","status":"publish","type":"post","link":"https:\/\/www.europesays.com\/es\/521303\/","title":{"rendered":"&#8216;Una imagen me dice todo tu pasado de un solo vistazo&#8217;"},"content":{"rendered":"<p>La mayor\u00eda de la gente cree que una resonancia magn\u00e9tica cerebral es s\u00f3lo una instant\u00e1nea de lo que est\u00e1 mal en un momento determinado. Pero, Kavin Mistry, que lleva 20 a\u00f1os analizando estas im\u00e1genes neuronales nos advierte del error: \u00abEn una resonancia magn\u00e9tica cerebral no s\u00f3lo se muestra el presente, revela tu pasado y, con las herramientas adecuadas, predice tu futuro\u00bb, afirma este <a href=\"https:\/\/www.huffingtonpost.es\/life\/salud\/dr-victor-espuig-medico-familia-estamos-autentica-revolucion-sobre-manejo-enfermedad-alzheimer-f202604.html\" title=\"https:\/\/www.huffingtonpost.es\/life\/salud\/dr-victor-espuig-medico-familia-estamos-autentica-revolucion-sobre-manejo-enfermedad-alzheimer-f202604.html\" rel=\"nofollow noopener\" target=\"_blank\">m\u00e9dico<\/a>, quien ha realizado m\u00e1s de 300.000 estudios de neuroimagen antes de llegar a este descubrimiento, seg\u00fan cuenta en una entrevista publicada en <a href=\"https:\/\/www.youtube.com\/watch?v=vrkzIVENS8c\" title=\"https:\/\/www.youtube.com\/watch?v=vrkzIVENS8c\" target=\"_blank\" rel=\"nofollow noopener\">YouTube<\/a>. del p\u00f3dcast The Neuro Experience.<\/p>\n<p>Este neurorradi\u00f3logo, especialista en neuroimagen, analiza c\u00f3mo exactamente la IA est\u00e1 transformando lo que podemos detectar en el cerebro y por qu\u00e9 la ventana para intervenir es d\u00e9cadas antes de lo que nadie te dice. \u00abCuando hago <b>un primer esc\u00e1ner de una persona puedo contarle el pasado y, con un segundo, es cuando puedo decirles su futuro.<\/b> \u00abPor ejemplo, cuando miro la imagen de una persona y veo en ella que tiene entre 50 y 60 a\u00f1os, pero luego compruebo que resulta que en realidad tiene 78 a\u00f1os, entonces es cuando descubro que ese paciente est\u00e1 haciendo lo correcto con su salud\u00bb, se\u00f1ala este <a href=\"https:\/\/www.huffingtonpost.es\/life\/salud\/ines-moreno-sanchez-traumatologa-un-apreton-manos-predice-tendras-alzheimer-10nos-personas-fuerza-54-mas-riesgo-demencia-f202603.html\" title=\"https:\/\/www.huffingtonpost.es\/life\/salud\/ines-moreno-sanchez-traumatologa-un-apreton-manos-predice-tendras-alzheimer-10nos-personas-fuerza-54-mas-riesgo-demencia-f202603.html\" rel=\"nofollow noopener\" target=\"_blank\">experto<\/a>.<\/p>\n<p>Mistry lleva m\u00e1s de 25 a\u00f1os de experiencia en el descubrimiento de las complejidades del cuerpo y la mente humanos. Inspirado en su infancia con la tribu hadza en \u00c1frica, combina la sabidur\u00eda ancestral con la ciencia moderna para redefinir la salud y la longevidad. Imparte numerosas conferencias por el mundo sobre sus descubrimientos y ha escrito varios libros sobre su especialidad. Su objetivo, seg\u00fan asegura, es <b>\u00abempoderar\u00bb a las personas para revertir su edad biol\u00f3gica y disfrutar de una vida plena <\/b>a trav\u00e9s de el mejor conocimiento de c\u00f3mo funciona su cuerpo y su cerebro.<\/p>\n<p>Adem\u00e1s, sobre la raz\u00f3n por la cual la enfermedad de Alzheimer comienza, en realidad, en el organismo entre 20 y 30 a\u00f1os antes de que se produzca su diagn\u00f3stivo, Mistry explica que \u00abhay diferentes tipo de Alzheimer y que la degeneraci\u00f3n previa se detecta porque <b>se puede ver en los esc\u00e1neres cerebrales la presencia de la prote\u00edna beta-amiloide, <\/b>que se acumula formando placas fuera de las neuronas, que se ven claramente en las im\u00e1genes\u00bb. Estas prote\u00ednas son las responsables, junto a la prote\u00edna tau (que act\u00faa forma ovillos neurofibrilares en su interior del cerebro) de los procesos que provocan la muerte neuronal y el deterioro cognitivo.<\/p>\n<p>Como ejemplo de la relevancia que tienen estos estudios de imagen, Mistry menciona el de caso de una paciente: \u00ab<b>Una resonancia magn\u00e9tica volum\u00e9trica detect\u00f3 una p\u00e9rdida de volumen del hipocampo del 2,2 % en una mujer de unos 50 a\u00f1os que el ojo humano no pudo<\/b> <b>detectar <\/b>en dos esc\u00e1neres normales consecutivos\u00bb.<\/p>\n<p>Este experto insiste en que debemos ser conscientes de que lo relevantes que son tanto \u00abestas exploraciones volum\u00e9tricas, como la salud cardiovascular que tenemos y l<b>as decisiones diarias que tomamos, que llevan bien a proteger o degradar silenciosamente nuestro \u00f3rgano m\u00e1s importante<\/b>, el cerebro\u00bb.<\/p>\n","protected":false},"excerpt":{"rendered":"La mayor\u00eda de la gente cree que una resonancia magn\u00e9tica cerebral es s\u00f3lo una instant\u00e1nea de lo que&hellip;\n","protected":false},"author":2,"featured_media":521304,"comment_status":"","ping_status":"","sticky":false,"template":"","format":"standard","meta":{"footnotes":""},"categories":[92],"tags":[3350,5221,25,24,165,1294,6016,597,166,23,46012],"class_list":["post-521303","post","type-post","status-publish","format-standard","has-post-thumbnail","category-salud","tag-alzheimer","tag-consejos","tag-es","tag-espana","tag-health","tag-investigacion","tag-medicos","tag-prevencion","tag-salud","tag-spain","tag-trastornos-neurologicos"],"share_on_mastodon":{"url":"https:\/\/pubeurope.com\/@es\/116480649999320244","error":""},"_links":{"self":[{"href":"https:\/\/www.europesays.com\/es\/wp-json\/wp\/v2\/posts\/521303","targetHints":{"allow":["GET"]}}],"collection":[{"href":"https:\/\/www.europesays.com\/es\/wp-json\/wp\/v2\/posts"}],"about":[{"href":"https:\/\/www.europesays.com\/es\/wp-json\/wp\/v2\/types\/post"}],"author":[{"embeddable":true,"href":"https:\/\/www.europesays.com\/es\/wp-json\/wp\/v2\/users\/2"}],"replies":[{"embeddable":true,"href":"https:\/\/www.europesays.com\/es\/wp-json\/wp\/v2\/comments?post=521303"}],"version-history":[{"count":0,"href":"https:\/\/www.europesays.com\/es\/wp-json\/wp\/v2\/posts\/521303\/revisions"}],"wp:featuredmedia":[{"embeddable":true,"href":"https:\/\/www.europesays.com\/es\/wp-json\/wp\/v2\/media\/521304"}],"wp:attachment":[{"href":"https:\/\/www.europesays.com\/es\/wp-json\/wp\/v2\/media?parent=521303"}],"wp:term":[{"taxonomy":"category","embeddable":true,"href":"https:\/\/www.europesays.com\/es\/wp-json\/wp\/v2\/categories?post=521303"},{"taxonomy":"post_tag","embeddable":true,"href":"https:\/\/www.europesays.com\/es\/wp-json\/wp\/v2\/tags?post=521303"}],"curies":[{"name":"wp","href":"https:\/\/api.w.org\/{rel}","templated":true}]}}