{"id":521668,"date":"2026-04-28T10:36:26","date_gmt":"2026-04-28T10:36:26","guid":{"rendered":"https:\/\/www.europesays.com\/es\/521668\/"},"modified":"2026-04-28T10:36:26","modified_gmt":"2026-04-28T10:36:26","slug":"casas-santiago-premiadas-las-casas-de-santiago-que-conquistan-a-los-jurados-de-arquitectura","status":"publish","type":"post","link":"https:\/\/www.europesays.com\/es\/521668\/","title":{"rendered":"CASAS SANTIAGO PREMIADAS | Las casas de Santiago que conquistan a los jurados de arquitectura"},"content":{"rendered":"<p class=\"ft-text\">En los \u00faltimos a\u00f1os, <strong>varias casas unifamiliares <\/strong>en Santiago<strong> han llamado la atenci\u00f3n de jurados, colegios profesionales y premios de arquitectura<\/strong>. Todas ellas tienen algo en com\u00fan m\u00e1s all\u00e1 de una direcci\u00f3n compostelana: son<a class=\"ft-link ft-link--decoration\" href=\"https:\/\/www.elcorreogallego.es\/sociedad\/2026\/03\/03\/casas-modernas-santiago-revistas-decoracion-127507188.html\" target=\"_blank\" rel=\"nofollow noopener\"> proyectos que reivindican la vivienda como un terreno de experimentaci\u00f3n arquitect\u00f3nica<\/a>. La Casa 2M lleva al l\u00edmite las posibilidades de una parcela m\u00ednima y convierte la estrechez en argumento de proyecto, Mallou House apuesta por una presencia contenida, las dos viviendas pareadas de A Mu\u00ed\u00f1a exploran la transici\u00f3n entre la calle, la casa y los espacios exteriores, y tanto Choupana House como la vivienda en Sabugueira do Carballal muestran c\u00f3mo la <a class=\"ft-link ft-link--decoration\" href=\"https:\/\/www.elcorreogallego.es\/sociedad\/2024\/07\/25\/viviendas-espectaculares-santiago-salen-revistas-106038933.html\" target=\"_blank\" rel=\"nofollow noopener\">arquitectura familiar<\/a> puede relacionarse con la tradici\u00f3n gallega.<\/p>\n<p>1. Viviendas A Mu\u00ed\u00f1a<\/p>\n<p class=\"ft-text\">Las dos viviendas pareadas en A Mu\u00ed\u00f1a<strong> fueron una de las nueve obras distinguidas en la primera edici\u00f3n de los Premios PR\u00d3XIMOS 2024<\/strong>, convocados por la Delegaci\u00f3n de Santiago del Colexio Oficial de Arquitectos de Galicia (COAG). <strong>El proyecto est\u00e1 firmado por Alberto Redondo Porto, Jos\u00e9 Mart\u00edn Valladares Dur\u00e1n y Marcial Rodr\u00edguez Rodr\u00edguez, del estudio Redondo Valladares y Rodr\u00edguez<\/strong> y su cualidad m\u00e1s preciada es la inteligencia espacial. Llama la atenci\u00f3n tambi\u00e9n la forma en que la arquitectura construye su propio paisaje. Los muros de piedra y la vegetaci\u00f3n ayudan a integrar las casas en la parcela, de modo que no parecen edificios aislados, sino parte del paisaje. La entrada, el jard\u00edn y los recorridos exteriores est\u00e1n pensados para crear una transici\u00f3n natural entre la calle y el interior de las viviendas.<\/p>\n<p><img decoding=\"async\" src=\"https:\/\/www.europesays.com\/es\/wp-content\/uploads\/2026\/04\/9345e63d-e7a2-4c4f-9a92-849598ccbed6_alta-libre-aspect-ratio_default_0_x533y266.jpg\" width=\"1200\" height=\"901\" alt=\"Viviendas pareadas de A Mu\u00ed\u00f1a\" class=\"ft-helper-img-rd\" loading=\"lazy\" fetchpriority=\"auto\"\/><\/p>\n<p class=\"ft-helper-fontColor-quaternary ft-helper-fontSize-body-S ft-helper-spacer-t-xxs\">Viviendas pareadas en A Mu\u00ed\u00f1a  \/ Aestudio<\/p>\n<p>2. Casa 2M<\/p>\n<p class=\"ft-text\"><strong>Obra de \u00c1lvaro Mar\u00edn Dur\u00e1n y Alfonso Castro Lorenzo, del estudio compostelano 2es+<\/strong>, fue una de las viviendas reconocidas en los<strong> Premios PR\u00d3XIMOS 2024<\/strong>, convocados por el COAG.<a class=\"ft-link ft-link--decoration\" href=\"https:\/\/www.elcorreogallego.es\/santiago\/2026\/04\/09\/rehabilitacion-casa-santiago-compostela-premios-arquitectura-2026-128922449.html\" target=\"_blank\" rel=\"nofollow noopener\"> La casa se sit\u00faa en la r\u00faa do Medio<\/a> y parte de una condici\u00f3n muy singular: intervenir en una de las parcelas m\u00e1s estrechas del casco hist\u00f3rico. Y es que la vivienda tiene una fachada de apenas dos metros de ancho, una dificultad que se convierte en el principal argumento del proyecto. La intervenci\u00f3n ordena la vivienda en altura y aprovecha al m\u00e1ximo una secci\u00f3n muy estrecha, buscando luz, privacidad y continuidad espacial all\u00ed donde, en principio, parec\u00eda haber muy poco margen.<strong> Antes de este reconocimiento, la vivienda ya hab\u00eda tenido recorrido en cert\u00e1menes profesionales<\/strong>: 2es+ recoge que la Casa 2M fue finalista en los Premios de Arquitectura e Rehabilitaci\u00f3n de Galicia 2023 y tambi\u00e9n finalista en los XIX Premios COAG de Arquitectura, en la categor\u00eda de vivienda unifamiliar.<\/p>\n<p><img decoding=\"async\" src=\"https:\/\/www.europesays.com\/es\/wp-content\/uploads\/2026\/04\/85aee2f1-5608-47fd-b256-a8316955f304_alta-libre-aspect-ratio_default_0_x1125y600.jpg\" width=\"1200\" height=\"960\" alt=\"Casa 2M, uns de las m\u00e1s estrechas de Santiago\" class=\"ft-helper-img-rd\" loading=\"lazy\" fetchpriority=\"auto\"\/><\/p>\n<p class=\"ft-helper-fontColor-quaternary ft-helper-fontSize-body-S ft-helper-spacer-t-xxs\">Casa 2M, una de las m\u00e1s estrechas de Santiago  \/ 2es+<\/p>\n<p>3. Mallou House<\/p>\n<p class=\"ft-text\">Esta vivienda,<strong> obra tambi\u00e9n de \u00c1lvaro Mar\u00edn Dur\u00e1n y Alfonso Castro Lorenzo de 2es+<\/strong>, fue<strong> finalista el a\u00f1o pasado en los XXI Premios COAG<\/strong> de Arquitectura en la categor\u00eda de vivienda unifamiliar. Adem\u00e1s, fue una de las once propuestas gallegas seleccionadas para los<strong> Premios ARQUITECTURA 2025<\/strong>, organizados por el Consejo Superior de los Colegios de Arquitectos de Espa\u00f1a junto a COMPAC. Mallou House es una casa que entiende el lugar antes de construirse. En un barrio del norte de Santiago, entre Salgueiri\u00f1os y As Cancelas, el proyecto parte de la escala de las edificaciones vecinas y del desnivel de la parcela para levantar una vivienda sencilla en apariencia, blanca y con cubierta a dos aguas, pero cuidadosamente adaptada al terreno.<strong> Su arquitectura se protege hacia la r\u00faa Mallou y se abre hacia el interior<\/strong>, buscando luz, intimidad y una relaci\u00f3n m\u00e1s amable con la parcela.<\/p>\n<p><img decoding=\"async\" src=\"https:\/\/www.europesays.com\/es\/wp-content\/uploads\/2026\/04\/8dd83a6c-a24c-49b0-a165-2689ac24ec45_alta-libre-aspect-ratio_default_0_x857y666.jpg\" width=\"1200\" height=\"1400\" alt=\"Mallou House\" class=\"ft-helper-img-rd\" loading=\"lazy\" fetchpriority=\"auto\"\/><\/p>\n<p class=\"ft-helper-fontColor-quaternary ft-helper-fontSize-body-S ft-helper-spacer-t-xxs\">Mallou House  \/ 2es+<\/p>\n<p>4. Choupana House<\/p>\n<p class=\"ft-text\">Est\u00e1 situada en la <strong>calle Luis V\u00e1zquez Parga n\u00ba 9, en la Colonia de la Choupana<\/strong>, uno de los antiguos conjuntos de \u00abcasas baratas\u00bb de Santiago. El <strong>proyecto fue realizado por 2es+ y recibi\u00f3 un acc\u00e9sit en el Premio Juana de Vega de Arquitectura 2015<\/strong>, dentro de la categor\u00eda de vivienda unifamiliar. Tambi\u00e9n fue<strong> finalista en los XVI Premios COAG de Arquitectura<\/strong>. Una de sus principales cualidades es que trabaja con una condici\u00f3n muy concreta: hacer una vivienda contempor\u00e1nea sin romper la unidad del barrio. La normativa obligaba a conservar la composici\u00f3n y el tratamiento de la fachada hacia la calle, mientras permit\u00eda m\u00e1s libertad hacia el patio interior. A partir de esa restricci\u00f3n, el proyecto act\u00faa casi como una casa dentro de otra: mantiene la imagen exterior del conjunto y se abre hacia el patio posterior, orientado al sur, para captar luz y calor.<\/p>\n<p><img decoding=\"async\" src=\"https:\/\/www.europesays.com\/es\/wp-content\/uploads\/2026\/04\/90577a5c-a81d-4c37-a6ed-3cbea5e46b01_alta-libre-aspect-ratio_default_0_x1000y500.jpg\" width=\"1200\" height=\"900\" alt=\"Choupana House, en Luis V\u00e1zquez Parga\" class=\"ft-helper-img-rd\" loading=\"lazy\" fetchpriority=\"auto\"\/><\/p>\n<p class=\"ft-helper-fontColor-quaternary ft-helper-fontSize-body-S ft-helper-spacer-t-xxs\">Choupana House, en Luis V\u00e1zquez Parga  \/ juanadevega.org<\/p>\n<p>5. Vivienda en Sabugueira do Carballal<\/p>\n<p class=\"ft-text\">La vivienda unifamiliar en Sabugueira do Carballal, en Santiago, es una<strong> obra de \u00d3scar e Iv\u00e1n Andr\u00e9s Quintela, de Arrokabe Arquitectos<\/strong>. Su cubierta a dos aguas, su escala contenida y su relaci\u00f3n con las construcciones auxiliares del rural gallego explican el acc\u00e9sit obtenido en los<strong> Premios Juana de Vega 2011<\/strong>: una casa pensada desde el uso diario, la accesibilidad y el respeto al lugar.<\/p>\n<p><img decoding=\"async\" src=\"https:\/\/www.europesays.com\/es\/wp-content\/uploads\/2026\/04\/14c64287-b198-4d72-b60c-bb2a12865ebb_alta-libre-aspect-ratio_default_0_x1000y275.jpg\" width=\"1200\" height=\"496\" alt=\"Vivienda en Sabugueira do Carballal\" class=\"ft-helper-img-rd\" loading=\"lazy\" fetchpriority=\"auto\"\/><\/p>\n<p class=\"ft-helper-fontColor-quaternary ft-helper-fontSize-body-S ft-helper-spacer-t-xxs\">Vivienda en Sabugueira do Carballal  \/ juanadevega.org<\/p>\n<p class=\"ft-text\">Una de sus principales cualidades est\u00e1 en la forma de implantarse en la parcela. La vivienda se coloca en la parte alta del terreno, alej\u00e1ndose de las v\u00edas rodadas y creando un jard\u00edn propio abierto al sudeste. Ese gesto permite proteger la casa de la carretera sin renunciar a las vistas hacia el suroeste.<\/p>\n","protected":false},"excerpt":{"rendered":"En los \u00faltimos a\u00f1os, varias casas unifamiliares en Santiago han llamado la atenci\u00f3n de jurados, colegios profesionales y&hellip;\n","protected":false},"author":2,"featured_media":521669,"comment_status":"","ping_status":"","sticky":false,"template":"","format":"standard","meta":{"footnotes":""},"categories":[173],"tags":[801,229,233,231,230,3738,42114,32411,232,234,146,147,25,24,89273,532,2450,23,5002],"class_list":["post-521668","post","type-post","status-publish","format-standard","has-post-thumbnail","category-arte-y-diseno","tag-arquitectura","tag-arte","tag-arte-y-diseno","tag-arts","tag-arts-and-design","tag-casas","tag-coag","tag-conquistan","tag-design","tag-diseno","tag-entertainment","tag-entretenimiento","tag-es","tag-espana","tag-jurados","tag-premios","tag-santiago","tag-spain","tag-viviendas"],"share_on_mastodon":{"url":"https:\/\/pubeurope.com\/@es\/116481897132069837","error":""},"_links":{"self":[{"href":"https:\/\/www.europesays.com\/es\/wp-json\/wp\/v2\/posts\/521668","targetHints":{"allow":["GET"]}}],"collection":[{"href":"https:\/\/www.europesays.com\/es\/wp-json\/wp\/v2\/posts"}],"about":[{"href":"https:\/\/www.europesays.com\/es\/wp-json\/wp\/v2\/types\/post"}],"author":[{"embeddable":true,"href":"https:\/\/www.europesays.com\/es\/wp-json\/wp\/v2\/users\/2"}],"replies":[{"embeddable":true,"href":"https:\/\/www.europesays.com\/es\/wp-json\/wp\/v2\/comments?post=521668"}],"version-history":[{"count":0,"href":"https:\/\/www.europesays.com\/es\/wp-json\/wp\/v2\/posts\/521668\/revisions"}],"wp:featuredmedia":[{"embeddable":true,"href":"https:\/\/www.europesays.com\/es\/wp-json\/wp\/v2\/media\/521669"}],"wp:attachment":[{"href":"https:\/\/www.europesays.com\/es\/wp-json\/wp\/v2\/media?parent=521668"}],"wp:term":[{"taxonomy":"category","embeddable":true,"href":"https:\/\/www.europesays.com\/es\/wp-json\/wp\/v2\/categories?post=521668"},{"taxonomy":"post_tag","embeddable":true,"href":"https:\/\/www.europesays.com\/es\/wp-json\/wp\/v2\/tags?post=521668"}],"curies":[{"name":"wp","href":"https:\/\/api.w.org\/{rel}","templated":true}]}}