{"id":522013,"date":"2026-04-28T14:44:11","date_gmt":"2026-04-28T14:44:11","guid":{"rendered":"https:\/\/www.europesays.com\/es\/522013\/"},"modified":"2026-04-28T14:44:11","modified_gmt":"2026-04-28T14:44:11","slug":"clasificaciones-completas-de-la-3a-etapa-del-tour-de-turquia-2026-esciclismo","status":"publish","type":"post","link":"https:\/\/www.europesays.com\/es\/522013\/","title":{"rendered":"Clasificaciones completas de la 3\u00aa etapa del Tour de Turqu\u00eda 2026 &#8211; Esciclismo"},"content":{"rendered":"<ol>\n<li><a href=\"https:\/\/news.google.com\/rss\/articles\/CBMiakFVX3lxTE0wNWZwQnRMMzEwcVNnaDdTQ01PdmZYLVpWdjBZaDFPVjk5T2hDY0xLSG01Mzg1d1c4aHhTSEtGYXh2TTZmcm5tYTJ2X3ZMakJQdDVCQUdiXzBWQzl5RTRmajF3QklQbGtGU3c?oc=5\" target=\"_blank\" rel=\"nofollow noopener\">Clasificaciones completas de la 3\u00aa etapa del Tour de Turqu\u00eda 2026<\/a>&nbsp;&nbsp;Esciclismo<\/li>\n<li><a href=\"https:\/\/news.google.com\/rss\/articles\/CBMihAJBVV95cUxNS09iVUQxQk5mMXB4WWh2VlJQNU9nR29GSHFQQjBnVHNVQTN0dTRfdHYxbS0ydURjWk5zYXcyeG1QMmpjWjI2ZXJOUnNueGoxbFI4cG5LZXFGMlpSdHNzdmFlb0htR09kUTJwRUJrNWVaZXpyOUl0SUZBVlBkWUxwcmN3Vlg5OEZBNXJGTFo1b2hZelJJdVFtYm9zal9mSlFUaTZibTlIb3ZiWFZMUERfVnZxN05QM3kyRkxzd0loMlQwZmxaS1NLdVhEczJZVTVPLXFaQUVIUU1sLS1fS2pHejZHNkhleDVXeUc4S3VlQ2plOWJwcXZVaVd2Tjc2OVlYSWpGTw?oc=5\" target=\"_blank\" rel=\"nofollow noopener\">Kern Pharma triunfa en Turqu\u00eda: Emotiva victoria de Iv\u00e1n Ramiro Sosa cuatro a\u00f1os despu\u00e9s<\/a>&nbsp;&nbsp;Eurosport<\/li>\n<li><a href=\"https:\/\/news.google.com\/rss\/articles\/CBMinwFBVV95cUxOOU03ejN4RHlON1dzUHRXdE5IUkpqRTlqMzBKeWhDdkdUc2pxdHd5d3haMmNEZDEwWHhiVDZZVHJKbjdxV3hCNV84UTlOaXhHa3pOWnBvc3h6MjNtZFYxSmY5alZxRkU4R0NZd2k5MlBzMWVPbW5nU2stajNxNXlfN0gyNmxLN0o3Zl9wYnZzTGpRSGlpZUpqM1lJeWJsRW_SAZ8BQVVfeXFMT2IzTGh3MEVnWlVtV3NGaXBwd29yQUttMjBJVFZ5cWlMOUZXemhaZkFDdGx2SHlseDNSOUJZUVF0N0tYVWROWTdZeTB6VUJvaGRiblJIa0NzVkJWU1FzUUxQNUc4MHdlTnl5T25tZDFBMzVySS1XekwxODFmbTQwR3ZBS2lRSklEejVMZkFfdjFVUVV2UVFfdWZNSU1jMkh3?oc=5\" target=\"_blank\" rel=\"nofollow noopener\">Sosa renace en Turqu\u00eda: alza los brazos cuatro a\u00f1os despu\u00e9s<\/a>&nbsp;&nbsp;MARCA<\/li>\n<li><a href=\"https:\/\/news.google.com\/rss\/articles\/CBMixwFBVV95cUxNVk1oRkctUlRLX1ZVRGJBMzFfalNNeW9xTWtsYi1NZGNoQnFScWcybGpvMlNtWnVPeWRFd1dkdWp3MGprcGZKbUZudmlheE0wQ2tOZURZdmtEM2JfZzRnQUNsdlZPX3NJRWZfYVBPelRhVEFmRHNjZXAtT2ZnTDdWRlJKWkVaNzYtX2VZekNxczRZV2Y3VktXamFkUGIwZWQ1YjRRZ29ORmxCclBRZjV0OFZ2Z25YcWV5TVRfdWtjbjhVWlJyVHZj?oc=5\" target=\"_blank\" rel=\"nofollow noopener\">\u201cHe pasado un periodo muy malo\u201d: Iv\u00e1n Sosa renace con una victoria crucial en la Vuelta a Turqu\u00eda<\/a>&nbsp;&nbsp;Ciclismoaldia.es<\/li>\n<li><a href=\"https:\/\/news.google.com\/rss\/articles\/CBMi0AFBVV95cUxQNGpDM25ydXIwMFhBajcxRC1CazFvZmREd3gzbGczNWoxY2tYV1FpMWtReGZQdkZvX2JsdnRHQUFsc2xHQVdhbU80UGVOUXZoWU1NZE02RmNGa0Y3NkdvMVNBVlI0UEVzNnNTMkRJMXF4Ym13bkZOY2VPVGtkOXdyaTI2MHBNYXZpSkJFWWRWOVVCVFNUZ2dnU1RKZ0lybTJqYXR1QklpM2RaZ3lUNFMzS042TWtheVhoNlF0bDc2Nm9UbHFWdnpMX01RdG52a00w?oc=5\" target=\"_blank\" rel=\"nofollow noopener\">Resultados Vuelta a Turqu\u00eda 2026 Etapa 3 | \u00a1Iv\u00e1n Sosa gana 4 a\u00f1os despu\u00e9s! Gran victoria para Kern Pharma<\/a>&nbsp;&nbsp;Ciclismoaldia.es<\/li>\n<\/ol>\n","protected":false},"excerpt":{"rendered":"Clasificaciones completas de la 3\u00aa etapa del Tour de Turqu\u00eda 2026&nbsp;&nbsp;Esciclismo Kern Pharma triunfa en Turqu\u00eda: Emotiva victoria&hellip;\n","protected":false},"author":2,"featured_media":522014,"comment_status":"","ping_status":"","sticky":false,"template":"","format":"standard","meta":{"footnotes":""},"categories":[273],"tags":[10605,13099,517,7223,63650,18791,313,1757,5776,12652,10084,55199,312,168,7368,25,24,53841,314,5807,48998,4358,293,5803,5215,103130,1689,6598,102898,7797,5329,5804,36156,8155,8001,23,167,316,8584,1261],"class_list":["post-522013","post","type-post","status-publish","format-standard","has-post-thumbnail","category-ciclismo","tag-a","tag-abril","tag-actualidad","tag-as","tag-ataco","tag-carretera","tag-ciclismo","tag-ciclista","tag-cima","tag-clasificaciones","tag-colombiano","tag-completas","tag-cycling","tag-deportes","tag-disputada","tag-es","tag-espana","tag-estas","tag-etapa","tag-exigente","tag-html","tag-ivan","tag-jornada","tag-kern","tag-kilometros","tag-kiran","tag-llevo","tag-localidad","tag-marmaris","tag-martes","tag-montana","tag-pharma","tag-ramiro","tag-solitario","tag-sosa","tag-spain","tag-sports","tag-tour","tag-turquia","tag-victoria"],"share_on_mastodon":{"url":"https:\/\/pubeurope.com\/@es\/116482871597137340","error":""},"_links":{"self":[{"href":"https:\/\/www.europesays.com\/es\/wp-json\/wp\/v2\/posts\/522013","targetHints":{"allow":["GET"]}}],"collection":[{"href":"https:\/\/www.europesays.com\/es\/wp-json\/wp\/v2\/posts"}],"about":[{"href":"https:\/\/www.europesays.com\/es\/wp-json\/wp\/v2\/types\/post"}],"author":[{"embeddable":true,"href":"https:\/\/www.europesays.com\/es\/wp-json\/wp\/v2\/users\/2"}],"replies":[{"embeddable":true,"href":"https:\/\/www.europesays.com\/es\/wp-json\/wp\/v2\/comments?post=522013"}],"version-history":[{"count":0,"href":"https:\/\/www.europesays.com\/es\/wp-json\/wp\/v2\/posts\/522013\/revisions"}],"wp:featuredmedia":[{"embeddable":true,"href":"https:\/\/www.europesays.com\/es\/wp-json\/wp\/v2\/media\/522014"}],"wp:attachment":[{"href":"https:\/\/www.europesays.com\/es\/wp-json\/wp\/v2\/media?parent=522013"}],"wp:term":[{"taxonomy":"category","embeddable":true,"href":"https:\/\/www.europesays.com\/es\/wp-json\/wp\/v2\/categories?post=522013"},{"taxonomy":"post_tag","embeddable":true,"href":"https:\/\/www.europesays.com\/es\/wp-json\/wp\/v2\/tags?post=522013"}],"curies":[{"name":"wp","href":"https:\/\/api.w.org\/{rel}","templated":true}]}}