{"id":522047,"date":"2026-04-28T15:07:09","date_gmt":"2026-04-28T15:07:09","guid":{"rendered":"https:\/\/www.europesays.com\/es\/522047\/"},"modified":"2026-04-28T15:07:09","modified_gmt":"2026-04-28T15:07:09","slug":"ivan-ramiro-sosa-gana-en-kiran-y-se-viste-de-lider-en-el-tour-de-turquia-esciclismo","status":"publish","type":"post","link":"https:\/\/www.europesays.com\/es\/522047\/","title":{"rendered":"Iv\u00e1n Ramiro Sosa gana en Kiran y se viste de l\u00edder en el Tour de Turqu\u00eda &#8211; Esciclismo"},"content":{"rendered":"<ol>\n<li><a href=\"https:\/\/news.google.com\/rss\/articles\/CBMiakFVX3lxTE1iWWNHTDNjYmE5RHVUcmtEMS1KbjdZLVhpQU5QTjJxWDNqTmdOWUx4U0hDSzBWOTY4dTZGcWRVTXVpcmxGaDU1X0VTY2dKRC1Wc0Zvc0NZRmJSM3RTcVZlbFk1cE1nSEdNdXc?oc=5\" target=\"_blank\" rel=\"nofollow noopener\">Iv\u00e1n Ramiro Sosa gana en Kiran y se viste de l\u00edder en el Tour de Turqu\u00eda<\/a>&nbsp;&nbsp;Esciclismo<\/li>\n<li><a href=\"https:\/\/news.google.com\/rss\/articles\/CBMihAJBVV95cUxNS09iVUQxQk5mMXB4WWh2VlJQNU9nR29GSHFQQjBnVHNVQTN0dTRfdHYxbS0ydURjWk5zYXcyeG1QMmpjWjI2ZXJOUnNueGoxbFI4cG5LZXFGMlpSdHNzdmFlb0htR09kUTJwRUJrNWVaZXpyOUl0SUZBVlBkWUxwcmN3Vlg5OEZBNXJGTFo1b2hZelJJdVFtYm9zal9mSlFUaTZibTlIb3ZiWFZMUERfVnZxN05QM3kyRkxzd0loMlQwZmxaS1NLdVhEczJZVTVPLXFaQUVIUU1sLS1fS2pHejZHNkhleDVXeUc4S3VlQ2plOWJwcXZVaVd2Tjc2OVlYSWpGTw?oc=5\" target=\"_blank\" rel=\"nofollow noopener\">Kern Pharma triunfa en Turqu\u00eda: Emotiva victoria de Iv\u00e1n Ramiro Sosa cuatro a\u00f1os despu\u00e9s<\/a>&nbsp;&nbsp;Eurosport<\/li>\n<li><a href=\"https:\/\/news.google.com\/rss\/articles\/CBMinwFBVV95cUxOOU03ejN4RHlON1dzUHRXdE5IUkpqRTlqMzBKeWhDdkdUc2pxdHd5d3haMmNEZDEwWHhiVDZZVHJKbjdxV3hCNV84UTlOaXhHa3pOWnBvc3h6MjNtZFYxSmY5alZxRkU4R0NZd2k5MlBzMWVPbW5nU2stajNxNXlfN0gyNmxLN0o3Zl9wYnZzTGpRSGlpZUpqM1lJeWJsRW_SAZ8BQVVfeXFMT2IzTGh3MEVnWlVtV3NGaXBwd29yQUttMjBJVFZ5cWlMOUZXemhaZkFDdGx2SHlseDNSOUJZUVF0N0tYVWROWTdZeTB6VUJvaGRiblJIa0NzVkJWU1FzUUxQNUc4MHdlTnl5T25tZDFBMzVySS1XekwxODFmbTQwR3ZBS2lRSklEejVMZkFfdjFVUVV2UVFfdWZNSU1jMkh3?oc=5\" target=\"_blank\" rel=\"nofollow noopener\">Sosa renace en Turqu\u00eda: alza los brazos cuatro a\u00f1os despu\u00e9s<\/a>&nbsp;&nbsp;MARCA<\/li>\n<li><a href=\"https:\/\/news.google.com\/rss\/articles\/CBMiyAFBVV95cUxQM0kzdW9icDYxams0MDV4UkwzWVZzQjVWVDVjeEZrOHN0aTVKNXExTllHc2tfUk5NRXMteWY2ZXRWTnBMelNfR200cGdMMk5OTHJvOE45b3ZLc0FWVGtwZHBKOWJJR01iYUFxaVFZaGh6bVpDTGdrRHlnNTBPYmVfU3VVMUZuOVRyOFJWQjhLUWhWQlF2UVlOWUlhSzYtT0N1WG5tOW5YdGJDaG9XbC1Ea3l4T0VOZy1LcmhGU1pZWGRjaUItblVIR9IB1gFBVV95cUxONTZXOW16OEtEUUg4V1dDVHRHbkZCekNtOUdXd0NSd0NfaVFEa3RuUTNXVFZEbFQ0S0ptWmhWRmY1LUpvbllDRkN5UjVKZGM1MVdfajhOYVdiVG54dHRscUFISFlFVGtweGlLQmRFQS1SYjFUV3BkY2laQzZkcXQ2QkNfenlPdUxFaDVjVDhXQm4zbGEzRnJtNDBLaUU3cTdrWUhkTThIS181ZmlSSi1BbjNUYVZJZk1ZMmJRRWo0QTRab3VvR2ZldDk0bndRU2RRbWp0dWFn?oc=5\" target=\"_blank\" rel=\"nofollow noopener\">Iv\u00e1n Ramiro Sosa tortura a sus rivales en Turqu\u00eda y vuelve a ganar cinco a\u00f1os despu\u00e9s<\/a>&nbsp;&nbsp;Mundo Deportivo<\/li>\n<li><a href=\"https:\/\/news.google.com\/rss\/articles\/CBMiakFVX3lxTE0wNWZwQnRMMzEwcVNnaDdTQ01PdmZYLVpWdjBZaDFPVjk5T2hDY0xLSG01Mzg1d1c4aHhTSEtGYXh2TTZmcm5tYTJ2X3ZMakJQdDVCQUdiXzBWQzl5RTRmajF3QklQbGtGU3c?oc=5\" target=\"_blank\" rel=\"nofollow noopener\">Clasificaciones completas de la 3\u00aa etapa del Tour de Turqu\u00eda 2026<\/a>&nbsp;&nbsp;Esciclismo<\/li>\n<\/ol>\n","protected":false},"excerpt":{"rendered":"Iv\u00e1n Ramiro Sosa gana en Kiran y se viste de l\u00edder en el Tour de Turqu\u00eda&nbsp;&nbsp;Esciclismo Kern Pharma&hellip;\n","protected":false},"author":2,"featured_media":522048,"comment_status":"","ping_status":"","sticky":false,"template":"","format":"standard","meta":{"footnotes":""},"categories":[273],"tags":[63650,313,4616,10084,900,312,168,7368,25,24,314,3015,15112,4358,5803,5215,103130,5564,102898,7797,524,5804,36156,57,8155,8001,23,167,2393,316,8584],"class_list":["post-522047","post","type-post","status-publish","format-standard","has-post-thumbnail","category-ciclismo","tag-ataco","tag-ciclismo","tag-clasificacion","tag-colombiano","tag-convirtio","tag-cycling","tag-deportes","tag-disputada","tag-es","tag-espana","tag-etapa","tag-general","tag-impuso","tag-ivan","tag-kern","tag-kilometros","tag-kiran","tag-lider","tag-marmaris","tag-martes","tag-nuevo","tag-pharma","tag-ramiro","tag-sobre","tag-solitario","tag-sosa","tag-spain","tag-sports","tag-tercera","tag-tour","tag-turquia"],"share_on_mastodon":{"url":"https:\/\/pubeurope.com\/@es\/116482962049561273","error":""},"_links":{"self":[{"href":"https:\/\/www.europesays.com\/es\/wp-json\/wp\/v2\/posts\/522047","targetHints":{"allow":["GET"]}}],"collection":[{"href":"https:\/\/www.europesays.com\/es\/wp-json\/wp\/v2\/posts"}],"about":[{"href":"https:\/\/www.europesays.com\/es\/wp-json\/wp\/v2\/types\/post"}],"author":[{"embeddable":true,"href":"https:\/\/www.europesays.com\/es\/wp-json\/wp\/v2\/users\/2"}],"replies":[{"embeddable":true,"href":"https:\/\/www.europesays.com\/es\/wp-json\/wp\/v2\/comments?post=522047"}],"version-history":[{"count":0,"href":"https:\/\/www.europesays.com\/es\/wp-json\/wp\/v2\/posts\/522047\/revisions"}],"wp:featuredmedia":[{"embeddable":true,"href":"https:\/\/www.europesays.com\/es\/wp-json\/wp\/v2\/media\/522048"}],"wp:attachment":[{"href":"https:\/\/www.europesays.com\/es\/wp-json\/wp\/v2\/media?parent=522047"}],"wp:term":[{"taxonomy":"category","embeddable":true,"href":"https:\/\/www.europesays.com\/es\/wp-json\/wp\/v2\/categories?post=522047"},{"taxonomy":"post_tag","embeddable":true,"href":"https:\/\/www.europesays.com\/es\/wp-json\/wp\/v2\/tags?post=522047"}],"curies":[{"name":"wp","href":"https:\/\/api.w.org\/{rel}","templated":true}]}}