{"id":522107,"date":"2026-04-28T15:47:15","date_gmt":"2026-04-28T15:47:15","guid":{"rendered":"https:\/\/www.europesays.com\/es\/522107\/"},"modified":"2026-04-28T15:47:15","modified_gmt":"2026-04-28T15:47:15","slug":"defensa-impulsa-el-nuevo-sistema-de-entrenamiento-avanzado-de-pilotos-como-proyecto-de-desarrollo-industrial-nacional","status":"publish","type":"post","link":"https:\/\/www.europesays.com\/es\/522107\/","title":{"rendered":"Defensa impulsa el nuevo sistema de entrenamiento avanzado de pilotos como proyecto de desarrollo industrial nacional"},"content":{"rendered":"<p>\t\t\t\t\t\t28\/04\/2026<br \/>\n\t\t\t\t\t\t<a href=\"https:\/\/twitter.com\/Defensagob\" title=\"Twitter\" rel=\"nofollow noopener\" target=\"_blank\"><img decoding=\"async\" src=\"https:\/\/www.europesays.com\/es\/wp-content\/uploads\/2026\/02\/siguenosTwitter1.png\" alt=\"Twitter\"\/> <\/a><\/p>\n<p>\n\t\t\t\t\t\t\t<strong>La secretaria de Estado de Defensa preside el acto y destaca el efecto tractor del programa para la industria nacional y el empleo<\/strong>\n\t\t\t\t\t\t<\/p>\n<p><strong>El foro re\u00fane a empresas espa\u00f1olas, instituciones y socios internacionales en torno al desarrollo del sistema de entrenamiento de combate<\/strong><\/p>\n<p>La secretaria de Estado de Defensa, Amparo Valcarce, ha presidido hoy en Getafe el foro de la industria espa\u00f1ola, organizado por Airbus, que ha reunido a las empresas espa\u00f1olas responsables del desarrollo del nuevo sistema de entrenamiento integrado de combate (ITS-C) del Ej\u00e9rcito del Aire y del Espacio.<\/p>\n<p>El acto ha contado con la participaci\u00f3n del secretario de Industrias de Defensa de Turqu\u00eda, Haluk G\u00f6rg\u00fcn, as\u00ed como representantes del Ministerio de Defensa y de las empresas que integran la soluci\u00f3n industrial del programa. Durante su intervenci\u00f3n, la secretaria de Estado ha destacado el fuerte componente nacional del programa, subrayando que \u201cse trata de un proyecto que moviliza a nuestra industria, genera conocimiento, empleo y oportunidades en toda la cadena de valor\u201d.<\/p>\n<p>Asimismo, Valcarce ha puesto en valor la capacidad de la industria nacional para participar en el desarrollo de sistemas complejos, destacando que el proyecto \u201crefuerza nuestra autonom\u00eda estrat\u00e9gica al permitir dise\u00f1ar, integrar y evolucionar capacidades propias, reduciendo dependencias cr\u00edticas\u201d.<\/p>\n<p>UN PROYECTO TRACTOR PARA LA INDUSTRIA ESPA\u00d1OLA<\/p>\n<p>El programa ITS-C, cuya formalizaci\u00f3n se ha escenificado en este acto, constituye una iniciativa estrat\u00e9gica del Ministerio de Defensa para sustituir la\u00a0actual flota de aviones F-5 mediante un sistema integral de entrenamiento avanzado adaptado a los escenarios operativos del siglo XXI. Liderado por la industria nacional, con Airbus como contratista principal, el programa cuenta con una destacada participaci\u00f3n de empresas espa\u00f1olas y se desarrolla en el marco de la cooperaci\u00f3n industrial con Turqu\u00eda, integrando capacidades complementarias y aportando valor tecnol\u00f3gico.<\/p>\n<p>El sistema abarca todo el proceso de formaci\u00f3n avanzada de los pilotos de combate, incluyendo la incorporaci\u00f3n de una nueva flota de aeronaves \u2014SAETA II\u2014, as\u00ed como el desarrollo de sistemas de entrenamiento en tierra con simuladores de \u00faltima generaci\u00f3n. Asimismo, contempla el redise\u00f1o del Centro de Entrenamiento de la Escuela de Caza y Ataque en la Base A\u00e9rea de Talavera la Real, integrando capacidades de operaci\u00f3n, mantenimiento y apoyo log\u00edstico para garantizar la m\u00e1xima disponibilidad del sistema.<\/p>\n<p>El desarrollo del programa se articular\u00e1 en varias fases, incluyendo la integraci\u00f3n de sistemas de avi\u00f3nica y misi\u00f3n de \u00faltima generaci\u00f3n y la progresiva adaptaci\u00f3n del sistema a los requisitos nacionales.<\/p>\n<p>Con esta iniciativa, el Ministerio de Defensa reafirma su compromiso con una pol\u00edtica de defensa basada en la innovaci\u00f3n, la cooperaci\u00f3n y el desarrollo industrial, contribuyendo al fortalecimiento de la Base Industrial y Tecnol\u00f3gica de la Defensa y a la seguridad y prosperidad del pa\u00eds.<\/p>\n<p>\t\t\t\t<script async src=\"https:\/\/platform.twitter.com\/widgets.js\" charset=\"utf-8\"><\/script><\/p>\n","protected":false},"excerpt":{"rendered":"28\/04\/2026 La secretaria de Estado de Defensa preside el acto y destaca el efecto tractor del programa para&hellip;\n","protected":false},"author":2,"featured_media":407710,"comment_status":"","ping_status":"","sticky":false,"template":"","format":"standard","meta":{"footnotes":""},"categories":[5],"tags":[17,18,1616,2591,25,2586,24,2593,13,14,2588,2589,2590,2587,11,19,20,2592,2585,2584,9,10,15,16,23,12,21,22],"class_list":["post-522107","post","type-post","status-publish","format-standard","has-post-thumbnail","category-titulares","tag-breaking-news","tag-breakingnews","tag-defensa","tag-ejrcito-espaol","tag-es","tag-espaa","tag-espana","tag-fas","tag-featured-news","tag-featurednews","tag-ffaa","tag-fuerzas-armadas","tag-fuerzas-armadas-profesionales","tag-gobierno-de-espaa","tag-headlines","tag-latest-news","tag-latestnews","tag-mde","tag-ministerio-de-defensa","tag-ministerio-defensa","tag-news","tag-noticias","tag-noticias-destacadas","tag-noticiasdestacadas","tag-spain","tag-titulares","tag-ultimas-noticias","tag-ultimasnoticias"],"share_on_mastodon":{"url":"","error":"Validation failed: Text character limit of 500 exceeded"},"_links":{"self":[{"href":"https:\/\/www.europesays.com\/es\/wp-json\/wp\/v2\/posts\/522107","targetHints":{"allow":["GET"]}}],"collection":[{"href":"https:\/\/www.europesays.com\/es\/wp-json\/wp\/v2\/posts"}],"about":[{"href":"https:\/\/www.europesays.com\/es\/wp-json\/wp\/v2\/types\/post"}],"author":[{"embeddable":true,"href":"https:\/\/www.europesays.com\/es\/wp-json\/wp\/v2\/users\/2"}],"replies":[{"embeddable":true,"href":"https:\/\/www.europesays.com\/es\/wp-json\/wp\/v2\/comments?post=522107"}],"version-history":[{"count":0,"href":"https:\/\/www.europesays.com\/es\/wp-json\/wp\/v2\/posts\/522107\/revisions"}],"wp:featuredmedia":[{"embeddable":true,"href":"https:\/\/www.europesays.com\/es\/wp-json\/wp\/v2\/media\/407710"}],"wp:attachment":[{"href":"https:\/\/www.europesays.com\/es\/wp-json\/wp\/v2\/media?parent=522107"}],"wp:term":[{"taxonomy":"category","embeddable":true,"href":"https:\/\/www.europesays.com\/es\/wp-json\/wp\/v2\/categories?post=522107"},{"taxonomy":"post_tag","embeddable":true,"href":"https:\/\/www.europesays.com\/es\/wp-json\/wp\/v2\/tags?post=522107"}],"curies":[{"name":"wp","href":"https:\/\/api.w.org\/{rel}","templated":true}]}}