{"id":522138,"date":"2026-04-28T16:09:16","date_gmt":"2026-04-28T16:09:16","guid":{"rendered":"https:\/\/www.europesays.com\/es\/522138\/"},"modified":"2026-04-28T16:09:16","modified_gmt":"2026-04-28T16:09:16","slug":"que-dice-el-estatuto-de-mas-madrid-sobre-las-primarias-preguntas-y-respuestas-tras-el-choque-entre-emilio-delgado-y-monica-garcia","status":"publish","type":"post","link":"https:\/\/www.europesays.com\/es\/522138\/","title":{"rendered":"\u00bfQu\u00e9 dice el estatuto de M\u00e1s Madrid sobre las primarias? Preguntas y respuestas tras el choque entre Emilio Delgado y M\u00f3nica Garc\u00eda"},"content":{"rendered":"<p class=\"article-text\">\n        \u201cSi me dais vuestro respaldo, quiero ser la pr\u00f3xima presidenta de la Comunidad de Madrid\u201d. Con estas palabras <a href=\"https:\/\/www.eldiario.es\/madrid\/monica-garcia-anuncia-sera-candidata-madrid-disputarle-presidencia-madrilena-ayuso_1_13172067.html\" data-mrf-recirculation=\"links-noticia\" class=\"link\" rel=\"nofollow noopener\" target=\"_blank\">anunciaba M\u00f3nica Garc\u00eda<\/a> su intenci\u00f3n de postularse a las primarias de M\u00e1s Madrid el pasado s\u00e1bado. Por el momento, es la \u00fanica que ha anunciado de forma oficial que quiere ser candidata para las elecciones de 2027.  Pero puede que la situaci\u00f3n cambie: Emilio Delgado, su compa\u00f1ero de partido y coportavoz en la Asamblea de Madrid, hab\u00eda dejado la puerta abierta a postularse tambi\u00e9n. Y por eso mismo, el anuncio de la ministra de Sanidad, con \u00e9l en el escenario, no sent\u00f3 nada bien. Esa incomodidad se ha cristalizado en los \u00faltimos d\u00edas.\n    <\/p>\n<p>    \u00bfC\u00f3mo se ha llegado hasta aqu\u00ed?<\/p>\n<p class=\"article-text\">\n        La l\u00edder de M\u00e1s Madrid avis\u00f3 el d\u00eda de antes a Emilio Delgado. Seg\u00fan relatan fuentes del entorno del portavoz adjunto a elDiario.es, cuando expresaron su disconformidad, la respuesta de Garc\u00eda fue que a ella tampoco le gust\u00f3 el acto que protagonizaron Delgado y Gabriel Rufi\u00e1n el pasado <a href=\"https:\/\/www.eldiario.es\/politica\/rufian-emilio-delgado-reclaman-bloque-historico-enfrentar-derecha-hay-ganar-provincia-provincia-vox_1_13002203.html\" data-mrf-recirculation=\"links-noticia\" class=\"link\" rel=\"nofollow noopener\" target=\"_blank\">mes de febrero<\/a> en Madrid sobre la unidad de la izquierda. \u201cNos alegramos de que se vaya a decidir en las primarias del partido\u201d, dijo entonces el entorno de Emilio Delgado, dejando claro que no estaba tan seguro que M\u00f3nica Garc\u00eda fuese a ser la candidata para 2027.\n    <\/p>\n<p class=\"article-text\">\n        La carrera para ser la cara visible de la formaci\u00f3n en las auton\u00f3micas, ahora segunda fuerza en la Asamblea, dio su pistoletazo de salida el s\u00e1bado. Y con ella, las disputas internas han salido a la luz.\n    <\/p>\n<p class=\"article-text\">\n        En una <a href=\"https:\/\/www.eldiario.es\/madrid\/monica-garcia-ciudadania-pide-vayamos-adversario-no-ayuso_1_13174296.html\" target=\"_blank\" data-mrf-recirculation=\"links-noticia\" class=\"link\" rel=\"nofollow noopener\">entrevista con elDiario.es este domingo<\/a>, M\u00f3nica Garc\u00eda aseguraba que \u201cno solamente\u201d hab\u00eda hablado con Delgado: \u201cLlevamos hablando con \u00e9l muchos meses sobre c\u00f3mo podemos combatir a Ayuso juntos. Nos necesitamos todos. Esto no es ni t\u00fa ni yo, somos un nosotros que esperamos ampliar\u201d, aseguraba. Tambi\u00e9n se\u00f1alaba que la ciudadan\u00eda pide a la izquierda que deje de \u201cmirarse el ombligo\u201d para ir \u201ctodos a una, tanto a nivel regional como estatal\u201d.\n    <\/p>\n<p class=\"article-text\">\n        Sin embargo, el tono cambi\u00f3 este lunes. Durante el programa Al Rojo Vivo, en LaSexta, los dos entraron al choque en directo. M\u00f3nica Garc\u00eda comenz\u00f3 su intervenci\u00f3n argumentando de nuevo esta unidad y fue Emilio Delgado quien puso sobre la mesa el debate de las primarias del partido diciendo que le gustar\u00eda \u201cque pudiera seguir votando toda la gente que lo ha hecho estos a\u00f1os y que no se limitara el derecho al voto\u201d. Y es ah\u00ed donde reside el embrollo: \u00bfqui\u00e9n podr\u00e1 votar a qui\u00e9n?\n    <\/p>\n<p>    \u00bfQu\u00e9 dice el estatuto sobre las primarias?<\/p>\n<p class=\"article-text\">\n        El estatuto del partido establece una diferenciaci\u00f3n sobre las personas que participen de \u00e9l: militantes y simpatizantes. Y son los primeros los que tienen derecho a participar en los procesos para configurar las candidaturas electorales, seg\u00fan el texto aprobado en mayo de 2025. Las personas simpatizantes, por otro lado, tendr\u00edan derecho solo a aquellas candidaturas electorales en las que participe M\u00e1s Madrid en las asambleas \u201ccuyo \u00e1mbito de poblaci\u00f3n comprenda m\u00e1s de 500.000 habitantes o en las asambleas en las que participen m\u00e1s de 50 personas\u201d.\n    <\/p>\n<p>            <img decoding=\"async\" class=\"lazy\" loading=\"lazy\" data-src=\"https:\/\/static.eldiario.es\/clip\/9fc8d996-d09e-421f-945d-bc55f963eb1b_source-aspect-ratio_default_0.jpg\" src=\"data:image\/svg+xml,%3Csvg xmlns=\" http:=\"\" viewbox=\"0 0 833 474\" alt=\"Los derechos de las personas simpatizantes de M\u00e1s Madrid, seg\u00fan el estatuto\"\/><\/p>\n<p class=\"article-text\">\n        Seg\u00fan explican fuentes del partido, esto quiere decir que ni en Madrid ciudad ni en Madrid comunidad aut\u00f3noma los simpatizantes podr\u00e1n votar, sino que ser\u00e1n los militantes. \u201cEl lugar de participaci\u00f3n y referencia es la asamblea y no hay una asamblea ciudad ni hay una asamblea Comunidad. Son distritos o municipios\u201d, indican.\n    <\/p>\n<p class=\"article-text\">\n        Fuentes del entorno de Emilio Delgado tachan de \u201cconfuso\u201d este sistema y aseguran que \u201chan ido reduciendo el \u00e1mbito de participaci\u00f3n\u201d. \u201cAhora parece que ni siquiera [los simpatizantes] van a poder votar en la ciudad de Madrid\u201d, critican. \u201c\u00bfPara qu\u00e9 tienen entonces esa cl\u00e1usula? Los estatutos no se pueden interpretar en clave restrictiva\u201d, a\u00f1aden en declaraciones a elDiario.es.\n    <\/p>\n<p>    \u00bfQu\u00e9 es ser simpatizante y qu\u00e9 es ser militante?<\/p>\n<p class=\"article-text\">\n        Para ser militante de M\u00e1s Madrid, actualmente se deben cumplir tres participaciones al a\u00f1o en actividades reconocidas por la organizaci\u00f3n. Entre la primera participaci\u00f3n y la \u00faltima tiene que haber una separaci\u00f3n de tiempo de al menos cuatro meses \u201cque la participaci\u00f3n se distribuya en el tiempo\u201d y evitar que se acumule \u201cjusto antes de primarias o consultas\u201d.\n    <\/p>\n<p class=\"article-text\">\n        Simpatizantes son, en cambio, todas las personas que se inscriban como tal en el apartado. Est\u00e1 pensado para una participaci\u00f3n m\u00e1s puntual y, por ejemplo, pueden participar en consultas que se convoquen siempre que no sean vinculantes o \u201cque no afecten a los Estatutos, los reglamentos que los desarrollan o las decisiones de los \u00f3rganos del partido\u201d.\n    <\/p>\n<p>    \u00bfQu\u00e9 critican los &#8216;emilistas&#8217;?<\/p>\n<p class=\"article-text\">\n        Los &#8216;emilistas&#8217;, el grupo que apoya una hipot\u00e9tica candidatura de Emilio Delgado, cargan contra esta diferenciaci\u00f3n entre militantes y simpatizantes, as\u00ed como con el hecho de que solo puedan votar los primeros. Argumentan que el sistema favorece a M\u00f3nica Garc\u00eda despu\u00e9s de que Delgado haya conseguido m\u00e1s protagonismo medi\u00e1tico en los \u00faltimos meses y apoyo, especialmente en redes sociales y una parte de los votantes de M\u00e1s Madrid. Ellos apuestan por que las votaciones se abran tambi\u00e9n a simpatizantes y calculan que, si solo votan los militantes, estos ser\u00e1n unos 700 aproximadamente, aunque no hay cifras oficiales. Por otro lado, aseguran que la voluntad de los inscritos \u201cser\u00eda mucho m\u00e1s representativa\u201d, y aunque tampoco hay cifras cerradas, calculan en unas 30.000 personas.\n    <\/p>\n<p class=\"article-text\">\n        El entorno del portavoz adjunto en la Asamblea de Madrid critica tambi\u00e9n que para ser militante se deban cumplir estas tres participaciones porque consideran que pueden haber personas que participen de alguna manera en el partido pero que por falta de tiempo no hayan podido colaborar en estas actividades. Adem\u00e1s, consideran que la redacci\u00f3n del estatuto es confusa en cuanto a los derechos que pueden ejercer los simpatizantes.\n    <\/p>\n<p class=\"article-text\">\n        Otro de los puntos que se critican es el hecho de que todav\u00eda no haya un anuncio oficial de primarias y que no se haya constituido un comit\u00e9 electoral.\n    <\/p>\n<p>    \u00bfCu\u00e1l es la postura oficial de M\u00e1s Madrid?<\/p>\n<p class=\"article-text\">\n        Desde el partido critican que \u201clos \u00f3rganos del partido aprobaron este reglamento de participaci\u00f3n hace meses y las y los militantes lo refrendaron en una consulta digital, sin que se plantearan las objeciones que se est\u00e1n planteando ahora en los medios de comunicaci\u00f3n y de manera coordinada\u201d. Desde el entorno de la l\u00edder del partido auton\u00f3mico afean que ahora se critique un reglamento que se aprob\u00f3 hace un a\u00f1o. El texto vio la luz en 2025. Unos meses despu\u00e9s de su aprobaci\u00f3n, en febrero de este a\u00f1o, dimitieron <a href=\"https:\/\/www.eldiario.es\/madrid\/dimiten-cuatro-miembros-comite-garantias-madrid-criticas-ultima-reforma-estatutos_1_12967038.html\" target=\"_blank\" data-mrf-recirculation=\"links-noticia\" class=\"link\" rel=\"nofollow noopener\">cuatro de los seis miembros del Comit\u00e9 de Garant\u00edas de M\u00e1s Madrid<\/a>, entre cr\u00edticas a la direcci\u00f3n por esta reforma de los estatutos.\n    <\/p>\n<p class=\"article-text\">\n        En los anteriores estatutos, aprobados en 2021, se eliminaba la cuota econ\u00f3mica como requisito para ser afiliado y se establec\u00eda que \u201cpodr\u00e1n ser afiliadas todas las personas f\u00edsicas mayores de edad que no tengan limitada su capacidad de obra\u201d. Estas personas afiliadas, tendr\u00edan derecho a ser \u201celectoras y elegibles en los procesos de elecci\u00f3n de \u00f3rganos internos\u201d, as\u00ed como en los procesos para la \u201cconfiguraci\u00f3n de candidaturas electorales en las que participe M\u00e1s Madrid\u201d.\n    <\/p>\n<p class=\"article-text\">\n        Las fuentes oficiales enmarcan en la \u201cnormalidad\u201d que los estatutos \u201cse vayan actualizando con ciertas mejoras\u201d, niegan que haya restricciones y trasladan ejemplos de algunas de las actividades que se pueden hacer para ser militante: \u201cCualquier persona que haya ido a llamar puertas en su barrio, que haya asistido a una charla o a un debate del partido\u201d o \u201cque haya ido a coles para difundir nuestra propuesta de comedor escolar gratuito\u201d, \u201ccualquier persona que haya dedicado a M\u00e1s Madrid dos horas de su vida en los \u00faltimos cuatro meses\u201d, aseguran, recordando que no es necesario pagar una cuota econ\u00f3mica.\n    <\/p>\n<p>    <a href=\"https:\/\/www.eldiario.es\/madrid\/monica-garcia-emilio-delgado-enzarzan-discusion-funcionamiento-primarias-madrid_1_13176061.html\" data-mrf-recirculation=\"saber-mas-abajo\" data-dl-event=\"saber-mas-abajo\" rel=\"nofollow noopener\" target=\"_blank\"><\/p>\n<p class=\"know-more__title\">M\u00f3nica Garc\u00eda y Emilio Delgado se enzarzan en una discusi\u00f3n por el funcionamiento de las primarias de M\u00e1s Madrid\n<\/p>\n<p>            <img decoding=\"async\" class=\"lazy\" loading=\"lazy\" data-src=\"https:\/\/static.eldiario.es\/clip\/44eed554-446c-4e0a-a842-b36fa9c9c43f_16-9-aspect-ratio_default_0_x2528y629.jpg\" src=\"data:image\/svg+xml,%3Csvg xmlns=\" http:=\"\" viewbox=\"0 0 880 495\" alt=\"M\u00f3nica Garc\u00eda y Emilio Delgado se enzarzan en una discusi\u00f3n por el funcionamiento de las primarias de M\u00e1s Madrid\"\/><\/p>\n<p>                        <\/a><\/p>\n<p class=\"article-text\">\n        \u201cSi alg\u00fan militante concreto no puede cumplir con los requisitos por circunstancias personales, puede quedar eximido temporalmente si lo solicita y lo aprueba por consenso su asamblea territorial\u201d, a\u00f1aden.\n    <\/p>\n","protected":false},"excerpt":{"rendered":"\u201cSi me dais vuestro respaldo, quiero ser la pr\u00f3xima presidenta de la Comunidad de Madrid\u201d. Con estas palabras&hellip;\n","protected":false},"author":2,"featured_media":522139,"comment_status":"","ping_status":"","sticky":false,"template":"","format":"standard","meta":{"footnotes":""},"categories":[8],"tags":[17,18,17905,12919,6727,13836,25,24,58329,13,14,3142,11,19,20,205,21317,9,10,15,16,8492,69717,12513,23,12,21,22],"class_list":["post-522138","post","type-post","status-publish","format-standard","has-post-thumbnail","category-espana","tag-breaking-news","tag-breakingnews","tag-choque","tag-delgado","tag-dice","tag-emilio","tag-es","tag-espana","tag-estatuto","tag-featured-news","tag-featurednews","tag-garcia","tag-headlines","tag-latest-news","tag-latestnews","tag-madrid","tag-monica","tag-news","tag-noticias","tag-noticias-destacadas","tag-noticiasdestacadas","tag-preguntas","tag-primarias","tag-respuestas","tag-spain","tag-titulares","tag-ultimas-noticias","tag-ultimasnoticias"],"share_on_mastodon":{"url":"https:\/\/pubeurope.com\/@es\/116483205817708207","error":""},"_links":{"self":[{"href":"https:\/\/www.europesays.com\/es\/wp-json\/wp\/v2\/posts\/522138","targetHints":{"allow":["GET"]}}],"collection":[{"href":"https:\/\/www.europesays.com\/es\/wp-json\/wp\/v2\/posts"}],"about":[{"href":"https:\/\/www.europesays.com\/es\/wp-json\/wp\/v2\/types\/post"}],"author":[{"embeddable":true,"href":"https:\/\/www.europesays.com\/es\/wp-json\/wp\/v2\/users\/2"}],"replies":[{"embeddable":true,"href":"https:\/\/www.europesays.com\/es\/wp-json\/wp\/v2\/comments?post=522138"}],"version-history":[{"count":0,"href":"https:\/\/www.europesays.com\/es\/wp-json\/wp\/v2\/posts\/522138\/revisions"}],"wp:featuredmedia":[{"embeddable":true,"href":"https:\/\/www.europesays.com\/es\/wp-json\/wp\/v2\/media\/522139"}],"wp:attachment":[{"href":"https:\/\/www.europesays.com\/es\/wp-json\/wp\/v2\/media?parent=522138"}],"wp:term":[{"taxonomy":"category","embeddable":true,"href":"https:\/\/www.europesays.com\/es\/wp-json\/wp\/v2\/categories?post=522138"},{"taxonomy":"post_tag","embeddable":true,"href":"https:\/\/www.europesays.com\/es\/wp-json\/wp\/v2\/tags?post=522138"}],"curies":[{"name":"wp","href":"https:\/\/api.w.org\/{rel}","templated":true}]}}