{"id":522155,"date":"2026-04-28T16:24:13","date_gmt":"2026-04-28T16:24:13","guid":{"rendered":"https:\/\/www.europesays.com\/es\/522155\/"},"modified":"2026-04-28T16:24:13","modified_gmt":"2026-04-28T16:24:13","slug":"nuevo-disco-y-single-de-europe-remezclas-de-architects-therapy-ultimando-su-proxima-obra","status":"publish","type":"post","link":"https:\/\/www.europesays.com\/es\/522155\/","title":{"rendered":"Nuevo disco y single de EUROPE. Remezclas de ARCHITECTS. THERAPY? ultimando su pr\u00f3xima obra."},"content":{"rendered":"<p>\u00a0<\/p>\n<p style=\"text-align: center;\"><strong><a href=\"#EUROPE\">Nuevo disco y single de EUROPE<\/a> \u2013 <a href=\"#ARCHITECTS\">Remezclas de ARCHITECTS<\/a> \u2013 <a href=\"#THERAPY\">THERAPY? ultimando su pr\u00f3xima obra<\/a>.<\/strong><\/p>\n<p><a href=\"https:\/\/www.europetheband.com\/\" target=\"_blank\" rel=\"noopener nofollow\"><strong>EUROPE<\/strong><\/a> sacar\u00e1n el 25 de septiembre un nuevo disco titulado \u201cCome This Madness\u201d.<\/p>\n<p>Estos son los temas que incluye:<\/p>\n<ol>\n<li>One on One<\/li>\n<li>The Cult of Ignorance<\/li>\n<li>Come This Madness<\/li>\n<li>This Time of Year<\/li>\n<li>In a Different World<\/li>\n<li>Scandinavian Eyes<\/li>\n<li>Takin\u2019 It Back<\/li>\n<li>In the Absence of Grace<\/li>\n<li>The Angels Must Have Flown<\/li>\n<li>The Devil\u2019s Back<\/li>\n<li>Nothing Can Follow This<\/li>\n<\/ol>\n<p>\u00a0<\/p>\n<p><img fetchpriority=\"high\" decoding=\"async\" src=\"https:\/\/www.europesays.com\/es\/wp-content\/uploads\/2026\/04\/EuropeMadness.jpg\" alt=\"europe\" width=\"444\" height=\"400\"\/><\/p>\n<p>A continuaci\u00f3n ten\u00e9is su nuevo single y v\u00eddeo titulado \u201cOne On One\u201d.<\/p>\n<p>El material se ha grabado en los estudios RMV de Estocolmo, Suecia con el productor Tom Dalgety (GHOST, THE PIXIES, ROYAL BLOOD, OPETH).<\/p>\n<p>El \u00e1lbum estar\u00e1 disponible en CD, vinilo de diferentes colores y formato digital.<\/p>\n<p>La banda nos visitar\u00e1 el <a href=\"https:\/\/www.rafabasa.com\/2025\/11\/25\/europe-sodom-buckcherry\/#EUROPE\" rel=\"nofollow noopener\" target=\"_blank\">pr\u00f3ximo oto\u00f1o<\/a>.<\/p>\n<p>En principio\u00a0<a href=\"https:\/\/www.europetheband.com\/\" target=\"_blank\" rel=\"noopener nofollow\"><strong>EUROPE<\/strong><\/a>\u00a0est\u00e1n preparando tambi\u00e9n un\u00a0<a href=\"https:\/\/www.rafabasa.com\/2023\/11\/03\/europe-cobra-spell-mind-driller\/#EUROPE\" target=\"_blank\" rel=\"noopener nofollow\">documental<\/a>.<\/p>\n<p>En este\u00a0<a href=\"https:\/\/www.rafabasa.com\/2023\/09\/28\/europe-adrian-vandenberg-nick-menza\/#EUROPE\" target=\"_blank\" rel=\"noopener nofollow\">bloque<\/a>\u00a0ten\u00e9is su \u00faltimo single y v\u00eddeo \u201cHold Your Head Up\u201d.<\/p>\n<p>\u00a0<\/p>\n<p><a href=\"https:\/\/www.facebook.com\/architectsuk\" target=\"_blank\" rel=\"noopener nofollow\"><strong>ARCHITECTS<\/strong><\/a> han estrenado remezclas para los temas \u00abBroken Mirror\u00bb y \u00abEverything Ends\u00bb realizadas por el bater\u00eda del grupo Daniel Joseph (Searle).<\/p>\n<p><a href=\"https:\/\/www.facebook.com\/architectsuk\" target=\"_blank\" rel=\"noopener nofollow\"><strong>ARCHITECTS<\/strong><\/a> editaron el 28 de febrero de 2025 a trav\u00e9s de Epitaph Records un nuevo disco titulado \u00abThe Sky, The Earth &amp; All Between\u00bb.<\/p>\n<p>Todos los detalles en esta <a href=\"https:\/\/www.rafabasa.com\/2024\/11\/19\/kreator-architects-house-of-lords-raptore-graspop-metal-meeting\/#ARCHITECTS\" target=\"_blank\" rel=\"noopener nofollow\">noticia<\/a> y los v\u00eddeos aparecidos en <a href=\"https:\/\/www.rafabasa.com\/2025\/02\/24\/nightwish-opeth-architects\/#ARCHITECTS\" target=\"_blank\" rel=\"noopener nofollow\">esta<\/a>.<\/p>\n<p>\u00a0<\/p>\n<p>Andy Cairns ha hablado del pr\u00f3ximo disco de <strong>THERAPY?<\/strong> en una entrevista con Total Rock.<\/p>\n<p>Entre lo m\u00e1s destacado comenta que empezaron a componer, pero que debido a unas operaciones en sus rodillas, todo se ha retrasado por la rehabilitaci\u00f3n. A esto se suma que viven bastante alejados unos de otros, lo que dificulta las cosas. Ahora ya tienen el disco pr\u00e1cticamente compuesto y tienen intenci\u00f3n de grabar la mitad en mayo con el productor Chris Sheldon, quien ya trabaj\u00f3 con el grupo en su disco de 1994 \u201cTroublegum\u201d. Tienen intenci\u00f3n de tenerlo terminado antes de verano, pero no tienen claro cuando saldr\u00e1, ya que explica que podr\u00edan sacar algunos singles y sacar el disco hacia enero o algo as\u00ed.<\/p>\n<p>Ten\u00e9is la charla completa a continuaci\u00f3n.<\/p>\n<p><strong>THERAPY?<\/strong> editaron el 5 de mayo de 2022 a trav\u00e9s de Marshall Records su \u00faltimo v\u00eddeo \u201cHard Cold Fire\u201d.<\/p>\n<p>M\u00e1s detalles en esta <a href=\"https:\/\/www.rafabasa.com\/2023\/03\/10\/reedicion-de-exodus-nuevo-trabajo-de-therapy-escucha-el-nuevo-disco-de-sonambula\/#THERAPY\" target=\"_blank\" rel=\"noopener nofollow\">noticia<\/a> y los v\u00eddeos aparecidos en <a href=\"https:\/\/www.rafabasa.com\/2023\/11\/03\/guns-n-roses-therapy-slowburn\/#THERAPY\" target=\"_blank\" rel=\"noopener nofollow\">esta<\/a>.<\/p>\n<p align=\"center\"><strong>Sigue el\u00a0<a href=\"https:\/\/whatsapp.com\/channel\/0029VaCprxVBA1f555USvT2O\" target=\"_blank\" rel=\"nofollow noopener\">Canal de RAFABASA.COM en WhatsApp<\/a>, donde encontrar\u00e1s todas nuestras novedades al instante<\/strong><\/p>\n<p>\u00a0<\/p>\n<p>\u00a0<\/p>\n<p>\u00a0<\/p>\n<p>\u00a0<\/p>\n","protected":false},"excerpt":{"rendered":"\u00a0 Nuevo disco y single de EUROPE \u2013 Remezclas de ARCHITECTS \u2013 THERAPY? ultimando su pr\u00f3xima obra. EUROPE&hellip;\n","protected":false},"author":2,"featured_media":522156,"comment_status":"","ping_status":"","sticky":false,"template":"","format":"standard","meta":{"footnotes":""},"categories":[170],"tags":[102759,146,147,25,24,406,184,185,23,15960],"class_list":["post-522155","post","type-post","status-publish","format-standard","has-post-thumbnail","category-musica","tag-architects","tag-entertainment","tag-entretenimiento","tag-es","tag-espana","tag-europe","tag-music","tag-musica","tag-spain","tag-therapy"],"share_on_mastodon":{"url":"https:\/\/pubeurope.com\/@es\/116483264971034393","error":""},"_links":{"self":[{"href":"https:\/\/www.europesays.com\/es\/wp-json\/wp\/v2\/posts\/522155","targetHints":{"allow":["GET"]}}],"collection":[{"href":"https:\/\/www.europesays.com\/es\/wp-json\/wp\/v2\/posts"}],"about":[{"href":"https:\/\/www.europesays.com\/es\/wp-json\/wp\/v2\/types\/post"}],"author":[{"embeddable":true,"href":"https:\/\/www.europesays.com\/es\/wp-json\/wp\/v2\/users\/2"}],"replies":[{"embeddable":true,"href":"https:\/\/www.europesays.com\/es\/wp-json\/wp\/v2\/comments?post=522155"}],"version-history":[{"count":0,"href":"https:\/\/www.europesays.com\/es\/wp-json\/wp\/v2\/posts\/522155\/revisions"}],"wp:featuredmedia":[{"embeddable":true,"href":"https:\/\/www.europesays.com\/es\/wp-json\/wp\/v2\/media\/522156"}],"wp:attachment":[{"href":"https:\/\/www.europesays.com\/es\/wp-json\/wp\/v2\/media?parent=522155"}],"wp:term":[{"taxonomy":"category","embeddable":true,"href":"https:\/\/www.europesays.com\/es\/wp-json\/wp\/v2\/categories?post=522155"},{"taxonomy":"post_tag","embeddable":true,"href":"https:\/\/www.europesays.com\/es\/wp-json\/wp\/v2\/tags?post=522155"}],"curies":[{"name":"wp","href":"https:\/\/api.w.org\/{rel}","templated":true}]}}