{"id":522202,"date":"2026-04-28T16:55:08","date_gmt":"2026-04-28T16:55:08","guid":{"rendered":"https:\/\/www.europesays.com\/es\/522202\/"},"modified":"2026-04-28T16:55:08","modified_gmt":"2026-04-28T16:55:08","slug":"joaquin-prat-dice-lo-que-muchos-temen-que-ocurra-con-el-accidente-de-adamuz-de-verguenza","status":"publish","type":"post","link":"https:\/\/www.europesays.com\/es\/522202\/","title":{"rendered":"Joaqu\u00edn Prat dice lo que muchos temen que ocurra con el accidente de Adamuz: \u00abDe verg\u00fcenza"},"content":{"rendered":"<p style=\"\">Novedades en relaci\u00f3n al accidente de trenes que tuvo lugar en Adamuz en enero de este a\u00f1o. Tal y como se ha informado en ABC, la Comisi\u00f3n de Investigaci\u00f3n de Accidentes Ferroviarios (CIAF) ha enviado un nuevo reporte al juzgado de Montoro. En este nuevo  &#8230; documento se concluye que el causante del incidente en la localidad cordobesa fue una rotura de carril. En el mismo se descartan anomal\u00edas en el funcionamiento de los trenes siniestrados. <\/p>\n<p class=\"v-d-p\" style=\"\">Esta actualizaci\u00f3n de las investigaciones se suman a las primeras im\u00e1genes del interior de los trenes. Est\u00e1n siendo compartidas en diferentes medios de comunicaci\u00f3n y circulan por redes sociales. En &#8216;El Tiempo Justo&#8217; (Telecinco) han emitido esos v\u00eddeos y los colaboradores han comentado sobre lo sucedido, compartiendo que es importante poder esclarecer los hechos y depurar responsabilidades. Es al hacer referencia a este punto que el presentador se ha posicionado de forma contundente. <\/p>\n<p class=\"v-d-p\" style=\"\">Joaqu\u00edn Prat se ha dirigido a c\u00e1maras mientras volv\u00edan a compartir esos instantes captados del choque de los trenes y ha sido claro, sin cortarse al respecto. El periodista ha dicho lo que muchos temen que ocurran conforme vaya pasando el tiempo: \u00abQue no acabe esto como lo del Alvia de Angrois, que al final al \u00fanico que se consider\u00f3 culpable fue al maquinista, \u00fanico responsable penal de lo sucedido\u00bb. De que sucediera algo as\u00ed, seg\u00fan Prat, esto solo tendr\u00eda un nombre: \u00abEs una verg\u00fcenza que esto pueda acabar as\u00ed, de esa misma manera\u00bb.<\/p>\n<p>\nNovedades sobre el siniestro de Adamuz\n<\/p>\n<p class=\"v-d-p\" style=\"\">\u00abExistencia de una rotura de carril a la altura del punto kilom\u00e9trico 318,681\u00bb. Este ser\u00eda el principal y exclusivo causante del accidente mortal de tres que tuvo lugar el 18 de enero en Adamuz, localidad cordobesa. As\u00ed se recoge en el informe que acaba de presentar la Comisi\u00f3n de Investigaci\u00f3n e Accidentes Ferroviarios (CIAF) ante el juzgado de Montoro, en C\u00f3rdoba. <\/p>\n<p class=\"v-d-p\" style=\"\">Comienzan a conocerse las reacciones de las v\u00edctimas y sus familiares. En el siniestro fallecieron 46 personas y resultaron heridas m\u00e1s de 120 personas. Con el citado reporte se elimina la duda de si hubo alg\u00fan tipo de responsabilidad por anomal\u00edas de los propios medios de transporte y se centra en exclusiva todo en esa rotura del carril de las v\u00edas ferroviarias. El documento reconstruye la secuencia de los hechos con gran precisi\u00f3n, seg\u00fan han explicado los expertos. Para ello se habr\u00edan tenido en cuenta m\u00faltiples fuentes de informaci\u00f3n hasta llegar a este informe que seguro dar\u00e1 mucho que hablar.<\/p>\n","protected":false},"excerpt":{"rendered":"Novedades en relaci\u00f3n al accidente de trenes que tuvo lugar en Adamuz en enero de este a\u00f1o. Tal&hellip;\n","protected":false},"author":2,"featured_media":522203,"comment_status":"","ping_status":"","sticky":false,"template":"","format":"standard","meta":{"footnotes":""},"categories":[8],"tags":[4205,78717,17,18,6727,25,24,13,14,11,8488,19,20,9,10,15,16,103145,8489,23,39477,12,21,22,8875],"class_list":["post-522202","post","type-post","status-publish","format-standard","has-post-thumbnail","category-espana","tag-accidente","tag-adamuz","tag-breaking-news","tag-breakingnews","tag-dice","tag-es","tag-espana","tag-featured-news","tag-featurednews","tag-headlines","tag-joaquin","tag-latest-news","tag-latestnews","tag-news","tag-noticias","tag-noticias-destacadas","tag-noticiasdestacadas","tag-ocurra","tag-prat","tag-spain","tag-temen","tag-titulares","tag-ultimas-noticias","tag-ultimasnoticias","tag-verguenza"],"share_on_mastodon":{"url":"https:\/\/pubeurope.com\/@es\/116483386784056718","error":""},"_links":{"self":[{"href":"https:\/\/www.europesays.com\/es\/wp-json\/wp\/v2\/posts\/522202","targetHints":{"allow":["GET"]}}],"collection":[{"href":"https:\/\/www.europesays.com\/es\/wp-json\/wp\/v2\/posts"}],"about":[{"href":"https:\/\/www.europesays.com\/es\/wp-json\/wp\/v2\/types\/post"}],"author":[{"embeddable":true,"href":"https:\/\/www.europesays.com\/es\/wp-json\/wp\/v2\/users\/2"}],"replies":[{"embeddable":true,"href":"https:\/\/www.europesays.com\/es\/wp-json\/wp\/v2\/comments?post=522202"}],"version-history":[{"count":0,"href":"https:\/\/www.europesays.com\/es\/wp-json\/wp\/v2\/posts\/522202\/revisions"}],"wp:featuredmedia":[{"embeddable":true,"href":"https:\/\/www.europesays.com\/es\/wp-json\/wp\/v2\/media\/522203"}],"wp:attachment":[{"href":"https:\/\/www.europesays.com\/es\/wp-json\/wp\/v2\/media?parent=522202"}],"wp:term":[{"taxonomy":"category","embeddable":true,"href":"https:\/\/www.europesays.com\/es\/wp-json\/wp\/v2\/categories?post=522202"},{"taxonomy":"post_tag","embeddable":true,"href":"https:\/\/www.europesays.com\/es\/wp-json\/wp\/v2\/tags?post=522202"}],"curies":[{"name":"wp","href":"https:\/\/api.w.org\/{rel}","templated":true}]}}