{"id":522400,"date":"2026-04-28T19:20:11","date_gmt":"2026-04-28T19:20:11","guid":{"rendered":"https:\/\/www.europesays.com\/es\/522400\/"},"modified":"2026-04-28T19:20:11","modified_gmt":"2026-04-28T19:20:11","slug":"el-frances-paul-seixas-escala-al-septimo-puesto-en-el-ranking-uci-esciclismo","status":"publish","type":"post","link":"https:\/\/www.europesays.com\/es\/522400\/","title":{"rendered":"El franc\u00e9s Paul Seixas escala al s\u00e9ptimo puesto en el ranking UCI &#8211; Esciclismo"},"content":{"rendered":"<ol>\n<li><a href=\"https:\/\/news.google.com\/rss\/articles\/CBMiakFVX3lxTFBmNTNSNkRMWkRnNzhxMFQ3OHoxZnFVczlSUEV1LUVIZ0lNZVBnLUZmTHlxckU1UnNuaWN5eEdMaDk3VWRXaS13QThod19EenFZeTFhYjZIems4dk5YdkJqdWpUbmY0eXdBeUE?oc=5\" target=\"_blank\" rel=\"nofollow noopener\">El franc\u00e9s Paul Seixas escala al s\u00e9ptimo puesto en el ranking UCI<\/a>&nbsp;&nbsp;Esciclismo<\/li>\n<li><a href=\"https:\/\/news.google.com\/rss\/articles\/CBMimwFBVV95cUxOZWo2TlRkYVFzMWhfU091TkJyNlNFRHZDTXpzYjNwNWxXeTdVWVAyY0gwU29jc2p0ZU56QmtzU3V4VkRlZU02S0VsQU9rMF9UQXh2RFEtVG9tQmw2VEl6S292WE0zdGM3WWdhcVFaeFNGbFFjelZyLU9LTlFaSDNoSnFNUkk4cml3UzBGRWVobXlHel9pY21lc2lTc9IBrwFBVV95cUxNYmFKeDA1b3RjTmxZRjVZdWxCcjRDXzB4ak51S0tJUlJMYjJwRG9FRnN4RVhBcld2SWJMcl83b3ctYzdVaEVqeHc0UDNfRk0wbW9mRkkyZkVuVGRiaUZqZVlsVHRpeTZjTGlyZHUxazZoV09NcGZEVHZSN2xuYXZkRWVJZDlkczRhVHcwcUp3clpCSGtUTmZ2MlAzTGg5MURELUpzekpjR20yb2xoZWln?oc=5\" target=\"_blank\" rel=\"nofollow noopener\">Seixas entra en el Top-10 del ranking de la UCI<\/a>&nbsp;&nbsp;Diario AS<\/li>\n<li><a href=\"https:\/\/news.google.com\/rss\/articles\/CBMi6gFBVV95cUxOMkFzeDhoeGZuQTBHVVE0Tng1QmRlQU5tUEljN1lIQ2NxWm1rbDg4cFFTa3ZFa3Npd195cFBTTUcxWnFnOXB5eUNDZGZpY0pMejRORHhBRHE4YXpGUHRKcmMzdXU0MDBjZVlwTVc1Q1N0WnVyT2g4eWVZaVlielltUVBPcENibXUwaHlsamloX0FYVHE4NjBFQ3dkaURqRFFjSm8zRmotZnNpSkRodUQwbTNTUm5JOER2WTZBa29GNVpkTm11Rnd1ZTdHSzJVTC15eDVQVzFYVGt4Uk5OOFRDTVdmWHhSeDV3eWfSAe8BQVVfeXFMT002RFpNYW9jT3kzX3F0aXB6YWhzTzlZZHhwZjFDdzNjZUhyMXRTN1R4VkxXazNPNmFLeUJrU19OT3JBMS00Wk0zckh3ZU9wQzhpd2UtQTlKRWMwZnBJV2pUczA3MVh4bjZhREF3T0g2QU9HbE9WV2JQYjVmNFo5Z3I5bUtnT3hIczdXLWpJV2JjNFBlRngzWXJHUFhhNF9ZbkNDX093WUd3X3dkbzJNSEJVUVA1c2QycFlNUkZha05KbnRvZEhmdXpOWDJ6M3NyYWhucXN3NFZ1aUNuRVJpSnVxOWJOTzR1eXZwdHJUUkU?oc=5\" target=\"_blank\" rel=\"nofollow noopener\">Paul Seixas sube al s\u00e9ptimo puesto del ranking UCI, que sigue liderando Pogacar<\/a>&nbsp;&nbsp;Ciclismo a fondo<\/li>\n<li><a href=\"https:\/\/news.google.com\/rss\/articles\/CBMiqgFBVV95cUxPdmVKNy1pM0ZQM3ctYlRpY3NPN3ZmNnhvWHpLdHdCUUlmT0QzU2lMRnppanlueElfOGhqc3BrdThldmI0WEp6ZGtpZWR3YjlVQ1BJby11Q256MzVtaFJuV1lLLU5BU0Q2SnVOMV91d0NoclYwdGlHdHdzSnhaQ1lFTWdkelphRmlPLVZfYmFnYU5qWjZhcVZ5eXR6T05TWjc0Qkl1Q2ZRNEpRUdIBqgFBVV95cUxPT0VVTXEtNmo4d0VDWGUxb0VYaEo2RWdhWTFYNEllNjhPX2VWLTdkRDBkVnd0LWo1a0Z2OXJRSE54dHBVU0R1d19QUHhULXJDaTFkek1wMEMtY3BoT0E3VnZ6S0pxa0JEaEtmZEhWWWJUOUFMSjdXLS1ZRTFlWnJDM1VUWlZ4U3dCUTEzT0dmVVFoaHlTNEhuZkR1cTd2U0hzM3FRQjhVQ0tWdw?oc=5\" target=\"_blank\" rel=\"nofollow noopener\">Egan Bernal subi\u00f3 15 posiciones: as\u00ed qued\u00f3 el nuevo ranking UCI<\/a>&nbsp;&nbsp;Deportes RCN<\/li>\n<\/ol>\n","protected":false},"excerpt":{"rendered":"El franc\u00e9s Paul Seixas escala al s\u00e9ptimo puesto en el ranking UCI&nbsp;&nbsp;Esciclismo Seixas entra en el Top-10 del&hellip;\n","protected":false},"author":2,"featured_media":522401,"comment_status":"","ping_status":"","sticky":false,"template":"","format":"standard","meta":{"footnotes":""},"categories":[273],"tags":[10605,3970,68548,313,4616,68547,18755,312,15109,168,158,25,24,2172,15430,52749,1070,795,32807,698,9359,6205,885,30676,6756,14749,15327,39611,23,167,42038,11214,4067,7674,1357],"class_list":["post-522400","post","type-post","status-publish","format-standard","has-post-thumbnail","category-ciclismo","tag-a","tag-buenos","tag-cgm","tag-ciclismo","tag-clasificacion","tag-cma","tag-corredor","tag-cycling","tag-decathlon","tag-deportes","tag-el","tag-es","tag-espana","tag-especiales","tag-flecha","tag-itzulia","tag-mundial","tag-nueva","tag-obtenidos","tag-pais","tag-paul","tag-posicion","tag-resultados","tag-seixas","tag-semanas","tag-sensacion","tag-septima","tag-situado","tag-spain","tag-sports","tag-triunfos","tag-uci","tag-ultimas","tag-vasco","tag-vuelta"],"share_on_mastodon":{"url":"https:\/\/pubeurope.com\/@es\/116483956799128681","error":""},"_links":{"self":[{"href":"https:\/\/www.europesays.com\/es\/wp-json\/wp\/v2\/posts\/522400","targetHints":{"allow":["GET"]}}],"collection":[{"href":"https:\/\/www.europesays.com\/es\/wp-json\/wp\/v2\/posts"}],"about":[{"href":"https:\/\/www.europesays.com\/es\/wp-json\/wp\/v2\/types\/post"}],"author":[{"embeddable":true,"href":"https:\/\/www.europesays.com\/es\/wp-json\/wp\/v2\/users\/2"}],"replies":[{"embeddable":true,"href":"https:\/\/www.europesays.com\/es\/wp-json\/wp\/v2\/comments?post=522400"}],"version-history":[{"count":0,"href":"https:\/\/www.europesays.com\/es\/wp-json\/wp\/v2\/posts\/522400\/revisions"}],"wp:featuredmedia":[{"embeddable":true,"href":"https:\/\/www.europesays.com\/es\/wp-json\/wp\/v2\/media\/522401"}],"wp:attachment":[{"href":"https:\/\/www.europesays.com\/es\/wp-json\/wp\/v2\/media?parent=522400"}],"wp:term":[{"taxonomy":"category","embeddable":true,"href":"https:\/\/www.europesays.com\/es\/wp-json\/wp\/v2\/categories?post=522400"},{"taxonomy":"post_tag","embeddable":true,"href":"https:\/\/www.europesays.com\/es\/wp-json\/wp\/v2\/tags?post=522400"}],"curies":[{"name":"wp","href":"https:\/\/api.w.org\/{rel}","templated":true}]}}