{"id":522445,"date":"2026-04-28T19:53:13","date_gmt":"2026-04-28T19:53:13","guid":{"rendered":"https:\/\/www.europesays.com\/es\/522445\/"},"modified":"2026-04-28T19:53:13","modified_gmt":"2026-04-28T19:53:13","slug":"portero-a-los-70-angel-mateos-se-cita-con-la-historia","status":"publish","type":"post","link":"https:\/\/www.europesays.com\/es\/522445\/","title":{"rendered":"Portero a los 70: \u00c1ngel Mateos se cita con la historia"},"content":{"rendered":"<p style=\"\">Parece una inocentada, pero no lo es. <a href=\"https:\/\/www.elcomercio.es\/deportes\/futbol\/seis-decadas-mateos-tapando-porterias-20230617014932-nt.html\" target=\"_blank\" data-voc-vtm-id=\"in-text-traffic\" title=\"\u00c1ngel Mateos\" data-mrf-link=\"www.elcomercio.es\" rel=\"nofollow noopener\">\u00c1ngel Mateos<\/a> romper\u00e1 este fin de semana todos los registros de longevidad conocidos en el f\u00fatbol federativo  &#8230; espa\u00f1ol al enfundarse a los 70 a\u00f1os la camiseta del Colunga y ponerse los guantes en el duelo que les enfrenta al Praviano de Tercera Divisi\u00f3n. \u00abEs una especie de homenaje\u00bb, expresa el protagonista.<\/p>\n<p class=\"v-d-p\" style=\"\">Amigo de Santi Barrero y Keith Thompson, directivos del equipo colungu\u00e9s, fueron ellos quienes le abrieron las puertas de la porter\u00eda del equipo para este fin de semana, en el que ser\u00e1 el \u00faltimo encuentro en Santianes del curso. \u00abVoy a entrenar con ellos esta semana y todav\u00eda no s\u00e9 si jugar\u00e9 noventa minutos, la primera parte o qu\u00e9\u00bb. Clasificatoriamente, el duelo es intrascendente, a falta de dos jornadas para el final de Tercera RFEF, motivo por el que se realizar\u00e1 este bonito homenaje del que el propio club daba cuenta en redes sociales. <\/p>\n<p class=\"v-d-p\" style=\"\">M\u00e1s de seis d\u00e9cadas ininterrumpidas bajo palos del Tur\u00f3n, Caudal y Santiago de Aller, en Tercera y Segunda B, hasta que, hace casi tres d\u00e9cadas, a los 43 a\u00f1os, decidi\u00f3 poner punto y final al f\u00fatbol federativo&#8230; O eso cre\u00eda. \u00abDesde entonces he seguido activo, jugando en el equipo de Hunosa de empresas, en el equipo de veteranos del Tur\u00f3n&#8230; Y hasta hoy\u00bb.<\/p>\n<p class=\"v-d-p\" style=\"\">La edad, en su caso, s\u00ed que es solo un n\u00famero. \u00abMe sigo sintiendo \u00e1gil. Todav\u00eda el fin de semana pasado jugando con los veteranos del Tur\u00f3n ganamos al Hisp\u00e1nico\u00bb, bromea al tiempo que mantiene intacta una pasi\u00f3n que se inici\u00f3 a los diez a\u00f1os, cuando ingres\u00f3 en las categor\u00edas inferiores del equipo turon\u00e9s y que todav\u00eda mantiene intacta. \u00abCuando empec\u00e9 era casi otro deporte. Los balones, los campos&#8230; Recuerdo que yo guardaba un &#8216;caldero&#8217; al lado de la porter\u00eda para que, sin verme el \u00e1rbitro, poder achicar agua cuando se nos embarraban los campos, que de aquella era casi el d\u00eda a d\u00eda\u00bb.<\/p>\n<p class=\"v-d-p\" style=\"\">Un mill\u00f3n de an\u00e9cdotas, partidos y goles, pero, curiosamente, ninguno defendiendo los colores del Colunga. El domingo, Mateos debutar\u00e1 a los 70 a\u00f1os con el equipo, en el que ser\u00e1 al mismo tiempo su primer y \u00faltimo encuentro con el equipo del oriente asturiano. Lo har\u00e1 superando en m\u00e1s de diez a\u00f1os el registro del jugador m\u00e1s veterano en Espa\u00f1a que disputa un encuentro de categor\u00eda federativa. \u00abY todo sin lesiones. Y trabajando 25 a\u00f1os en la mina\u00bb, se jacta el gran protagonista del pr\u00f3ximo fin de semana. <\/p>\n","protected":false},"excerpt":{"rendered":"Parece una inocentada, pero no lo es. \u00c1ngel Mateos romper\u00e1 este fin de semana todos los registros de&hellip;\n","protected":false},"author":2,"featured_media":522446,"comment_status":"","ping_status":"","sticky":false,"template":"","format":"standard","meta":{"footnotes":""},"categories":[93],"tags":[988,7716,38863,12692,168,1053,25,24,2500,5976,448,28374,23,167,2393],"class_list":["post-522445","post","type-post","status-publish","format-standard","has-post-thumbnail","category-deportes","tag-anos","tag-cita","tag-colunga","tag-debutara","tag-deportes","tag-domingo","tag-es","tag-espana","tag-federacion","tag-gonzalez","tag-historia","tag-mateos","tag-spain","tag-sports","tag-tercera"],"share_on_mastodon":{"url":"https:\/\/pubeurope.com\/@es\/116484086744454157","error":""},"_links":{"self":[{"href":"https:\/\/www.europesays.com\/es\/wp-json\/wp\/v2\/posts\/522445","targetHints":{"allow":["GET"]}}],"collection":[{"href":"https:\/\/www.europesays.com\/es\/wp-json\/wp\/v2\/posts"}],"about":[{"href":"https:\/\/www.europesays.com\/es\/wp-json\/wp\/v2\/types\/post"}],"author":[{"embeddable":true,"href":"https:\/\/www.europesays.com\/es\/wp-json\/wp\/v2\/users\/2"}],"replies":[{"embeddable":true,"href":"https:\/\/www.europesays.com\/es\/wp-json\/wp\/v2\/comments?post=522445"}],"version-history":[{"count":0,"href":"https:\/\/www.europesays.com\/es\/wp-json\/wp\/v2\/posts\/522445\/revisions"}],"wp:featuredmedia":[{"embeddable":true,"href":"https:\/\/www.europesays.com\/es\/wp-json\/wp\/v2\/media\/522446"}],"wp:attachment":[{"href":"https:\/\/www.europesays.com\/es\/wp-json\/wp\/v2\/media?parent=522445"}],"wp:term":[{"taxonomy":"category","embeddable":true,"href":"https:\/\/www.europesays.com\/es\/wp-json\/wp\/v2\/categories?post=522445"},{"taxonomy":"post_tag","embeddable":true,"href":"https:\/\/www.europesays.com\/es\/wp-json\/wp\/v2\/tags?post=522445"}],"curies":[{"name":"wp","href":"https:\/\/api.w.org\/{rel}","templated":true}]}}