{"id":523126,"date":"2026-04-29T04:58:08","date_gmt":"2026-04-29T04:58:08","guid":{"rendered":"https:\/\/www.europesays.com\/es\/523126\/"},"modified":"2026-04-29T04:58:08","modified_gmt":"2026-04-29T04:58:08","slug":"el-primer-ministro-de-estonia-sobre-trump-hasta-los-tipos-mas-fuertes-necesitan-amigos-internacional","status":"publish","type":"post","link":"https:\/\/www.europesays.com\/es\/523126\/","title":{"rendered":"El primer ministro de Estonia sobre Trump: \u201cHasta los tipos m\u00e1s fuertes necesitan amigos\u201d | Internacional"},"content":{"rendered":"<p class=\"\">Que el mundo gira desde el regreso de Donald Trump a la Casa Blanca a doble o triple velocidad es algo que tienen claro los l\u00edderes europeos que, como el primer ministro estonio, Kristen Michal (Tallin, 50 a\u00f1os), tratan de no perder la calma ni el rumbo entre los peligrosos acelerones de Washington. Desde que el pol\u00edtico liberal se sentara a conversar con EL PA\u00cdS en Nicosia, el pasado viernes durante la cumbre europea que reuni\u00f3 a los mandatarios de la UE por primera vez desde el comienzo de la \u00faltima aventura b\u00e9lica trumpista en Oriente Pr\u00f3ximo, la fr\u00e1gil tregua con Ir\u00e1n amenaza con irse al garete, Washington ha proferido m\u00e1s amenazas contra sus aliados europeos y el propio Trump ha sido v\u00edctima de un <a href=\"https:\/\/elpais.com\/internacional\/2026-04-26\/el-presidente-trump-evacuado-de-la-cena-de-corresponsales-de-la-casa-blanca.html\" target=\"_self\" rel=\"nofollow noopener\" title=\"https:\/\/elpais.com\/internacional\/2026-04-26\/el-presidente-trump-evacuado-de-la-cena-de-corresponsales-de-la-casa-blanca.html\">nuevo intento de asesinato<\/a>. <\/p>\n<p class=\"\">Son acontecimientos vertiginosos que, sin embargo, refuerzan la tesis de Michal: ser \u201cpredecible\u201d y hasta \u201caburrido\u201d se ha convertido en el mejor reclamo del bloque comunitario ante el mundo. Y que hasta un \u201ctipo duro\u201d como Trump acaba necesitando amigos.<\/p>\n<p class=\"\"><b>Pregunta. <\/b>Mientras ustedes estaban reunidos en Nicosia, se conoci\u00f3 que <a href=\"https:\/\/elpais.com\/internacional\/2026-04-24\/un-correo-del-pentagono-plantea-suspender-a-espana-de-la-otan-por-los-desacuerdos-sobre-iran.html\" target=\"_self\" rel=\"nofollow noopener\" title=\"https:\/\/elpais.com\/internacional\/2026-04-24\/un-correo-del-pentagono-plantea-suspender-a-espana-de-la-otan-por-los-desacuerdos-sobre-iran.html\">el Pent\u00e1gono est\u00e1 buscando maneras de \u201csuspender\u201d de la OTAN<\/a> a pa\u00edses que, como Espa\u00f1a, no han permitido el uso de bases militares a Estados Unidos para su guerra contra Ir\u00e1n. Todo ello tras las amenazas anexionistas de Groenlandia a comienzos de a\u00f1o y nuevos cuestionamientos del art\u00edculo 5 que articula la defensa mutua de la Alianza. \u00bfEs EE UU todav\u00eda un socio fiable para los aliados europeos?<\/p>\n<p class=\"\"><b>Respuesta.<\/b> Como primer ministro, me pongo en el lado pr\u00e1ctico: la OTAN est\u00e1 funcionando, militarmente, absolutamente bien. Cuando los cazas rusos violaron nuestro espacio a\u00e9reo, despu\u00e9s de que la OTAN derribara por primera vez drones en el espacio a\u00e9reo polaco [en septiembre de 2025], Trump fue bastante claro al afirmar que proteger\u00eda a Polonia y los pa\u00edses b\u00e1lticos y que derribar\u00eda los cazas rusos si fuera necesario. Fue bastante duro con Rusia. Fue un mensaje claro. El art\u00edculo 5 solo ha sido invocado una vez, por EE UU [tras los atentados del 11-S]. El \u00fanico que lo ha necesitado fue EE UU. As\u00ed que dir\u00eda que hasta los tipos m\u00e1s fuertes necesitan amigos.<\/p>\n<p class=\"\"><b>P.<\/b> En Nicosia, Pedro S\u00e1nchez volvi\u00f3 a insistir en que Espa\u00f1a puede cumplir sus obligaciones con la OTAN con el 2,1% del PIB en defensa y no el 5% fijado en La Haya. El secretario general de la Alianza, Mark Rutte, lo duda. \u00bfC\u00f3mo lo ve usted?<\/p>\n<p class=\"\"><b>R. <\/b>Si Espa\u00f1a dice que puede lograrlo hoy con el 2,1%, lo tendr\u00e1n que ver Rutte y el SACEUR [el comandante supremo de las fuerzas aliadas en Europa, siempre un estadounidense, actualmente el general Alexus Grynkewich]. Pero lo que puedo decir es que en La Haya acordamos el 5%; 3,5% en defensa pura, m\u00e1s otro 1,5%. En Estonia, este a\u00f1o en el presupuesto de mi Gobierno ya tenemos un gasto en defensa neto del 5,4%. S\u00ed, somos un pa\u00eds peque\u00f1o. Y entiendo los argumentos. Pero tampoco para nosotros es f\u00e1cil. Esto le pasa factura al Gobierno. No es popular. Tienes que aumentar impuestos. Pero tenemos que combatir activamente la influencia rusa, tambi\u00e9n la amenaza rusa a Europa, porque somos el flanco este europeo, lo que significa que tenemos que proteger tambi\u00e9n a Europa de la amenazas e influencia rusas. Y espero que todos nuestros aliados tambi\u00e9n lo vean as\u00ed. Dicho lo cual, Espa\u00f1a es un aliado muy valioso, por ejemplo a la hora de defendernos de varias incursiones en nuestro espacio a\u00e9reo. Tengo que darle las gracias a Espa\u00f1a y a Pedro [S\u00e1nchez] por ello.<\/p>\n<p class=\"\"><b>P. <\/b>Hay quien dice que se deber\u00eda aprovechar este momento en que Trump necesita la ayuda de Europa para reclamarle a cambio <a href=\"https:\/\/elpais.com\/internacional\/2026-04-05\/estados-unidos-necesita-a-europa-y-a-la-otan-pese-a-la-embestida-de-trump.html\" target=\"_self\" rel=\"nofollow noopener\" title=\"https:\/\/elpais.com\/internacional\/2026-04-05\/estados-unidos-necesita-a-europa-y-a-la-otan-pese-a-la-embestida-de-trump.html\">compromisos m\u00e1s firmes en la OTAN<\/a> y Ucrania o para que retire sus aranceles. \u00bfLo ve as\u00ed?<\/p>\n<p class=\"\"><b>R. <\/b>Europa est\u00e1 basada en ciertos valores y eso nos deber\u00eda alegrar. Lo importante es que no se trata de valores transaccionales, sino de lo que est\u00e1 bien y lo que est\u00e1 mal para defender las libertades personales, etc. Son valores, no una base transaccional. Todo el mundo puede realizar transacciones, pero en determinados momentos, por ejemplo cuando Trump dijo que impondr\u00eda aranceles a los pa\u00edses que apoyaran a Dinamarca en el asunto de Groenlandia, Europa respondi\u00f3 con firmeza que tambi\u00e9n habr\u00eda consecuencias en materia arancelaria. Y ese tema qued\u00f3 descartado. As\u00ed que Europa puede reaccionar. Honestamente, dir\u00eda que no somos tan d\u00e9biles como quiz\u00e1s hace un par de a\u00f1os. Y si el mundo se redujera \u00fanicamente a un plano transaccional, ser\u00eda un mundo triste para los valores y para todo los dem\u00e1s.<\/p>\n<p class=\"\"><b>P.<\/b> Ante el caos impuesto por Trump, Europa reivindica ser predecible y fiable. \u00bfSer aburrido es ahora algo bueno?<\/p>\n<p class=\"\"><b>R.<\/b> Ser un miembro de la UE es comportarse de una manera predecible ante el mundo. En momentos en que el mundo est\u00e1 patas arriba, todo es un caos, una locura, ser aburrido y predecible es ahora mismo lo que m\u00e1s vale. <\/p>\n<p class=\"\"><b>P.<\/b> <a href=\"https:\/\/elpais.com\/internacional\/2026-04-24\/alivio-en-la-ue-tras-la-marcha-de-orban-ya-no-hay-rusos-en-la-sala.html\" target=\"_self\" rel=\"nofollow noopener\" title=\"https:\/\/elpais.com\/internacional\/2026-04-24\/alivio-en-la-ue-tras-la-marcha-de-orban-ya-no-hay-rusos-en-la-sala.html\">Con la marcha del h\u00fangaro V\u00edktor Orb\u00e1n tras perder las elecciones, <\/a>la UE deber\u00eda ser m\u00e1s aburrida y predecible a\u00fan. \u00bfY ahora, qu\u00e9?<\/p>\n<p class=\"\"><b>R.<\/b> El hecho de que Orb\u00e1n no est\u00e9 sentado en la mesa ya se nota, por la decisi\u00f3n de aprobar el pr\u00e9stamo de 90.000 millones de euros para Ucrania y tambi\u00e9n el vig\u00e9simo paquete de sanciones contra Rusia, mientras el vig\u00e9simo primero ya est\u00e1 en marcha. Ahora mismo, tenemos una ventana de oportunidad para tomar determinadas decisiones en Europa, probablemente, la pr\u00f3xima ser\u00e1 sobre su ampliaci\u00f3n, porque todos saben que hemos estado posponiendo ciertas decisiones debido a Hungr\u00eda. <\/p>\n<p class=\"\"><b>P. <\/b>Pero hay diferentes visiones y varios Estados miembros han dejado claro que para Ucrania no debe haber atajos en su camino a la UE.<\/p>\n<p class=\"\"><b>R. <\/b>Todo el mundo espera que Ucrania cumpla las reformas requeridas, pero al mismo tiempo, puede haber una v\u00eda r\u00e1pida diciendo que s\u00ed, el futuro de Ucrania est\u00e1, absolutamente, en la UE, que es el sitio donde pertenecen. Y ellos quieren estar aqu\u00ed. As\u00ed que se podr\u00eda empezar abriendo varios cap\u00edtulos. Podr\u00eda empezarse con diferentes formas de alianza. Probablemente, hablaremos de ello en los pr\u00f3ximos consejos, porque lo m\u00e1s importante ahora es aprovechar esta ventana de oportunidad para comenzar el proceso de ampliaci\u00f3n. Eso es lo m\u00e1s importante y, a partir de ah\u00ed, seguiremos adelante. <\/p>\n<p class=\"\"><b>P.<\/b> Estonia impulsa que en el pr\u00f3ximo paquete de sanciones contra Rusia se incluya la prohibici\u00f3n de por vida de entrada al espacio Schengen de los soldados rusos que hayan combatido en Ucrania. Hablamos de m\u00e1s de un mill\u00f3n de personas. \u00bfPor qu\u00e9 es importante?<\/p>\n<p class=\"\"><b>R.<\/b> No son un ej\u00e9rcito normal, eran desde antes criminales, gente que deber\u00eda estar en prisi\u00f3n o recibir atenci\u00f3n m\u00e9dica. Dentro de Rusia, tienen que ser celebrados como h\u00e9roes, as\u00ed que Putin intentar\u00e1 que se vayan fuera. Y viajar\u00e1n por Europa en busca de buenos trabajos y oportunidades, se asentar\u00e1n y har\u00e1n negocios. Pero en el fondo son criminales. Esto es como dicen los anuncios de televisi\u00f3n: \u00bfQuieres a estos tipos cerca de tu casa? La respuesta es no, es una cuesti\u00f3n de seguridad nacional. Y si entran en Europa desde alg\u00fan punto, hay muchas posibilidades de que acaben en Espa\u00f1a, donde ya tienen una comunidad, porque a los rusos les gusta ir a Espa\u00f1a de vacaciones.<\/p>\n","protected":false},"excerpt":{"rendered":"Que el mundo gira desde el regreso de Donald Trump a la Casa Blanca a doble o triple&hellip;\n","protected":false},"author":2,"featured_media":523127,"comment_status":"","ping_status":"","sticky":false,"template":"","format":"standard","meta":{"footnotes":""},"categories":[42],"tags":[74125,89903,17,18,15229,352,629,14552,700,13,14,11,61,62,63,64,19,20,9,10,15,16,12,21,22,1617,65,66,67],"class_list":["post-523126","post","type-post","status-publish","format-standard","has-post-thumbnail","category-internacional","tag-ampliaciones-ue","tag-ataque-contra-iran","tag-breaking-news","tag-breakingnews","tag-diplomacia","tag-donald-trump","tag-estados-unidos","tag-estonia","tag-europa","tag-featured-news","tag-featurednews","tag-headlines","tag-internacional","tag-international","tag-international-news","tag-internationalnews","tag-latest-news","tag-latestnews","tag-news","tag-noticias","tag-noticias-destacadas","tag-noticiasdestacadas","tag-titulares","tag-ultimas-noticias","tag-ultimasnoticias","tag-union-europea","tag-world","tag-world-news","tag-worldnews"],"share_on_mastodon":{"url":"","error":"Validation failed: Text character limit of 500 exceeded"},"_links":{"self":[{"href":"https:\/\/www.europesays.com\/es\/wp-json\/wp\/v2\/posts\/523126","targetHints":{"allow":["GET"]}}],"collection":[{"href":"https:\/\/www.europesays.com\/es\/wp-json\/wp\/v2\/posts"}],"about":[{"href":"https:\/\/www.europesays.com\/es\/wp-json\/wp\/v2\/types\/post"}],"author":[{"embeddable":true,"href":"https:\/\/www.europesays.com\/es\/wp-json\/wp\/v2\/users\/2"}],"replies":[{"embeddable":true,"href":"https:\/\/www.europesays.com\/es\/wp-json\/wp\/v2\/comments?post=523126"}],"version-history":[{"count":0,"href":"https:\/\/www.europesays.com\/es\/wp-json\/wp\/v2\/posts\/523126\/revisions"}],"wp:featuredmedia":[{"embeddable":true,"href":"https:\/\/www.europesays.com\/es\/wp-json\/wp\/v2\/media\/523127"}],"wp:attachment":[{"href":"https:\/\/www.europesays.com\/es\/wp-json\/wp\/v2\/media?parent=523126"}],"wp:term":[{"taxonomy":"category","embeddable":true,"href":"https:\/\/www.europesays.com\/es\/wp-json\/wp\/v2\/categories?post=523126"},{"taxonomy":"post_tag","embeddable":true,"href":"https:\/\/www.europesays.com\/es\/wp-json\/wp\/v2\/tags?post=523126"}],"curies":[{"name":"wp","href":"https:\/\/api.w.org\/{rel}","templated":true}]}}