{"id":52313,"date":"2025-08-16T22:19:19","date_gmt":"2025-08-16T22:19:19","guid":{"rendered":"https:\/\/www.europesays.com\/es\/52313\/"},"modified":"2025-08-16T22:19:19","modified_gmt":"2025-08-16T22:19:19","slug":"que-solo-hago-de-mi-mismo-me-importa-un-bledo","status":"publish","type":"post","link":"https:\/\/www.europesays.com\/es\/52313\/","title":{"rendered":"\u00bfQue solo hago de m\u00ed mismo? Me importa un bledo"},"content":{"rendered":"<p data-journey-content=\"true\" data-node-id=\"3\" class=\"css-i9p093 emevuu60\">George Clooney ha sido gal\u00e1n, astronauta, cirujano, ladr\u00f3n y abogado (entre muchas otras cosas). Ha ganado un Oscar, ha dirigido pel\u00edculas exitosas y ha producido otras que apenas pasaron por las salas de cines Pero lo que nunca ha hecho es <strong data-node-id=\"3.1\">pedir perd\u00f3n por ser George Clooney<\/strong>.<\/p>\n<p data-journey-content=\"true\" data-node-id=\"6\" class=\"css-i9p093 emevuu60\">Ahora, a sus 63 a\u00f1os, vuelve con &#8216;Jay Kelly&#8217;, una <a href=\"https:\/\/www.fotogramas.es\/festival-de-venecia\/a65476621\/festival-venecia-2025-peliculas-programacion-directores-actores\/\" data-vars-ga-outbound-link=\"https:\/\/www.fotogramas.es\/festival-de-venecia\/a65476621\/festival-venecia-2025-peliculas-programacion-directores-actores\/\" data-vars-ga-ux-element=\"Hyperlink\" data-vars-ga-call-to-action=\"una de las pel\u00edculas de Netflix m\u00e1s esperadas del pr\u00f3ximo Festival de Venecia 2025\" data-node-id=\"6.1\" class=\"body-link css-d2so5l emevuu60\" rel=\"nofollow noopener\" target=\"_blank\">una de las pel\u00edculas de Netflix m\u00e1s esperadas del pr\u00f3ximo Festival de Venecia 2025<\/a> dirigida por Noah Baumbach, en la que interpreta a <strong data-node-id=\"6.3\">una estrella de cine en decadencia que viaja a un festival italiano para recibir un premio honor\u00edfico<\/strong> y se enfrenta a una especie de ajuste de cuentas emocional. Si suena autorreferencial, es porque lo es. Aunque Clooney se ha apresurado a aclarar que el personaje no es \u00e9l, lo cierto es que los paralelismos no requieren mucha imaginaci\u00f3n. \u00abAcept\u00e9 hacer la pel\u00edcula pocas horas despu\u00e9s de leer el guion\u00bb, explic\u00f3. \u00abPero le dije a Noah: &#8216;Me encanta el guion, me encanta tu forma de dirigir, pero <strong data-node-id=\"6.5\">tengo 63 a\u00f1os, t\u00edo. No puedo hacer 50 tomas. No me queda cuerda. Mi rango como actor va de la A a la B<\/strong>&#8216;.\u00bb <\/p>\n<p><img draggable=\"true\" alt=\"jay kelly george clooney\" title=\"jay kelly george clooney\" loading=\"lazy\" width=\"3000\" height=\"2001\" decoding=\"async\" data-nimg=\"1\" style=\"color:transparent;width:100%;height:auto;\"   src=\"https:\/\/www.europesays.com\/es\/wp-content\/uploads\/2025\/08\/jay-kelly-pelicula-netflix-george-clooney-6894fa7b80554.jpg\" class=\"css-0 e1g79fud0\"\/><\/p>\n<p>Netflix<\/p>\n<p data-journey-content=\"true\" data-node-id=\"9\" class=\"css-i9p093 emevuu60\">En &#8216;Jay Kelly&#8217; comparte protagonismo con Adam Sandler, y esa fue otra de las razones por las que quiso estar en el proyecto. Clooney, que suele moverse entre el drama contenido y la comedia de ceja levantada, no ahorr\u00f3 elogios hacia su compa\u00f1ero, a quien ha visto demasiadas veces encerrado en el papel de payaso familiar. \u00abEsta pel\u00edcula, m\u00e1s que ninguna otra que haya hecho Adam, demuestra lo hermoso, profundo y sentido que puede ser como actor\u00bb, dijo. \u00abEstuve dici\u00e9ndole al equipo: &#8216;<strong data-node-id=\"9.1\">No lo trat\u00e9is como si solo fuera un c\u00f3mico tonto. Es un actor de verdad, maravilloso y delicado<\/strong>&#8216;.\u00bb<\/p>\n<p><img draggable=\"true\" alt=\"jay kelly george clooney\" title=\"jay kelly george clooney\" loading=\"lazy\" width=\"2000\" height=\"2600\" decoding=\"async\" data-nimg=\"1\" style=\"color:transparent;width:100%;height:auto;\"   src=\"https:\/\/www.europesays.com\/es\/wp-content\/uploads\/2025\/08\/jay-kelly-pelicula-6894fa7b80a14.jpg\" class=\"css-0 e1g79fud0\"\/><\/p>\n<p>Netflix<\/p>\n<p data-journey-content=\"true\" data-node-id=\"13\" class=\"css-i9p093 emevuu60\">Esta defensa del actor m\u00e1s exitoso de Netflix puede que tenga algo que ver con las cr\u00edticas que sufri\u00f3 el propio Clooney en 2023, cuando <a href=\"http:\/\/www.fotogramas.es\/noticias-cine\/a61872179\/george-clooney-quentin-tarantino-polemica-declaraciones\/\" data-vars-ga-outbound-link=\"http:\/\/www.fotogramas.es\/noticias-cine\/a61872179\/george-clooney-quentin-tarantino-polemica-declaraciones\/\" data-vars-ga-ux-element=\"Hyperlink\" data-vars-ga-call-to-action=\"Quentin Tarantino declar\u00f3 en una entrevista que el protagonista de &#039;Ocean&#039;s Eleven&#039; no era una estrella de cine\" data-node-id=\"13.1\" class=\"body-link css-d2so5l emevuu60\" rel=\"nofollow noopener\" target=\"_blank\">Quentin Tarantino declar\u00f3 en una entrevista que el protagonista de &#8216;Ocean&#8217;s Eleven&#8217; no era una estrella de cine<\/a> como s\u00ed lo eran Brad Pitt o Leonardo DiCaprio. \u00ab<strong data-node-id=\"13.3\">Hace mucho que George Clooney no atrae a nadie al cine<\/strong>\u00ab, dijo el cineasta. \u00ab\u00bfCu\u00e1ndo fue la \u00faltima vez que tuvo un \u00e9xito en este milenio?\u00bb Un a\u00f1o m\u00e1s tarde, Clooney respondi\u00f3 tirando a dar. \u00abQuentin dijo algunas tonter\u00edas sobre m\u00ed hace poco, as\u00ed que <strong data-node-id=\"13.5\">estoy un poco enfadado con \u00e9l<\/strong>\u00ab, confes\u00f3 en otra entrevista. \u00abEn esa charla estaban hablando de estrellas de cine, y alguien pregunt\u00f3: &#8216;\u00bfY George?&#8217; Y \u00e9l respondi\u00f3: &#8216;George no es una estrella de cine&#8217;. Luego dijo algo como: &#8216;Dime una pel\u00edcula suya exitosa desde el a\u00f1o 2000&#8217;. Y yo pens\u00e9: &#8216;<strong data-node-id=\"13.7\">\u00bfDesde el cambio de milenio? Pero si ese es todo mi jodido curr\u00edculum<\/strong>&#8216;.\u00bb<\/p>\n<p><img draggable=\"true\" alt=\"jay kelly george clooney\" title=\"jay kelly george clooney\" loading=\"lazy\" width=\"3000\" height=\"2000\" decoding=\"async\" data-nimg=\"1\" style=\"color:transparent;width:100%;height:auto;\"   src=\"https:\/\/www.europesays.com\/es\/wp-content\/uploads\/2025\/08\/jay-kelly-pelicula-george-clooney-6894fa7b7f05e.jpg\" class=\"css-0 e1g79fud0\"\/><\/p>\n<p>Netflix<\/p>\n<p data-journey-content=\"true\" data-node-id=\"16\" class=\"css-i9p093 emevuu60\">Y no, no era exageraci\u00f3n. Desde el a\u00f1o 2000, Clooney ha encadenado \u00e9xitos como la trilog\u00eda de Ocean\u2019s, papeles nominados al Oscar en &#8216;Michael Clayton&#8217;, &#8216;Up in the Air&#8217; y &#8216;Los descendientes&#8217;, y una estatuilla ganada por &#8216;Syriana&#8217;. Pero eso no impidi\u00f3 que alguien m\u00e1s se sumara a las cr\u00edticas: Hunter Biden. En una entrevista reciente, el hijo del expresidente Joe Biden (que no ha perdonado que Clooney firmara una tribuna contra la reelecci\u00f3n de su padre) solt\u00f3: \u00ab<strong data-node-id=\"16.1\">Estoy de acuerdo con Quentin Tarantino. George Clooney no es un maldito actor. Es una marca<\/strong>.\u00bb<\/p>\n<p data-journey-content=\"true\" data-node-id=\"18\" class=\"css-i9p093 emevuu60\">Fue ah\u00ed cuando el tema de \u00abinterpretarse a s\u00ed mismo\u00bb, algo recurrente cuando se critica al actor, volvi\u00f3 a aparecer. Y Clooney, fiel a su estilo, respondi\u00f3 sin filtros. \u00ab<strong data-node-id=\"18.1\">\u00bfDicen que solo hago de m\u00ed mismo? Me importa un bledo<\/strong>\u00ab, zanj\u00f3. \u201cNo hay tantos tipos de mi edad a los que les dejen hacer comedias como &#8216;O Brother!&#8217; y tambi\u00e9n &#8216;Syriana&#8217; o &#8216;Michael Clayton&#8217;. As\u00ed que si eso significa que siempre estoy haciendo de m\u00ed, pues me importa una mierda.\u00bb Y remat\u00f3, con su habitual media sonrisa: \u00ab\u00bf<strong data-node-id=\"18.3\">Alguna vez has intentado hacer de ti mismo? Es realmente dif\u00edcil<\/strong>.\u00bb <\/p>\n<p><img src=\"https:\/\/www.europesays.com\/es\/wp-content\/uploads\/2025\/08\/1755382759_112_0dffbcb6-5990-48f6-96e1-86183ebacace_1691665397.file\" alt=\"Headshot of Redacci\u00f3n Fotogramas\" title=\"Headshot of Redacci\u00f3n Fotogramas\" width=\"100%\" height=\"100%\" decoding=\"async\" loading=\"lazy\" class=\"css-o0wq4v ev8dhu53\"\/><\/p>\n<p>Desde que lleg\u00f3 a los quioscos por primera vez, el 15 de noviembre de 1946, hace m\u00e1s de 75 a\u00f1os, FOTOGRAMAS se ha convertido en la publicaci\u00f3n de referencia en el \u00e1mbito del cine y el entretenimiento. Nuestro equipo de periodistas y cr\u00edticos cinematogr\u00e1ficos ofrecen, cada d\u00eda, la informaci\u00f3n m\u00e1s actualizada sobre los \u00faltimos estrenos de cartelera, las mejores pel\u00edculas y series que llegan a las plataformas y las cr\u00edticas firmadas por los nombres m\u00e1s prestigiosos del panorama audiovisual.\u00a0<\/p>\n<p>Adem\u00e1s de informaci\u00f3n, la redacci\u00f3n de FOTOGRAMAS te trae a diario completas y divertidas entrevistas a actores y directores nacionales e internacionales, los mejores an\u00e1lisis y curiosidades y diferentes clips, teasers y tr\u00e1ilers exclusivos para que no te pierdas nada. Todo esto son solo algunos de los contenidos que han colocado a FOTOGRAMAS como la primera revista de cine de Espa\u00f1a.\u00a0<\/p>\n<p>Pero nada de ello ser\u00eda posible sin un nutrido equipo de expertos colaboradores, cr\u00edticos y redactores que buscan y seleccionan las noticias de cine y series m\u00e1s relevantes del momento. El <a href=\"https:\/\/www.fotogramas.es\/informacion\/a22495266\/contacto\/\" rel=\"nofollow noopener\" target=\"_blank\">equipo de FOTOGRAMAS<\/a> est\u00e1 compuesto por:\u00a0<\/p>\n<p><a href=\"https:\/\/www.fotogramas.es\/author\/630003\/juan-silvestre\/\" rel=\"nofollow noopener\" target=\"_blank\">Juan Silvestre<\/a>: Director digital de Fotogramas\u00a0<\/p>\n<p><a href=\"https:\/\/www.fotogramas.es\/author\/630013\/javier-diazsalado\/\" rel=\"nofollow noopener\" target=\"_blank\">Javier D\u00edaz-Salado<\/a>: redactor jefe digital de Fotogramas\u00a0<\/p>\n<p><a href=\"https:\/\/www.fotogramas.es\/author\/630009\/ricardo-rosado\/\" rel=\"nofollow noopener\" target=\"_blank\">Ricardo Rosado<\/a>: redactor de Fotogramas<\/p>\n<p><a href=\"https:\/\/www.fotogramas.es\/author\/235591\/fran-chico\/\" rel=\"nofollow noopener\" target=\"_blank\">Fran Chico<\/a>: redactor de Fotogramas\u00a0<\/p>\n<p>Sergio Valverde: Community Manager de Fotogramas \u00a0<\/p>\n","protected":false},"excerpt":{"rendered":"George Clooney ha sido gal\u00e1n, astronauta, cirujano, ladr\u00f3n y abogado (entre muchas otras cosas). Ha ganado un Oscar,&hellip;\n","protected":false},"author":2,"featured_media":52314,"comment_status":"","ping_status":"","sticky":false,"template":"","format":"standard","meta":{"footnotes":""},"categories":[169],"tags":[177,253,146,147,25,24,176,175,23],"class_list":{"0":"post-52313","1":"post","2":"type-post","3":"status-publish","4":"format-standard","5":"has-post-thumbnail","7":"category-cine","8":"tag-cine","9":"tag-discover","10":"tag-entertainment","11":"tag-entretenimiento","12":"tag-es","13":"tag-espana","14":"tag-film","15":"tag-movies","16":"tag-spain"},"share_on_mastodon":{"url":"","error":""},"_links":{"self":[{"href":"https:\/\/www.europesays.com\/es\/wp-json\/wp\/v2\/posts\/52313","targetHints":{"allow":["GET"]}}],"collection":[{"href":"https:\/\/www.europesays.com\/es\/wp-json\/wp\/v2\/posts"}],"about":[{"href":"https:\/\/www.europesays.com\/es\/wp-json\/wp\/v2\/types\/post"}],"author":[{"embeddable":true,"href":"https:\/\/www.europesays.com\/es\/wp-json\/wp\/v2\/users\/2"}],"replies":[{"embeddable":true,"href":"https:\/\/www.europesays.com\/es\/wp-json\/wp\/v2\/comments?post=52313"}],"version-history":[{"count":0,"href":"https:\/\/www.europesays.com\/es\/wp-json\/wp\/v2\/posts\/52313\/revisions"}],"wp:featuredmedia":[{"embeddable":true,"href":"https:\/\/www.europesays.com\/es\/wp-json\/wp\/v2\/media\/52314"}],"wp:attachment":[{"href":"https:\/\/www.europesays.com\/es\/wp-json\/wp\/v2\/media?parent=52313"}],"wp:term":[{"taxonomy":"category","embeddable":true,"href":"https:\/\/www.europesays.com\/es\/wp-json\/wp\/v2\/categories?post=52313"},{"taxonomy":"post_tag","embeddable":true,"href":"https:\/\/www.europesays.com\/es\/wp-json\/wp\/v2\/tags?post=52313"}],"curies":[{"name":"wp","href":"https:\/\/api.w.org\/{rel}","templated":true}]}}