{"id":52319,"date":"2025-08-16T22:22:08","date_gmt":"2025-08-16T22:22:08","guid":{"rendered":"https:\/\/www.europesays.com\/es\/52319\/"},"modified":"2025-08-16T22:22:08","modified_gmt":"2025-08-16T22:22:08","slug":"rtve-clarin-talavante-y-guillermo-inspirados-en-san-sebastian","status":"publish","type":"post","link":"https:\/\/www.europesays.com\/es\/52319\/","title":{"rendered":"RTVE Clar\u00edn Talavante y Guillermo, inspirados en San Sebasti\u00e1n"},"content":{"rendered":"<p><strong>Guillermo Hermoso de Mendoza<\/strong> y <strong>Alejandro Talavante<\/strong>, por la Puerta Grande en el cierre de la Semana Grande de <strong>San Sebasti\u00e1n<\/strong>, con un buen <strong>Manzanares<\/strong>. En <strong>M\u00e1laga <\/strong>destaca <strong>Jos\u00e9 Fernando Molina<\/strong>. En<strong> Ciudad Real<\/strong>,<strong> El Cid<\/strong> y<strong> Emilio de Justo<\/strong> a hombros, al igual que <strong>Juan Ortega<\/strong> en <strong>Gij\u00f3n<\/strong>. \u00daltima hora sobre la recuperaci\u00f3n de <strong>Morante de la Puebla<\/strong> de su grave cornada en el muslo derecho. <strong>Borja Domecq<\/strong>, ganadero de <strong>Jandilla<\/strong>, cuenta los estragos del fuego en su finca \u00abLos Quintos\u00bb en<strong> Llerena<\/strong> (<strong>Badajoz<\/strong>): ha perdido en torno a un 75% de pasto y podr\u00edan haber muerto animales. El novillero<strong> Sergio Roll\u00f3n<\/strong> desvela c\u00f3mo se encuentra tras ser dado de alta de su grav\u00edsima cornada en el tri\u00e1ngulo de Scarpa, la cogida m\u00e1s dram\u00e1tica de la temporada.   <\/p>\n","protected":false},"excerpt":{"rendered":"Guillermo Hermoso de Mendoza y Alejandro Talavante, por la Puerta Grande en el cierre de la Semana Grande&hellip;\n","protected":false},"author":2,"featured_media":52320,"comment_status":"","ping_status":"","sticky":false,"template":"","format":"standard","meta":{"footnotes":""},"categories":[91],"tags":[6198,146,147,25,24,23084,133,1448,1986,1987,23,23083],"class_list":{"0":"post-52319","1":"post","2":"type-post","3":"status-publish","4":"format-standard","5":"has-post-thumbnail","7":"category-entretenimiento","8":"tag-clarin","9":"tag-entertainment","10":"tag-entretenimiento","11":"tag-es","12":"tag-espana","13":"tag-inspirados-en-san-sebastian","14":"tag-online","15":"tag-radio","16":"tag-rne","17":"tag-rtve-play","18":"tag-spain","19":"tag-talavante-y-guillermo"},"share_on_mastodon":{"url":"","error":""},"_links":{"self":[{"href":"https:\/\/www.europesays.com\/es\/wp-json\/wp\/v2\/posts\/52319","targetHints":{"allow":["GET"]}}],"collection":[{"href":"https:\/\/www.europesays.com\/es\/wp-json\/wp\/v2\/posts"}],"about":[{"href":"https:\/\/www.europesays.com\/es\/wp-json\/wp\/v2\/types\/post"}],"author":[{"embeddable":true,"href":"https:\/\/www.europesays.com\/es\/wp-json\/wp\/v2\/users\/2"}],"replies":[{"embeddable":true,"href":"https:\/\/www.europesays.com\/es\/wp-json\/wp\/v2\/comments?post=52319"}],"version-history":[{"count":0,"href":"https:\/\/www.europesays.com\/es\/wp-json\/wp\/v2\/posts\/52319\/revisions"}],"wp:featuredmedia":[{"embeddable":true,"href":"https:\/\/www.europesays.com\/es\/wp-json\/wp\/v2\/media\/52320"}],"wp:attachment":[{"href":"https:\/\/www.europesays.com\/es\/wp-json\/wp\/v2\/media?parent=52319"}],"wp:term":[{"taxonomy":"category","embeddable":true,"href":"https:\/\/www.europesays.com\/es\/wp-json\/wp\/v2\/categories?post=52319"},{"taxonomy":"post_tag","embeddable":true,"href":"https:\/\/www.europesays.com\/es\/wp-json\/wp\/v2\/tags?post=52319"}],"curies":[{"name":"wp","href":"https:\/\/api.w.org\/{rel}","templated":true}]}}