{"id":523445,"date":"2026-04-29T09:23:10","date_gmt":"2026-04-29T09:23:10","guid":{"rendered":"https:\/\/www.europesays.com\/es\/523445\/"},"modified":"2026-04-29T09:23:10","modified_gmt":"2026-04-29T09:23:10","slug":"dorian-godon-sorprende-en-romandia-a-un-pogacar-que-no-pasa-de-ser-sexto","status":"publish","type":"post","link":"https:\/\/www.europesays.com\/es\/523445\/","title":{"rendered":"Dorian Godon sorprende en Romand\u00eda a un Pogacar que no pasa de ser sexto"},"content":{"rendered":"<p style=\"\">Tadej Pogacar se baj\u00f3 del podio por primera vez en siete meses. La \u00faltima vez que no lo pis\u00f3 fue en septiembre en el campeonato  &#8230; del Mundo contrarreloj cuando hizo cuarto. Ayer, en el pr\u00f3logo del Tour de Romand\u00eda sobre 3,2 kil\u00f3metros y un exigente repecho que le convert\u00eda en claro favorito, no logr\u00f3 pasar de la sexta plaza en una versi\u00f3n bastante terrenal que no est\u00e1 acostumbrado a ofrecer. <\/p>\n<p class=\"v-d-p\" style=\"\">La victoria correspondi\u00f3 a Dorian Godon (Ineos), que rod\u00f3 a una velocidad de 53,5 km\/h con la que destroz\u00f3 a sus rivales al marcar un tiempo de 3:35. Este triunfo se une a los que ya logr\u00f3 esta temporada en la Par\u00eds-Niza y los dos de la Volta a Catalunya. Segundo fue Ivo Oliveira (3:41) y tercero entr\u00f3 el sorprendente Jakob Soderqvist (Lidl-Trek), que ven\u00eda de ser segundo en la crono de Par\u00eds Niza y tercero en Algarve. Cuarto qued\u00f3 Mauro Schmid (Jayco) con 3:42. <\/p>\n<p class=\"v-d-p\" style=\"\">Hoy se disputa la primera etapa en l\u00ednea sobre 170 kil\u00f3metros con salida y meta en Martigny, y tres pasos por un tercera como La Rasse (2,5 km al 8,5%) y el ascenso al puerto de primera de Ovronnaz (8,9 km al 9,8%) a 34 de meta.<\/p>\n<p>\nIzagirre correr\u00e1 el Tour\n<\/p>\n<p class=\"v-d-p\" style=\"\">Ion Izagirre estar\u00e1 en la salida del Tour de Francia 2026. El de Ormaiztegi, del equipo Cofidis, disputar\u00e1 la ronda francesa por duod\u00e9cima vez en su carrera, confirmando su presencia en una edici\u00f3n que arrancar\u00e1 el 4 de julio en Barcelona. A sus 37 a\u00f1os, y en su \u00faltima temporada en activo, ha ganado el Gran Premio Indurain en Estella, ha sido cuarto en Itzulia y s\u00e9ptimo en la Par\u00eds-Niza y la Flecha Valona, lo que le ha animado a acudir a la ronda gala.<\/p>\n","protected":false},"excerpt":{"rendered":"Tadej Pogacar se baj\u00f3 del podio por primera vez en siete meses. La \u00faltima vez que no lo&hellip;\n","protected":false},"author":2,"featured_media":523446,"comment_status":"","ping_status":"","sticky":false,"template":"","format":"standard","meta":{"footnotes":""},"categories":[273],"tags":[313,312,168,29246,25,24,29247,3954,549,102864,1333,6924,23,167],"class_list":["post-523445","post","type-post","status-publish","format-standard","has-post-thumbnail","category-ciclismo","tag-ciclismo","tag-cycling","tag-deportes","tag-dorian","tag-es","tag-espana","tag-godon","tag-pasa","tag-pogacar","tag-romandia","tag-sexto","tag-sorprende","tag-spain","tag-sports"],"share_on_mastodon":{"url":"https:\/\/pubeurope.com\/@es\/116487271654330970","error":""},"_links":{"self":[{"href":"https:\/\/www.europesays.com\/es\/wp-json\/wp\/v2\/posts\/523445","targetHints":{"allow":["GET"]}}],"collection":[{"href":"https:\/\/www.europesays.com\/es\/wp-json\/wp\/v2\/posts"}],"about":[{"href":"https:\/\/www.europesays.com\/es\/wp-json\/wp\/v2\/types\/post"}],"author":[{"embeddable":true,"href":"https:\/\/www.europesays.com\/es\/wp-json\/wp\/v2\/users\/2"}],"replies":[{"embeddable":true,"href":"https:\/\/www.europesays.com\/es\/wp-json\/wp\/v2\/comments?post=523445"}],"version-history":[{"count":0,"href":"https:\/\/www.europesays.com\/es\/wp-json\/wp\/v2\/posts\/523445\/revisions"}],"wp:featuredmedia":[{"embeddable":true,"href":"https:\/\/www.europesays.com\/es\/wp-json\/wp\/v2\/media\/523446"}],"wp:attachment":[{"href":"https:\/\/www.europesays.com\/es\/wp-json\/wp\/v2\/media?parent=523445"}],"wp:term":[{"taxonomy":"category","embeddable":true,"href":"https:\/\/www.europesays.com\/es\/wp-json\/wp\/v2\/categories?post=523445"},{"taxonomy":"post_tag","embeddable":true,"href":"https:\/\/www.europesays.com\/es\/wp-json\/wp\/v2\/tags?post=523445"}],"curies":[{"name":"wp","href":"https:\/\/api.w.org\/{rel}","templated":true}]}}