{"id":523520,"date":"2026-04-29T10:15:14","date_gmt":"2026-04-29T10:15:14","guid":{"rendered":"https:\/\/www.europesays.com\/es\/523520\/"},"modified":"2026-04-29T10:15:14","modified_gmt":"2026-04-29T10:15:14","slug":"el-sueno-americano-con-acento-italiano-la-casa-de-campo-en-la-toscana-de-800-m2-que-reconecto-a-una-familia-con-sus-origenes","status":"publish","type":"post","link":"https:\/\/www.europesays.com\/es\/523520\/","title":{"rendered":"El sue\u00f1o americano con acento italiano: la casa de campo en la Toscana \u00a1de 800 m2! que reconect\u00f3 a una familia con sus or\u00edgenes"},"content":{"rendered":"<p><strong>El sue\u00f1o americano con acento italiano: la casa de campo en la Toscana \u00a1de 800 m2! que reconect\u00f3 a una familia con sus or\u00edgenes<\/strong><\/p>\n<p><strong>Los propietarios estadounidenses de esta casa de campo que parece haber estado en la cima de una colina en la campi\u00f1a Toscana durante siglos,<\/strong> llegaron al estudio de arquitectura McLean Quinlan con una idea clara: quer\u00edan bajar el ritmo, <strong>reconectar con sus ra\u00edces italianas y encontrar un lugar donde sentirse en casa de verdad.<\/strong> No buscaban solo construir una casa de campo, sino tambi\u00e9n encontrar el entorno adecuado.<strong>Y ese lugar ten\u00eda un nombre: <a href=\"https:\/\/www.revistaad.es\/\" rel=\"nofollow noopener\" target=\"_blank\">la Toscana<\/a><\/strong>. Pero no en la m\u00e1s conocida. M\u00e1s all\u00e1 de las colinas verdes, los cipreses y los vi\u00f1edos que suelen definir su imagen, existe otra Toscana. <strong>Al sur, en la Maremma, el paisaje es m\u00e1s abierto y m\u00e1s seco, especialmente en verano, cuando el verde se aten\u00faa y los tonos se vuelven m\u00e1s terrosos.<\/strong> Es una versi\u00f3n menos idealizada, pero m\u00e1s directa. Fue precisamente esa la que convenci\u00f3 a la familia.<\/p>\n<p><img decoding=\"async\" alt=\"Fachada de la casa de campo en la toscana\" loading=\"lazy\" class=\"ResponsiveImageContainer-dkeESL cQPiWi responsive-image__image\"   src=\"https:\/\/www.europesays.com\/es\/wp-content\/uploads\/2026\/04\/McLean%20Quinlan-Ercolina-Italy-Photography%20Jim%20Stephenson-Exteriors-23.jpg\"\/><\/p>\n<p>El estudio McLean Quinlan insisti\u00f3 en el uso de materiales tradicionales de la zona, como la piedra para las fachadas y las tejas cortadas realizadas artesanalmente.<\/p>\n<p>\u00a9 Jim Stephenson<\/p>\n<p><strong>El proyecto comenz\u00f3 con la compra de un terreno de 30 hect\u00e1reas.<\/strong> Despu\u00e9s lleg\u00f3 el encargo al estudio McLean Quinlan, que, aunque firmaba aqu\u00ed su primer proyecto en Italia, contaba con una larga trayectoria construyendo en <a href=\"https:\/\/www.revistaad.es\/articulos\/la-casa-mediterranea-de-moredesign-en-ibiza-para-un-famoso-deportista-retirado-le-faltaba-alma-un-verdadero-dialogo-con-el-paisaje\" rel=\"nofollow noopener\" target=\"_blank\">di\u00e1logo con el paisaje<\/a>. \u201cFiona y yo conocemos muy bien la Toscana y sus casas tradicionales\u201d, explica Kate Quinlan. <strong>\u201cLo que nos fascin\u00f3 especialmente fue la idea de construir una especie de peque\u00f1a torre en lo alto de la colina\u201d.<\/strong><\/p>\n<p><strong>Una arquitectura que nace del paisaje<\/strong><\/p>\n<p>La ubicaci\u00f3n responde a una l\u00f3gica muy concreta. <strong>En esta zona, las casas de campo se construyen tradicionalmente en lo alto de las colinas, donde el aire circula mejor y el clima es m\u00e1s favorable que en las zonas bajas.<\/strong> Esa idea se recupera aqu\u00ed no como gesto est\u00e9tico, sino como punto de partida. <strong>Los materiales siguen esa misma l\u00ednea.<\/strong> La piedra local en las fachadas y las tejas de terracota hechas a mano en las cubiertas establecen una continuidad directa con la arquitectura tradicional de la zona. <strong>La finca combina olivares, prados de flores y vegetaci\u00f3n mediterr\u00e1nea, y sobre ella se distribuyen tres construcciones<\/strong>: <strong>una casa principal de 500 metros cuadrados, una segunda vivienda m\u00e1s peque\u00f1a de 130 m2 y una tercera edificaci\u00f3n inspirada en un granero, convertida en una casa de invitados de 270 m2.<\/strong> A ellas se suman <a href=\"https:\/\/www.revistaad.es\/galerias\/piscinas-extraordinarias-para-disfrutar-del-verano-sin-salir-de-casa\" rel=\"nofollow noopener\" target=\"_blank\">una piscina<\/a> y varias logias que invitan a una vida al aire libre.<\/p>\n","protected":false},"excerpt":{"rendered":"El sue\u00f1o americano con acento italiano: la casa de campo en la Toscana \u00a1de 800 m2! que reconect\u00f3&hellip;\n","protected":false},"author":2,"featured_media":523521,"comment_status":"","ping_status":"","sticky":false,"template":"","format":"standard","meta":{"footnotes":""},"categories":[173],"tags":[229,233,231,230,1530,232,33065,234,146,147,25,24,23,12443],"class_list":["post-523520","post","type-post","status-publish","format-standard","has-post-thumbnail","category-arte-y-diseno","tag-arte","tag-arte-y-diseno","tag-arts","tag-arts-and-design","tag-casas-ad","tag-design","tag-digital_syndication","tag-diseno","tag-entertainment","tag-entretenimiento","tag-es","tag-espana","tag-spain","tag-splitscreenimageleftfullbleed"],"share_on_mastodon":{"url":"","error":""},"_links":{"self":[{"href":"https:\/\/www.europesays.com\/es\/wp-json\/wp\/v2\/posts\/523520","targetHints":{"allow":["GET"]}}],"collection":[{"href":"https:\/\/www.europesays.com\/es\/wp-json\/wp\/v2\/posts"}],"about":[{"href":"https:\/\/www.europesays.com\/es\/wp-json\/wp\/v2\/types\/post"}],"author":[{"embeddable":true,"href":"https:\/\/www.europesays.com\/es\/wp-json\/wp\/v2\/users\/2"}],"replies":[{"embeddable":true,"href":"https:\/\/www.europesays.com\/es\/wp-json\/wp\/v2\/comments?post=523520"}],"version-history":[{"count":0,"href":"https:\/\/www.europesays.com\/es\/wp-json\/wp\/v2\/posts\/523520\/revisions"}],"wp:featuredmedia":[{"embeddable":true,"href":"https:\/\/www.europesays.com\/es\/wp-json\/wp\/v2\/media\/523521"}],"wp:attachment":[{"href":"https:\/\/www.europesays.com\/es\/wp-json\/wp\/v2\/media?parent=523520"}],"wp:term":[{"taxonomy":"category","embeddable":true,"href":"https:\/\/www.europesays.com\/es\/wp-json\/wp\/v2\/categories?post=523520"},{"taxonomy":"post_tag","embeddable":true,"href":"https:\/\/www.europesays.com\/es\/wp-json\/wp\/v2\/tags?post=523520"}],"curies":[{"name":"wp","href":"https:\/\/api.w.org\/{rel}","templated":true}]}}