{"id":52356,"date":"2025-08-16T22:49:07","date_gmt":"2025-08-16T22:49:07","guid":{"rendered":"https:\/\/www.europesays.com\/es\/52356\/"},"modified":"2025-08-16T22:49:07","modified_gmt":"2025-08-16T22:49:07","slug":"los-incendios-de-el-payo-y-ciperez-mantienen-frentes-activos-de-mas-de-20-kilometros-y-complican-la-extincion-en-salamanca","status":"publish","type":"post","link":"https:\/\/www.europesays.com\/es\/52356\/","title":{"rendered":"Los incendios de El Payo y Cip\u00e9rez mantienen frentes activos de m\u00e1s de 20 kil\u00f3metros y complican la extinci\u00f3n en Salamanca"},"content":{"rendered":"<p>16\/08\/2025<br \/>\n<br \/><strong><br \/>\nActualizado a las 20:44h.<br \/>\n<\/strong><\/p>\n<p class=\"voc-p\" style=\"\">Los incendios forestales declarados en El Payo y Cip\u00e9rez mantienen en jaque a la provincia de Salamanca y <a href=\"https:\/\/www.abc.es\/espana\/castilla-leon\/fuego-cruzado-orense-zamora-complica-avances-extincion-20250814220621-nt.html\" target=\"_self\" data-voc-vtm-id=\"in-text-traffic\" title=\"han obligado a la evacuaci\u00f3n de cerca de 2.000 personas de cinco municipios\" rel=\"nofollow noopener\">han obligado a la evacuaci\u00f3n de cerca de 2.000 personas de cinco municipios<\/a>, seg\u00fan la informaci\u00f3n actualizada este s\u00e1bado por la Junta de Castilla y Le\u00f3n.<\/p>\n<p class=\"voc-p\" style=\"\">Los fuegos, que se encuentran en nivel 2 del \u00cdndice de Gravedad Potencial (IGP), contin\u00faan activos a pesar de los esfuerzos desplegados por los operativos de extinci\u00f3n, complicados por la ola de calor, la baja humedad y las rachas de viento. En las labores de extinci\u00f3n se registraron cuatro heridos que ya han recibido el alta m\u00e9dica, informa Ical.<\/p>\n<p class=\"voc-p\" style=\"\">El incendio de El Payo comenz\u00f3 ayer viernes a las 13.18 horas y, seg\u00fan las investigaciones preliminares, se produjeron varios focos en distintos puntos de carretera, <strong>por lo que la principal hip\u00f3tesis apunta a un origen intencionado.<\/strong><\/p>\n<p class=\"voc-p\" style=\"\">El fuego se desarrolla en una zona de pinar adulto, robledales y prados, de especial peligrosidad por su masa forestal. Ayer avanz\u00f3 con grave riesgo para el pueblo de El Payo, aunque finalmente no se produjeron da\u00f1os significativos en estructuras ni en la poblaci\u00f3n.<\/p>\n<p class=\"voc-p\" style=\"\">Durante la noche no se registraron llamas activas, pero esta ma\u00f1ana comenzaron a producirse reproducciones. Las autoridades temen complicaciones con la subida de las temperaturas y las previsiones de viento, ya que el per\u00edmetro a\u00fan no est\u00e1 asegurado.<\/p>\n<p class=\"voc-p\" style=\"\">Por su parte, el incendio de Cip\u00e9rez, declarado el mi\u00e9rcoles en San Crist\u00f3bal de los Mochuelos, permanece activo y sin causa confirmada. El terreno afectado es una mezcla de robledal, matorral y prados, con n\u00facleos de poblaci\u00f3n peque\u00f1os y dispersos.<\/p>\n<p class=\"voc-p\" style=\"\"><strong>El fuego presenta una longitud de entre 20 y 25 kil\u00f3metros de frente<\/strong>, lo que dificulta el control y provoca continuas reproducciones. Se han visto afectadas algunas viviendas deshabitadas y naves agr\u00edcolas.<\/p>\n<p class=\"voc-p\" style=\"\">La situaci\u00f3n ha obligado a evacuar cinco municipios: El Payo, Villaseco de los Reyes, Gejo de los Reyes, Cerezal de Puertas y El Groo, lo que supone alrededor de 2.000 personas desplazadas. De ellas, unas 200 han sido realojadas en los pabellones habilitados por la Junta en Fuenteguinaldo y Robleda.<\/p>\n<p>Reportar un error<\/p>\n","protected":false},"excerpt":{"rendered":"16\/08\/2025 Actualizado a las 20:44h. Los incendios forestales declarados en El Payo y Cip\u00e9rez mantienen en jaque a&hellip;\n","protected":false},"author":2,"featured_media":52357,"comment_status":"","ping_status":"","sticky":false,"template":"","format":"standard","meta":{"footnotes":""},"categories":[8],"tags":[3353,17,18,23092,21298,25,24,5014,13,14,23093,11,4342,5215,19,20,14620,9,10,15,16,23091,3614,23,12,21,22],"class_list":{"0":"post-52356","1":"post","2":"type-post","3":"status-publish","4":"format-standard","5":"has-post-thumbnail","7":"category-espana","8":"tag-activos","9":"tag-breaking-news","10":"tag-breakingnews","11":"tag-ciperez","12":"tag-complican","13":"tag-es","14":"tag-espana","15":"tag-extincion","16":"tag-featured-news","17":"tag-featurednews","18":"tag-frentes","19":"tag-headlines","20":"tag-incendios","21":"tag-kilometros","22":"tag-latest-news","23":"tag-latestnews","24":"tag-mantienen","25":"tag-news","26":"tag-noticias","27":"tag-noticias-destacadas","28":"tag-noticiasdestacadas","29":"tag-payo","30":"tag-salamanca","31":"tag-spain","32":"tag-titulares","33":"tag-ultimas-noticias","34":"tag-ultimasnoticias"},"share_on_mastodon":{"url":"","error":""},"_links":{"self":[{"href":"https:\/\/www.europesays.com\/es\/wp-json\/wp\/v2\/posts\/52356","targetHints":{"allow":["GET"]}}],"collection":[{"href":"https:\/\/www.europesays.com\/es\/wp-json\/wp\/v2\/posts"}],"about":[{"href":"https:\/\/www.europesays.com\/es\/wp-json\/wp\/v2\/types\/post"}],"author":[{"embeddable":true,"href":"https:\/\/www.europesays.com\/es\/wp-json\/wp\/v2\/users\/2"}],"replies":[{"embeddable":true,"href":"https:\/\/www.europesays.com\/es\/wp-json\/wp\/v2\/comments?post=52356"}],"version-history":[{"count":0,"href":"https:\/\/www.europesays.com\/es\/wp-json\/wp\/v2\/posts\/52356\/revisions"}],"wp:featuredmedia":[{"embeddable":true,"href":"https:\/\/www.europesays.com\/es\/wp-json\/wp\/v2\/media\/52357"}],"wp:attachment":[{"href":"https:\/\/www.europesays.com\/es\/wp-json\/wp\/v2\/media?parent=52356"}],"wp:term":[{"taxonomy":"category","embeddable":true,"href":"https:\/\/www.europesays.com\/es\/wp-json\/wp\/v2\/categories?post=52356"},{"taxonomy":"post_tag","embeddable":true,"href":"https:\/\/www.europesays.com\/es\/wp-json\/wp\/v2\/tags?post=52356"}],"curies":[{"name":"wp","href":"https:\/\/api.w.org\/{rel}","templated":true}]}}