{"id":523846,"date":"2026-04-29T14:04:12","date_gmt":"2026-04-29T14:04:12","guid":{"rendered":"https:\/\/www.europesays.com\/es\/523846\/"},"modified":"2026-04-29T14:04:12","modified_gmt":"2026-04-29T14:04:12","slug":"opcion-gratis-y-en-abierto-para-ver-los-partidos-del-unicaja-en-la-final-four-de-la-bcl","status":"publish","type":"post","link":"https:\/\/www.europesays.com\/es\/523846\/","title":{"rendered":"Opci\u00f3n GRATIS y en abierto para ver los partidos del Unicaja en la Final Four de la BCL"},"content":{"rendered":"<p class=\"ft-text\">La participaci\u00f3n del<strong> Unicaja<\/strong> en la <strong>Final Four de Badalona<\/strong> podr\u00e1 verse en <strong>Canal Sur a trav\u00e9s de Andaluc\u00eda Televisi\u00f3n<\/strong>. La presencia del cuadro malague\u00f1o en la <a class=\"ft-link ft-link--decoration\" href=\"https:\/\/www.laopiniondemalaga.es\/unicaja\/2026\/01\/09\/bcl-badalona-sede-final-four-unicaja-125518885.html\" target=\"_blank\" rel=\"nofollow noopener\">fase final de la BCL que se disputar\u00e1 en el Olimpic badalon\u00e9s<\/a> podr\u00e1 verse en directo, de forma gratuita, con la narraci\u00f3n de <strong>Fernando Barbero<\/strong> y los comentarios del exjugador cajista <strong>Nacho Rodr\u00edguez<\/strong>.<\/p>\n<p>Semifinal&#8230; y lo que venga<\/p>\n<p class=\"ft-text\">El primer partido que se televisar\u00e1 es la<a class=\"ft-link ft-link--decoration\" href=\"https:\/\/www.laopiniondemalaga.es\/unicaja\/2026\/04\/15\/bcl-unicaja-aek-joventut-fiba-basketball-champions-league-129147889.html\" target=\"_blank\" rel=\"nofollow noopener\"> semifinal que el Unicaja disputar\u00e1 ante el AEK de Atenas,<\/a> el jueves 7 de mayo, a partir de las nueve de la noche. El s\u00e1bado 9 de mayo Andaluc\u00eda Televisi\u00f3n ofrecer\u00e1 igualmente el encuentro que dispute el Unicaja. Si es el partido por la tercera plaza, ser\u00e1 a las cinco de la tarde. Y si disputa la gran final, la cita es a las ocho de la tarde.<\/p>\n<p>Tercera ocasi\u00f3n<\/p>\n<p class=\"ft-text\">La lucha del Unicaja por lograr su tercer t\u00edtulo de la Champions de la FIBA<a class=\"ft-link ft-link--decoration\" href=\"https:\/\/www.laopiniondemalaga.es\/unicaja\/2025\/05\/07\/101tv-teledeporte-canal-sur-final-four-unicaja-117065424.html\" target=\"_blank\" rel=\"nofollow noopener\"> podr\u00e1 seguirse en la tele de Andaluc\u00eda<\/a>, como ya ocurri\u00f3 en las citas de<strong> Belgrado en 2024 y Atenas en 2025<\/strong>, en ambos casos con final feliz para los de Ibon Navarro, que levantaron el t\u00edtulo continental.<\/p>\n<p>Otras opciones<\/p>\n<p class=\"ft-text\">Adem\u00e1s de Canal Sur en abierto y de forma gratuita, tambi\u00e9n tiene previsto emitir los partidos del Unicaja sin pago alguno <strong>Teledeporte y RTVE Play<\/strong>. Por su parte, la opci\u00f3n de <strong>Courtside, a trav\u00e9s de DAZN<\/strong>, s\u00ed es previo pago de la suscripci\u00f3n.<\/p>\n","protected":false},"excerpt":{"rendered":"La participaci\u00f3n del Unicaja en la Final Four de Badalona podr\u00e1 verse en Canal Sur a trav\u00e9s de&hellip;\n","protected":false},"author":2,"featured_media":523847,"comment_status":"","ping_status":"","sticky":false,"template":"","format":"standard","meta":{"footnotes":""},"categories":[269],"tags":[259,299,298,168,25,24,1058,12000,19847,6758,23,167,807,2246],"class_list":["post-523846","post","type-post","status-publish","format-standard","has-post-thumbnail","category-baloncesto","tag-andalucia","tag-baloncesto","tag-basketball","tag-deportes","tag-es","tag-espana","tag-final","tag-final-four","tag-ofrecera","tag-partidos","tag-spain","tag-sports","tag-television","tag-unicaja"],"share_on_mastodon":{"url":"https:\/\/pubeurope.com\/@es\/116488376640202505","error":""},"_links":{"self":[{"href":"https:\/\/www.europesays.com\/es\/wp-json\/wp\/v2\/posts\/523846","targetHints":{"allow":["GET"]}}],"collection":[{"href":"https:\/\/www.europesays.com\/es\/wp-json\/wp\/v2\/posts"}],"about":[{"href":"https:\/\/www.europesays.com\/es\/wp-json\/wp\/v2\/types\/post"}],"author":[{"embeddable":true,"href":"https:\/\/www.europesays.com\/es\/wp-json\/wp\/v2\/users\/2"}],"replies":[{"embeddable":true,"href":"https:\/\/www.europesays.com\/es\/wp-json\/wp\/v2\/comments?post=523846"}],"version-history":[{"count":0,"href":"https:\/\/www.europesays.com\/es\/wp-json\/wp\/v2\/posts\/523846\/revisions"}],"wp:featuredmedia":[{"embeddable":true,"href":"https:\/\/www.europesays.com\/es\/wp-json\/wp\/v2\/media\/523847"}],"wp:attachment":[{"href":"https:\/\/www.europesays.com\/es\/wp-json\/wp\/v2\/media?parent=523846"}],"wp:term":[{"taxonomy":"category","embeddable":true,"href":"https:\/\/www.europesays.com\/es\/wp-json\/wp\/v2\/categories?post=523846"},{"taxonomy":"post_tag","embeddable":true,"href":"https:\/\/www.europesays.com\/es\/wp-json\/wp\/v2\/tags?post=523846"}],"curies":[{"name":"wp","href":"https:\/\/api.w.org\/{rel}","templated":true}]}}