{"id":52393,"date":"2025-08-16T23:15:12","date_gmt":"2025-08-16T23:15:12","guid":{"rendered":"https:\/\/www.europesays.com\/es\/52393\/"},"modified":"2025-08-16T23:15:12","modified_gmt":"2025-08-16T23:15:12","slug":"debut-triunfal-en-malaga-de-moral-y-molina-en-una-alternativa-gris-de-pablo-paez","status":"publish","type":"post","link":"https:\/\/www.europesays.com\/es\/52393\/","title":{"rendered":"Debut triunfal en M\u00e1laga de Moral y Molina en una alternativa gris de Pablo P\u00e1ez"},"content":{"rendered":"<p>El reloj de la plaza marcaba las 19.17 horas cuando M\u00e1laga sum\u00f3 un nuevo matador de toros a su historia taurina. El ronde\u00f1o Pablo  &#8230; P\u00e1ez recibi\u00f3 la alternativa de manos de Pepe Moral \u2013la primera que concede en su trayectoria\u2013 en presencia de Jos\u00e9 Fernando Molina ante el toro &#8216;Caminante&#8217; de Murteira Grave. No fue la tarde so\u00f1ada para el joven diestro ya que tuvo una actuaci\u00f3n gris, mientras que sus dos compa\u00f1eros s\u00ed lograron el triunfo. El diestro sevillano logr\u00f3 una oreja como premio al pundonor y la actitud que demostr\u00f3, mientras que el albacete\u00f1o consigui\u00f3 dos trofeos del bonancible p\u00fablico malague\u00f1o. <\/p>\n<p class=\"v-p\">En la que estaba considerada como la corrida torista del ciclo, hab\u00eda expectaci\u00f3n por ver los toros de Murteira Grave despu\u00e9s del buen juego que dieron el pasado a\u00f1o, lo que le hizo ser considerada la mejor ganader\u00eda de la feria. Sin embargo, en esta ocasi\u00f3n toc\u00f3 la cruz de la moneda y decepcion\u00f3 el encierro que lleg\u00f3 a La Malagueta desde la finca &#8216;Galeana&#8217; en tierras portuguesas. Descastados y sin opciones fueron los seis animales que saltaron al ruedo. <\/p>\n<p class=\"v-p\">Al toro de su alternativa \u2013el del mayor peso de la corrida\u2013 lo recibi\u00f3 P\u00e1ez con un ramillete de ver\u00f3nicas y una media de buen sabor donde &#8216;Caminante&#8217; humill\u00f3 y meti\u00f3 la cara. A la postre ser\u00edan las \u00fanicas buenas embestidas que ofreci\u00f3. Concluida la siempre emotiva ceremonia de la alternativa y el brindis a su familia, P\u00e1ez intent\u00f3 hacer faena a un toro ya a la defensiva y parado que no se emple\u00f3. En tandas cortas y por ambos pitones, el ronde\u00f1o estuvo porfi\u00f3n intentando justificarse, pero entre las nulas condiciones del burel y su falta de experiencia \u2013ya que no ha toreado en su etapa novilleril todo lo que hubiera deseado\u2013 no hubo posibilidad de lucimiento. Con la espada no estuvo acertado y dej\u00f3 cuatro pinchazos.<\/p>\n<p><img decoding=\"async\" loading=\"lazy\" src=\"https:\/\/www.europesays.com\/es\/wp-content\/uploads\/2025\/08\/molina-U75705446063GjH-748x524@Diario Sur.jpg\" class=\"v-a-img\" width=\"748\" height=\"524\" alt=\"Molina, con poco ajuste, en un muletazo por la derecha.\" data-voc-vtm-id=\"in-text-traffic\"\/><\/p>\n<p>Molina, con poco ajuste, en un muletazo por la derecha.<\/p>\n<p>pacurr\u00f3n<\/p>\n<p><img loading=\"lazy\" decoding=\"async\" src=\"https:\/\/www.europesays.com\/es\/wp-content\/uploads\/2025\/08\/molina-U75705446063GjH-748x524@Diario Sur.jpg\" class=\"v-mdl__img-z\" width=\"748\" height=\"524\" alt=\"\"\/><\/p>\n<p class=\"v-p\">Tampoco le dio opciones el sexto de la tarde. &#8216;Coca\u00edna&#8217; no se emple\u00f3 en ning\u00fan momento y sac\u00f3 complicaciones que requer\u00edan manos m\u00e1s expertas. No pudo lucirse en el recibimiento con el capote. Tras brindar a Borja Ortiz, director de Asuntos Taurinos de la Diputaci\u00f3n de M\u00e1laga y que ha sido una pieza fundamental para que P\u00e1ez pudiera tomar la alternativa, el toricantano se situ\u00f3 delante de la cara de un animal sin apenas recorrido y que llev\u00f3 siempre la cara muy alta. De forma incomprensible son\u00f3 el pasodoble a cargo de la banda de Miraflores y Gibraljaire entre algunas protestas del respetable, ya que no era faena para m\u00fasica. Tras probarlo por ambos pitones y percatarse de que en ese pozo no hab\u00eda agua, el diestro se fue a por la espada. Dej\u00f3 dos pinchazos antes de una estocada baja. <\/p>\n<p class=\"v-p\"> La de M\u00e1laga fue la primera corrida de toros de Pepe Moral tras su triunfo en la pasada Feria de Abril de Sevilla ante las reses de Miura. Un festejo que signific\u00f3 un punto de inflexi\u00f3n en la carrera del diestro sevillano, que en los \u00faltimos a\u00f1os ha pasado por momentos complicados en el plano personal y profesional. En esta nueva etapa que est\u00e1 viviendo el torero de Los Palacios se le nota de nuevo ilusionado y comprometido con el toreo. <\/p>\n<p class=\"v-p\">Y lo demostr\u00f3 en su primero, el toro de su debut en La Malagueta, y\u00e9ndose a portagayola para recibir con una larga cambiada a &#8216;Chileno&#8217;, a la que siguieron unas estimables ver\u00f3nicas. Ya en esos primeros compases el &#8216;murteira&#8217; mostr\u00f3 que era un manso de solemnidad: sal\u00eda huido, fue remiso a ir al caballo y no tuvo acometividad en banderillas. Pese a esas malas condiciones que hac\u00edan albergar pocas esperanzas, Moral brind\u00f3 al p\u00fablico una faena iniciada con mandones doblones por bajo para sacar al toro al tercio, donde logr\u00f3 muletazos con la diestra de mando y firmeza; con la izquierda y dado que el animal no repet\u00eda, los naturales tambi\u00e9n fueron de uno en uno ya que no era posible la ligaz\u00f3n. Mat\u00f3 de una estocada trasera de efecto r\u00e1pido.<\/p>\n<p><img decoding=\"async\" loading=\"lazy\" src=\"https:\/\/www.europesays.com\/es\/wp-content\/uploads\/2025\/08\/pablo-U37530731464CyJ-748x524@Diario Sur.jpg\" class=\"v-a-img\" width=\"748\" height=\"524\" alt=\"Derechazo de P\u00e1ez al toro de su alternativa.\" data-voc-vtm-id=\"in-text-traffic\"\/><\/p>\n<p>Derechazo de P\u00e1ez al toro de su alternativa.<\/p>\n<p>pacurr\u00f3n<\/p>\n<p><img loading=\"lazy\" decoding=\"async\" src=\"https:\/\/www.europesays.com\/es\/wp-content\/uploads\/2025\/08\/pablo-U37530731464CyJ-748x524@Diario Sur.jpg\" class=\"v-mdl__img-z\" width=\"748\" height=\"524\" alt=\"\"\/><\/p>\n<p class=\"v-p\">De nuevo se fue a la puerta de chiqueros a recibir al quinto, que sali\u00f3 andando y tuvo que aguantar con valor hasta que se arranc\u00f3 para darle una larga cambiada. Por chicuelinas al paso lo llev\u00f3 al caballo. Brind\u00f3 al empresario Jos\u00e9 Mar\u00eda Garz\u00f3n \u2013que le puso en los carteles\u2013 una faena iniciada de rodillas con pases por alto. Nada bueno ofreci\u00f3 &#8216;Bienhechor&#8217; en unas embestidas donde calamocheaba y ante las que Pepe Moral respondi\u00f3 con firmeza para sacarle algunos buenos muletazos. En uno de los pases lo desarm\u00f3 y lo pis\u00f3. Dej\u00f3 cinco pinchazos antes de una estocada casi entera. <\/p>\n<p class=\"v-p\">Tambi\u00e9n se present\u00f3 como matador de toros en M\u00e1laga Jos\u00e9 Fernando Molina. A su primero, el m\u00e1s manejable del encierro, lo recibi\u00f3 con una larga cambiada y estimables ver\u00f3nicas. Inici\u00f3 la faena de rodillas con pases por alto y un pase cambiado por la espalda rematadas con una trincherilla, ya de pie, con sabor. Las tandas, fundamentadas en la mano derecha, se sucedieron ligadas pero sin ajuste y termin\u00f3 en los terrenos de cercan\u00edas. Mat\u00f3 de estocada. Aunque el p\u00fablico pidi\u00f3 las dos orejas estuvo acertado el palco en conceder s\u00f3lo una. Dio una injustificable segunda vuelta al ruedo.<\/p>\n<p><img decoding=\"async\" loading=\"lazy\" src=\"https:\/\/www.europesays.com\/es\/wp-content\/uploads\/2025\/08\/ceremonia-U42623624742WnB-748x524@Diario Sur.jpg\" class=\"v-a-img\" width=\"748\" height=\"524\" alt=\"Ceremonia de alternativa.\" data-voc-vtm-id=\"in-text-traffic\"\/><\/p>\n<p>Ceremonia de alternativa.<\/p>\n<p>pacurr\u00f3n<\/p>\n<p><img loading=\"lazy\" decoding=\"async\" src=\"https:\/\/www.europesays.com\/es\/wp-content\/uploads\/2025\/08\/ceremonia-U42623624742WnB-748x524@Diario Sur.jpg\" class=\"v-mdl__img-z\" width=\"748\" height=\"524\" alt=\"\"\/><\/p>\n<p class=\"v-p\">Otra cort\u00f3 en el quinto, donde no hubo lucimiento con el capote y brind\u00f3 al p\u00fablico una faena donde estuvo afanoso ante un toro incierto. Mat\u00f3 de estocada trasera.<\/p>\n<p class=\"v-p\"><strong>FICHA DEL FESTEJO <\/strong><\/p>\n<p class=\"v-p\"><strong>Lugar:<\/strong> Plaza de toros de M\u00e1laga. <\/p>\n<p class=\"v-p\"><strong>Ganader\u00eda:<\/strong> Se lidiaron seis toros de Murteira Grave, de correcta presentaci\u00f3n y descastados, el m\u00e1s manejable fue el noble tercero.<\/p>\n<p class=\"v-p\"><strong>Toreros:<\/strong> Pepe Moral (ca\u00f1a y oro): oreja y silencio tras aviso; Molina (verde esperanza y oro): oreja y petici\u00f3n de la segunda y dos vueltas al ruedo y oreja; Pablo P\u00e1ez (blanco y oro, de estreno): ovaci\u00f3n tras aviso y silencio. <\/p>\n<p class=\"v-p\"><strong>Incidencias:<\/strong> S\u00e1bado 16 de agosto. Tercera de abono. Algo menos de media entrada en tarde calurosa. Presidi\u00f3 Antonio Roche, que fue pitado por no conceder, con buen criterio, la segunda oreja pedida por el p\u00fablico para Molina en el segundo de la tarde. Se desmonter\u00f3 V\u00edctor del Pozo tras banderillear al \u00faltimo del festejo. Pepe Moral fue atendido en la enfermer\u00eda de \u00abun hematoma dorsolateral en el pie izquierdo, un dolor moderado a palpaci\u00f3n sobre tercer y cuarto metatarsianos y una erosi\u00f3n local. Pron\u00f3stico leve\u00bb, seg\u00fan el parte m\u00e9dico.<\/p>\n","protected":false},"excerpt":{"rendered":"El reloj de la plaza marcaba las 19.17 horas cuando M\u00e1laga sum\u00f3 un nuevo matador de toros a&hellip;\n","protected":false},"author":2,"featured_media":52394,"comment_status":"","ping_status":"","sticky":false,"template":"","format":"standard","meta":{"footnotes":""},"categories":[277],"tags":[14388,373,5437,168,25,24,23101,3855,5809,16463,618,22792,23,167,374,11159],"class_list":{"0":"post-52393","1":"post","2":"type-post","3":"status-publish","4":"format-standard","5":"has-post-thumbnail","7":"category-toreo","8":"tag-alternativa","9":"tag-bullfighting","10":"tag-debut","11":"tag-deportes","12":"tag-es","13":"tag-espana","14":"tag-gris","15":"tag-malaga","16":"tag-molina","17":"tag-moral","18":"tag-pablo","19":"tag-paez","20":"tag-spain","21":"tag-sports","22":"tag-toreo","23":"tag-triunfal"},"share_on_mastodon":{"url":"","error":""},"_links":{"self":[{"href":"https:\/\/www.europesays.com\/es\/wp-json\/wp\/v2\/posts\/52393","targetHints":{"allow":["GET"]}}],"collection":[{"href":"https:\/\/www.europesays.com\/es\/wp-json\/wp\/v2\/posts"}],"about":[{"href":"https:\/\/www.europesays.com\/es\/wp-json\/wp\/v2\/types\/post"}],"author":[{"embeddable":true,"href":"https:\/\/www.europesays.com\/es\/wp-json\/wp\/v2\/users\/2"}],"replies":[{"embeddable":true,"href":"https:\/\/www.europesays.com\/es\/wp-json\/wp\/v2\/comments?post=52393"}],"version-history":[{"count":0,"href":"https:\/\/www.europesays.com\/es\/wp-json\/wp\/v2\/posts\/52393\/revisions"}],"wp:featuredmedia":[{"embeddable":true,"href":"https:\/\/www.europesays.com\/es\/wp-json\/wp\/v2\/media\/52394"}],"wp:attachment":[{"href":"https:\/\/www.europesays.com\/es\/wp-json\/wp\/v2\/media?parent=52393"}],"wp:term":[{"taxonomy":"category","embeddable":true,"href":"https:\/\/www.europesays.com\/es\/wp-json\/wp\/v2\/categories?post=52393"},{"taxonomy":"post_tag","embeddable":true,"href":"https:\/\/www.europesays.com\/es\/wp-json\/wp\/v2\/tags?post=52393"}],"curies":[{"name":"wp","href":"https:\/\/api.w.org\/{rel}","templated":true}]}}