{"id":523989,"date":"2026-04-29T15:41:13","date_gmt":"2026-04-29T15:41:13","guid":{"rendered":"https:\/\/www.europesays.com\/es\/523989\/"},"modified":"2026-04-29T15:41:13","modified_gmt":"2026-04-29T15:41:13","slug":"alfonso-albacete-o-el-espacio-de-la-pintura","status":"publish","type":"post","link":"https:\/\/www.europesays.com\/es\/523989\/","title":{"rendered":"Alfonso Albacete o el espacio de la pintura"},"content":{"rendered":"<p style=\"\">Se tiende hoy a establecer una cierta equiparaci\u00f3n entre las im\u00e1genes art\u00edsticas despreciando su naturaleza material, la especificidad y condiciones de su factura (aspectos que suelen encartarse en el cap\u00edtulo de la artesan\u00eda: un exceso propio de iconograf\u00edas &#8216;de secano&#8217;). <\/p>\n<p style=\"\">Al contemplar las pinturas de &#8230; <a href=\"https:\/\/www.abc.es\/cultura\/cultural\/alfonso-albacete-busco-plasme-cuadro-procesos-elaboracion-20240404135031-nt.html\" target=\"_self\" data-voc-vtm-id=\"in-text-traffic\" title=\" Alfonso Albacete\" data-mrf-link=\"www.abc.es\" rel=\"nofollow noopener\"> Alfonso Albacete<\/a> (1950) nos preguntamos d\u00f3nde nos llevar\u00edan \u2013o m\u00e1s bien, a d\u00f3nde no\u2013 ese tipo de consideraciones que se limitan a la aplicaci\u00f3n de una tabla hermen\u00e9utica fr\u00edamente urdida entre teor\u00edas &#8216;multidisciplinares&#8217;. <\/p>\n<p class=\"v-d-p\" style=\"\">Y lo digo no solo por la ausencia de sensibilidad de esta clase de lecturas hacia lo inalienablemente pict\u00f3rico (es imposible aproximarse a Albacete desatendiendo la rica materialidad de su discurso), sino tambi\u00e9n porque, en su caso, se da la paradoja de que sus cuadros est\u00e1n plagados de referencias a la Historia del Arte y, muy particularmente, a la de la pintura. <\/p>\n<ul class=\"v-cmp-flg__u\">\n<li class=\"v-cmp-flg__l\">\n<p>Alfonso Albacete<\/p>\n<p><img decoding=\"async\" loading=\"lazy\" src=\"https:\/\/www.europesays.com\/es\/wp-content\/uploads\/2026\/04\/2_DSC9288-U61880656582UHO-183x183@diario_abc.jpg\" class=\"v-a-img\" alt=\"\" width=\"183\" height=\"183\"\/><\/p>\n<p class=\"v-a-p\">\n&#8216;Pintura de Campo&#8217;\n<\/p>\n<ul class=\"v-u\">\n<li class=\"v-u__l\">\n<p class=\"v-u__p\">\nLugar:<br \/>\nGaler\u00eda Fern\u00e1ndez-Braso (Madrid)\n<\/p>\n<\/li>\n<li class=\"v-u__l\">\n<p class=\"v-u__p\">\nDirecci\u00f3n:<br \/>\nC\/ Villanueva, 30\n<\/p>\n<\/li>\n<li class=\"v-u__l\">\n<p class=\"v-u__p\">\nClausura:<br \/>\nHasta el 30 de junio\n<\/p>\n<\/li>\n<li class=\"v-u__l\">\n<p class=\"v-u__p\">\nValoraci\u00f3n:<br \/>\n****\n<\/p>\n<\/li>\n<\/ul>\n<\/li>\n<\/ul>\n<p class=\"v-d-p\" style=\"\">Cosa que nada tiene que ver con ese apropiacionismo que es pura sujeci\u00f3n cosm\u00e9tica; en la obra de Albacete, la que ahora vemos en <a href=\"https:\/\/galeriafernandez-braso.com\/\" target=\"_self\" data-voc-vtm-id=\"in-text-traffic\" title=\"la galer\u00eda Fern\u00e1ndez-Braso,\" data-mrf-link=\"galeriafernandez-braso.com\" rel=\"nofollow noopener\">la galer\u00eda Fern\u00e1ndez-Braso,<\/a> dichos referentes germinan en clave dial\u00e9ctica, otorg\u00e1ndole otra profundidad que ya no es fruto de esa perspectiva que tan diestramente maneja, sino que es de \u00edndole cultural.<\/p>\n","protected":false},"excerpt":{"rendered":"Se tiende hoy a establecer una cierta equiparaci\u00f3n entre las im\u00e1genes art\u00edsticas despreciando su naturaleza material, la especificidad&hellip;\n","protected":false},"author":2,"featured_media":523990,"comment_status":"","ping_status":"","sticky":false,"template":"","format":"standard","meta":{"footnotes":""},"categories":[173],"tags":[2545,18583,229,233,231,230,232,234,146,147,25,10558,24,503,23],"class_list":["post-523989","post","type-post","status-publish","format-standard","has-post-thumbnail","category-arte-y-diseno","tag-albacete","tag-alfonso","tag-arte","tag-arte-y-diseno","tag-arts","tag-arts-and-design","tag-design","tag-diseno","tag-entertainment","tag-entretenimiento","tag-es","tag-espacio","tag-espana","tag-pintura","tag-spain"],"share_on_mastodon":{"url":"https:\/\/pubeurope.com\/@es\/116488758434561120","error":""},"_links":{"self":[{"href":"https:\/\/www.europesays.com\/es\/wp-json\/wp\/v2\/posts\/523989","targetHints":{"allow":["GET"]}}],"collection":[{"href":"https:\/\/www.europesays.com\/es\/wp-json\/wp\/v2\/posts"}],"about":[{"href":"https:\/\/www.europesays.com\/es\/wp-json\/wp\/v2\/types\/post"}],"author":[{"embeddable":true,"href":"https:\/\/www.europesays.com\/es\/wp-json\/wp\/v2\/users\/2"}],"replies":[{"embeddable":true,"href":"https:\/\/www.europesays.com\/es\/wp-json\/wp\/v2\/comments?post=523989"}],"version-history":[{"count":0,"href":"https:\/\/www.europesays.com\/es\/wp-json\/wp\/v2\/posts\/523989\/revisions"}],"wp:featuredmedia":[{"embeddable":true,"href":"https:\/\/www.europesays.com\/es\/wp-json\/wp\/v2\/media\/523990"}],"wp:attachment":[{"href":"https:\/\/www.europesays.com\/es\/wp-json\/wp\/v2\/media?parent=523989"}],"wp:term":[{"taxonomy":"category","embeddable":true,"href":"https:\/\/www.europesays.com\/es\/wp-json\/wp\/v2\/categories?post=523989"},{"taxonomy":"post_tag","embeddable":true,"href":"https:\/\/www.europesays.com\/es\/wp-json\/wp\/v2\/tags?post=523989"}],"curies":[{"name":"wp","href":"https:\/\/api.w.org\/{rel}","templated":true}]}}