{"id":524066,"date":"2026-04-29T16:34:11","date_gmt":"2026-04-29T16:34:11","guid":{"rendered":"https:\/\/www.europesays.com\/es\/524066\/"},"modified":"2026-04-29T16:34:11","modified_gmt":"2026-04-29T16:34:11","slug":"patti-smith-premio-princesa-de-asturias-de-las-artes-2026-3","status":"publish","type":"post","link":"https:\/\/www.europesays.com\/es\/524066\/","title":{"rendered":"Patti Smith, Premio Princesa de Asturias de las Artes 2026"},"content":{"rendered":"<p>La artista estadounidense <strong>Patti Smith (Illinois, 1946)<\/strong> ha sido reconocida con el <strong>Premio Princesa de Asturias de las Artes 2026<\/strong>, seg\u00fan ha anunciado el jurado. La decisi\u00f3n reconoce una trayectoria marcada por la fusi\u00f3n entre<strong> m\u00fasica, literatura y compromiso social<\/strong>, as\u00ed como su influencia en la cultura contempor\u00e1nea.<\/p>\n<p>Smith desarroll\u00f3 desde muy joven una <strong>sensibilidad art\u00edstica <\/strong>ligada a la observaci\u00f3n y la curiosidad por el mundo que la rodeaba. Su infancia estuvo marcada por constantes cambios de residencia en ciudades como Chicago, Filadelfia y Nueva Jersey, experiencias que contribuyeron a desarrollar una mirada personal que m\u00e1s tarde trasladar\u00eda a su obra.<\/p>\n<p>Tras abandonar sus estudios universitarios, se mud\u00f3 a <strong>Nueva York <\/strong>a finales de los a\u00f1os sesenta, donde comenz\u00f3 a desarrollar su carrera art\u00edstica en un entorno vinculado a la <strong>bohemia cultural<\/strong>. En ese momento empez\u00f3 a tener una relaci\u00f3n con el fot\u00f3grafo <strong>Robert Mapplethorpe<\/strong>, figura clave tanto en su vida personal como en sus inicios creativos. Durante esos a\u00f1os, Smith se introdujo en <strong>la poes\u00eda, la pintura y la m\u00fasica,<\/strong> rode\u00e1ndose de otros referentes de la escena cultural.<\/p>\n<p>Su primer \u00e1lbum, <strong>Horses<\/strong>, publicado en la d\u00e9cada de los setenta, supuso un punto de inflexi\u00f3n en el desarrollo del <strong>punk rock.<\/strong> La obra combinaba la fuerza del rock con una marcada influencia po\u00e9tica, abriendo nuevas v\u00edas expresivas dentro del g\u00e9nero. A lo largo de esa etapa altern\u00f3 la producci\u00f3n musical con la publicaci\u00f3n de poemarios, consolidando una carrera dual entre ambas disciplinas.<\/p>\n<p>Entre sus composiciones m\u00e1s conocidas se encuentran temas como <strong>Because the Night o People Have The Power,<\/strong> este \u00faltimo convertido en un s\u00edmbolo en movilizaciones sociales vinculadas a la <strong>defensa de los derechos civiles y la paz. <\/strong>Su implicaci\u00f3n en distintos movimientos, desde las protestas contra la guerra de Vietnam hasta manifestaciones m\u00e1s recientes contra la desigualdad o determinadas pol\u00edticas migratorias, ha sido una constante en su trayectoria.<\/p>\n<p>Tras un periodo de retirada que coincidi\u00f3 con su matrimonio con <strong>Fred Sonic Smith,<\/strong> la artista retom\u00f3 su actividad en<strong> los a\u00f1os noventa, regresando a los escenarios y a la grabaci\u00f3n de nuevos trabajos<\/strong>. Desde entonces, ha mantenido una presencia continuada en la m\u00fasica y la literatura, adem\u00e1s de realizar actuaciones internacionales.<\/p>\n<p>El jurado ha destacado su capacidad de trasladar una visi\u00f3n po\u00e9tica comprometida con la realidad social, as\u00ed como su papel como <strong>referente cultural<\/strong>. En su fallo, subraya que su obra ha sabido expresar la individualidad y la resistencia frente a las injusticias, convirtiendo algunas de sus canciones en <strong>referentes de la m\u00fasica popular contempor\u00e1nea.<\/strong><\/p>\n","protected":false},"excerpt":{"rendered":"La artista estadounidense Patti Smith (Illinois, 1946) ha sido reconocida con el Premio Princesa de Asturias de las&hellip;\n","protected":false},"author":2,"featured_media":524067,"comment_status":"","ping_status":"","sticky":false,"template":"","format":"standard","meta":{"footnotes":""},"categories":[91],"tags":[4328,146,147,25,24,15528,83141,103335,23],"class_list":["post-524066","post","type-post","status-publish","format-standard","has-post-thumbnail","category-entretenimiento","tag-cantante","tag-entertainment","tag-entretenimiento","tag-es","tag-espana","tag-patti-smith","tag-premio-princesa-de-asturias","tag-princesa-de-asturias-de-las-artes-2026","tag-spain"],"share_on_mastodon":{"url":"https:\/\/pubeurope.com\/@es\/116488966649849383","error":""},"_links":{"self":[{"href":"https:\/\/www.europesays.com\/es\/wp-json\/wp\/v2\/posts\/524066","targetHints":{"allow":["GET"]}}],"collection":[{"href":"https:\/\/www.europesays.com\/es\/wp-json\/wp\/v2\/posts"}],"about":[{"href":"https:\/\/www.europesays.com\/es\/wp-json\/wp\/v2\/types\/post"}],"author":[{"embeddable":true,"href":"https:\/\/www.europesays.com\/es\/wp-json\/wp\/v2\/users\/2"}],"replies":[{"embeddable":true,"href":"https:\/\/www.europesays.com\/es\/wp-json\/wp\/v2\/comments?post=524066"}],"version-history":[{"count":0,"href":"https:\/\/www.europesays.com\/es\/wp-json\/wp\/v2\/posts\/524066\/revisions"}],"wp:featuredmedia":[{"embeddable":true,"href":"https:\/\/www.europesays.com\/es\/wp-json\/wp\/v2\/media\/524067"}],"wp:attachment":[{"href":"https:\/\/www.europesays.com\/es\/wp-json\/wp\/v2\/media?parent=524066"}],"wp:term":[{"taxonomy":"category","embeddable":true,"href":"https:\/\/www.europesays.com\/es\/wp-json\/wp\/v2\/categories?post=524066"},{"taxonomy":"post_tag","embeddable":true,"href":"https:\/\/www.europesays.com\/es\/wp-json\/wp\/v2\/tags?post=524066"}],"curies":[{"name":"wp","href":"https:\/\/api.w.org\/{rel}","templated":true}]}}