{"id":52461,"date":"2025-08-17T00:01:11","date_gmt":"2025-08-17T00:01:11","guid":{"rendered":"https:\/\/www.europesays.com\/es\/52461\/"},"modified":"2025-08-17T00:01:11","modified_gmt":"2025-08-17T00:01:11","slug":"un-bravo-cigarro-y-mucho-mas","status":"publish","type":"post","link":"https:\/\/www.europesays.com\/es\/52461\/","title":{"rendered":"Un bravo Cigarro&#8230; y mucho m\u00e1s"},"content":{"rendered":"<p><a class=\"v-mdl-ath__fig-a\" href=\"https:\/\/www.lagacetadesalamanca.es\/autor\/javier-lorenzo-5975.html\" title=\"Javier Lorenzo\" rel=\"nofollow noopener\" target=\"_blank\"><br \/>\n<img decoding=\"async\" class=\"v-mdl-ath__img\" src=\"https:\/\/www.europesays.com\/es\/wp-content\/uploads\/2025\/08\/autor-5975-foto-1.png\" alt=\"Javier Lorenzo\"\/><br \/>\n<\/a><\/p>\n<p class=\"v-mdl-ath__p v-mdl-ath__p--6\">\nS\u00e1bado, 16 de agosto 2025, 23:13<\/p>\n<ul class=\"v-u\">\n<li class=\"v-u__l\">\n<p class=\"v-p\">\nGuijuelo. S\u00e1bado, 16 de agosto.<br \/>\nTres cuartos de entrada en tarde entoldada de bochornoso calor (38\u00ba).\n<\/p>\n<\/li>\n<li class=\"v-u__l\">\n<p class=\"v-p\">\nGANADER\u00cdA<strong\/><strong\/><br \/>\n<strong>6 toros de Jos\u00e9 Enrique Fraile de Valdefresno<\/strong>, de imponente y seria presencia, variada de pelajes. Noble el boyanc\u00f3n 1\u00ba que se raj\u00f3 pronto; bravo y encastado el excelente 2\u00ba; noble, emotivo y exigente el 3\u00ba; noble el 4\u00ba; poderoso el 5\u00ba; lastimado el 6\u00ba.\n<\/p>\n<\/li>\n<li class=\"v-u__l\">\n<p class=\"v-p\">\nDIESTROS\n<\/p>\n<\/li>\n<li class=\"v-u__l\">\n<p class=\"v-p\">\n<strong>JAVIER CASTA\u00d1O<\/strong> Caldero y oro<br \/>\nPinchazo, estocada casi entera y descabello (silencio); y estocada contraria, siete descabellos, pinchazo y estocada corta y dos descabellos (saludos tras aviso).\n<\/p>\n<\/li>\n<li class=\"v-u__l\">\n<p class=\"v-p\">\n<strong>DAMI\u00c1N CASTA\u00d1O<\/strong> Pizarra y playa<br \/>\nEstocada ca\u00edda casi entera (dos orejas); y media estocada arriba y delantera, con cuatro descabellos (silencio).\n<\/p>\n<\/li>\n<li class=\"v-u__l\">\n<p class=\"v-p\">\n<strong>ISMAEL MART\u00cdN<\/strong> Verde hoja y oro<br \/>\nTres pinchazos y estocada baja (ovaci\u00f3n con saludos); y pinchazo y estocada (dos orejas).\n<\/p>\n<\/li>\n<\/ul>\n<p class=\"v-p\"><strong>Una imponente corrida de toros<\/strong>. Aderezada adem\u00e1s por las teclas que infiere en encaste Lisardo Atanasio que sacan de la monoton\u00eda del encaste Domecq que impera hicieron tener a todos en alerta y al aficionado tremendamente entretenido en los seis cap\u00edtulos de la funci\u00f3n. Adem\u00e1s de la variedad, tuvo inter\u00e9s el conjunto todo. <strong>Trajo comportamientos distintos, botones diferentes que tocar, puntos variados que descifrar para encontrar el triunfo<\/strong>. El escaparate en s\u00ed fue un bello espect\u00e1culo. Por una fachada despampanante, por una seriedad supina, por una destacada arboladura y, adem\u00e1s, por un comportamiento singular. Por todo lo primero, los toros de Jos\u00e9 Enrique Fraile de Valdefresno bien se hubieran podido lidiar en la Feria de Salamanca. Saldr\u00e1n en La Glorieta toros m\u00e1s terciados en apenas un mes. El reducido ruedo chacinero hizo crecer a\u00fan m\u00e1s la corrida. <strong>Los seis toros provocaron una expresi\u00f3n de admiraci\u00f3n entre los aficionados nada m\u00e1s aparecer por la puerta de chiqueros y pisar el ruedo<\/strong>. No se esperaban tanto aparato ni tanta fachada. Ah\u00ed estuvo el primer triunfo ganadero, que no ser\u00eda el \u00fanico de ah\u00ed en adelante.<\/p>\n<p class=\"v-p\">No fue una corrida f\u00e1cil de gobernar. Y s\u00ed lo fue por su destacado, varido y sin par comportamiento. El encierro tuvo una cima que se llam\u00f3 Cigarro y apareci\u00f3 en escena en segundo lugar. Un toro bajo de hechuras, de cortas manos, de amplio frontal, de cuerna amplia y veleta, que sac\u00f3 dinamita, pero para entregarse con verdad y entrega. Un toro bravo, en el m\u00e1s amplio sentido de la palabra. No sencillo, pero s\u00ed agradecido al esfuerzo y tambi\u00e9n a la exigencia. En cuanto m\u00e1s se le pidi\u00f3 m\u00e1s se entreg\u00f3 y m\u00e1s hizo aflorar las virtudes. Cumpli\u00f3 el astado en el encuentro con el caballo que montaba Javier Mart\u00edn y, a partir de ah\u00ed, se vino arriba con autoridad. Le gan\u00f3 pasos Dami\u00e1n Casta\u00f1o en el pr\u00f3logo de la faena y ya en los medios el toro mostr\u00f3 r\u00e1pido sus virtudes. No solo las ense\u00f1\u00f3 si no que las fue mulplicando en cada envite. <strong>Gan\u00f3 en prontitud, se arranc\u00f3 en la media distancia con prestancia a la sincera muleta que le mostr\u00f3 Dami\u00e1n Casta\u00f1o y, en el viaje a por ella, se entreg\u00f3 con frenes\u00ed, busc\u00f3 los vuelos por abajo y se desplaz\u00f3 de tr\u00e1s de ella con intensidad<\/strong>. Bravo, codicioso y entregado siempre, transmit\u00eda seriedad en cada acometida y poco a poco fue ganando autoridad en su conjunto. Excelente el toro, Dami\u00e1n Casta\u00f1o le plant\u00f3 cara con verdad, sinceridad y una gran entrega en su firme y generosa muleta. En la cuarta tanda se ech\u00f3 el enga\u00f1o a la mano izquierda: por ah\u00ed el toro no admiti\u00f3 ninguna duda ni tampoco el relajo del torero, que sufri\u00f3 un momento de apuro al llevar menos metido y tapado al toro que sac\u00f3 su car\u00e1cter. Volvi\u00f3 a la diestra y le endilg\u00f3 una serie m\u00e1s mirando al tendido que calent\u00f3 los tendidos.<\/p>\n<p>Los naturales de Javier Casta\u00f1o<\/p>\n<p class=\"v-p\">Ese fue el punto \u00e1lgido del env\u00edo de <strong>Jos\u00e9 Enrique Fraile de Valdefresno. <\/strong>Los mejores pasajes de los hombres de luces los firm\u00f3 Javier Casta\u00f1o ante el ensabanado carbonero que hizo cuarto. No hab\u00eda invitado a grandes alegr\u00edas en los primeros tercios el toro de procedencia Atanasio, que fue el m\u00e1s vareado del cuajado encierro. Sin embargo, le abri\u00f3 los caminos Javier Casta\u00f1o en el inicio de faena con una banderas por alto en las que le fue ganando pasos con una enorme torer\u00eda hasta llegar a la boca de riego. All\u00ed de repente el toro rompi\u00f3 a embestir y, aunque no dur\u00f3 mucho, cuando se quiso dar cuenta ya le hab\u00eda sacado Javier una portentosa tanda al natural, por el asiento, por el trazo, por la longitud y por la suavidad con la que acarici\u00f3 aquellas embestidas. <strong>Como baj\u00f3 en la siguiente, le cambi\u00f3 el pit\u00f3n Casta\u00f1o para torear por la derecha y volver a gozar de nuevo otra tanda soberbia.<\/strong> Hab\u00edan sido poco m\u00e1s de cuatro tandas y el toro no hab\u00eda plantado renuncio pero s\u00ed hab\u00eda reducido su recorrido. Javier se fue a por la espada y se cuadr\u00f3 con el toro en los mismos medios. Y all\u00ed enterr\u00f3 la espada hasta los gavilanes, de tanto atracarse qued\u00f3 un punto contraria. Y sin muerte. Tanto que el toro se hizo fuerte. Se trag\u00f3 la sangre y se aferr\u00f3 a la vida. La defendi\u00f3 levantando la gaita e impidiendo que su matador descabellara. Y ah\u00ed se demor\u00f3 todo. Perdi\u00f3 el triunfo pero no se esfumaron las buenas sensaciones. <strong>Eso s\u00ed, el toro pareci\u00f3 tener siete vidas<\/strong>.<\/p>\n<p class=\"v-p\">No fue sencillo de dominar el boyanc\u00f3n primero que rompi\u00f3 la tarde, con el que solo se entendi\u00f3 Javier en el templado inicio de faena. Tanto y tan pronto atac\u00f3 Ismael Mart\u00edn al buen tercero que m\u00e1s que afligirse se agarr\u00f3 al piso y le cost\u00f3 un mundo desarrollar la buena condici\u00f3 que apunt\u00f3 en los inicios. <strong>A Dami\u00e1n Casta\u00f1o le cost\u00f3 acomodarse con el noble y poderoso quinto<\/strong>, que tuvo unas densas embestidas que no fueron f\u00e1ciles de dominar pero que ped\u00edan una mayor suavidad y exigencia al mismo tiempo para poder, amoldar y dominar unos viajes que desprendieron buen son. Al apagado sexto no le sent\u00f3 bien el cambiado por la espada en los mismos medios que le dio Ismael Mart\u00edn. <strong>Y, a partir de ah\u00ed, la tarea fue tratar de mantenerlo en pie, porque pareci\u00f3 salir lastimado de aquel envite<\/strong>. No se aburri\u00f3 el torero de Cantalpino, que acort\u00f3 distancias al final de una faena larga y encontr\u00f3 el generoso premio de las dos orejas. Estuvo fall\u00f3n con la espada, en este y en el anterior. Y en los dos form\u00f3 un verdadero albororto con las banderillas. Sin ser tampoco su mejor tarde.Eso si, los terceros pares de cada uno de los tercios fueron portentosos. <strong>El del sexto en la suerte de la moviola, en el otro de poder a poder<\/strong>. Ah\u00ed cay\u00f3 de pie.<\/p>\n<p>Comenta<\/p>\n<p>Reporta un error<\/p>\n","protected":false},"excerpt":{"rendered":"S\u00e1bado, 16 de agosto 2025, 23:13 Guijuelo. S\u00e1bado, 16 de agosto. Tres cuartos de entrada en tarde entoldada&hellip;\n","protected":false},"author":2,"featured_media":52462,"comment_status":"","ping_status":"","sticky":false,"template":"","format":"standard","meta":{"footnotes":""},"categories":[277],"tags":[4471,373,23119,168,25,24,23,167,374],"class_list":{"0":"post-52461","1":"post","2":"type-post","3":"status-publish","4":"format-standard","5":"has-post-thumbnail","7":"category-toreo","8":"tag-bravo","9":"tag-bullfighting","10":"tag-cigarro","11":"tag-deportes","12":"tag-es","13":"tag-espana","14":"tag-spain","15":"tag-sports","16":"tag-toreo"},"share_on_mastodon":{"url":"","error":""},"_links":{"self":[{"href":"https:\/\/www.europesays.com\/es\/wp-json\/wp\/v2\/posts\/52461","targetHints":{"allow":["GET"]}}],"collection":[{"href":"https:\/\/www.europesays.com\/es\/wp-json\/wp\/v2\/posts"}],"about":[{"href":"https:\/\/www.europesays.com\/es\/wp-json\/wp\/v2\/types\/post"}],"author":[{"embeddable":true,"href":"https:\/\/www.europesays.com\/es\/wp-json\/wp\/v2\/users\/2"}],"replies":[{"embeddable":true,"href":"https:\/\/www.europesays.com\/es\/wp-json\/wp\/v2\/comments?post=52461"}],"version-history":[{"count":0,"href":"https:\/\/www.europesays.com\/es\/wp-json\/wp\/v2\/posts\/52461\/revisions"}],"wp:featuredmedia":[{"embeddable":true,"href":"https:\/\/www.europesays.com\/es\/wp-json\/wp\/v2\/media\/52462"}],"wp:attachment":[{"href":"https:\/\/www.europesays.com\/es\/wp-json\/wp\/v2\/media?parent=52461"}],"wp:term":[{"taxonomy":"category","embeddable":true,"href":"https:\/\/www.europesays.com\/es\/wp-json\/wp\/v2\/categories?post=52461"},{"taxonomy":"post_tag","embeddable":true,"href":"https:\/\/www.europesays.com\/es\/wp-json\/wp\/v2\/tags?post=52461"}],"curies":[{"name":"wp","href":"https:\/\/api.w.org\/{rel}","templated":true}]}}