{"id":52470,"date":"2025-08-17T00:08:08","date_gmt":"2025-08-17T00:08:08","guid":{"rendered":"https:\/\/www.europesays.com\/es\/52470\/"},"modified":"2025-08-17T00:08:08","modified_gmt":"2025-08-17T00:08:08","slug":"la-portada-de-estadio-deportivo-del-domingo-17-de-agosto-de-2025","status":"publish","type":"post","link":"https:\/\/www.europesays.com\/es\/52470\/","title":{"rendered":"La portada de ESTADIO Deportivo del domingo 17 de agosto de 2025"},"content":{"rendered":"<p class=\"parrafo\">La portada de <strong>ESTADIO Deportivo<\/strong> para el domingo 17 de agosto de 2025.<\/p>\n<p>Athletic &#8211; Sevilla: <a href=\"https:\/\/www.estadiodeportivo.com\/futbol\/sevilla-fc\/convocatoria-del-sevilla-contra-athletic-sin-fichajes-con-justo-alguna-nota-positiva-20250816-508091.html\" target=\"_blank\" class=\"intext-link\" rel=\"nofollow noopener\">Debut sin fichajes<\/a><\/p>\n<p class=\"parrafo\">El Sevilla se enfrenta al Athletic en la primera jornada de LaLiga 2025\/2026 en un partido al que llega muy condicionado por las bajas. El club de Nervi\u00f3n no puede contar con sus tres fichajes (Vlachodimos, Suazo y Alfon) por no poder inscribirlos por los problemas que tiene con el l\u00edmite salarial. S\u00ed pueden jugar Akor Adams y Januzaj, registrados a \u00faltima hora.<\/p>\n<p>Betis: <a href=\"https:\/\/www.estadiodeportivo.com\/futbol\/betis\/ofensiva-del-betis-por-lateral-izquierdo-javi-lopez-20250816-508034.html\" target=\"_blank\" class=\"intext-link\" rel=\"nofollow noopener\">Mucha ambici\u00f3n; quiere fichar a Javi L\u00f3pez<\/a><\/p>\n<p class=\"parrafo\">El Betis desea mejorar m\u00e1s su equipo y negocia con la Real Sociedad por Javi L\u00f3pez quien no entra en los planes del nuevo entrenador txuri-urdin, Sergio Francisco. La direcci\u00f3n deportiva verdiblanca busca la salida de Ricardo Rodr\u00edguez.<\/p>\n<p><a href=\"https:\/\/www.estadiodeportivo.com\/futbol\/primera-division\/mallorca-barcelona-raphinha-ferran-sentencian-mallorca-20250816-508106.html\" target=\"_blank\" class=\"intext-link\" rel=\"nofollow noopener\">Mallorca 0-3 Barcelona: Comienza fuerte<\/a><\/p>\n<p class=\"parrafo\">El Barcelona supera con claridad al Mallorca tras vencerle por 0-3 gracias a los goles de Raphinha, Ferran Torres y Lamine Yamal. El equipo balear se quej\u00f3 del \u00e1rbitro Munuera Montero por validar el segundo tanto.<\/p>\n<p><img decoding=\"async\" src=\"https:\/\/www.europesays.com\/es\/wp-content\/uploads\/2025\/08\/091ff325-4d7b-4fae-9fb7-d345e9e5101e_800x1422.jpeg\" loading=\"lazy\"\/><\/p>\n","protected":false},"excerpt":{"rendered":"La portada de ESTADIO Deportivo para el domingo 17 de agosto de 2025. Athletic &#8211; Sevilla: Debut sin&hellip;\n","protected":false},"author":2,"featured_media":52471,"comment_status":"","ping_status":"","sticky":false,"template":"","format":"standard","meta":{"footnotes":""},"categories":[268],"tags":[168,25,24,284,280,282,288,23120,1945,286,2993,281,23,167],"class_list":{"0":"post-52470","1":"post","2":"type-post","3":"status-publish","4":"format-standard","5":"has-post-thumbnail","7":"category-futbol","8":"tag-deportes","9":"tag-es","10":"tag-espana","11":"tag-estadio-deportivo","12":"tag-football","13":"tag-futbol","14":"tag-laliga","15":"tag-portada-ed","16":"tag-primera-division","17":"tag-real-betis-balompie","18":"tag-sevilla-futbol-club","19":"tag-soccer","20":"tag-spain","21":"tag-sports"},"share_on_mastodon":{"url":"","error":""},"_links":{"self":[{"href":"https:\/\/www.europesays.com\/es\/wp-json\/wp\/v2\/posts\/52470","targetHints":{"allow":["GET"]}}],"collection":[{"href":"https:\/\/www.europesays.com\/es\/wp-json\/wp\/v2\/posts"}],"about":[{"href":"https:\/\/www.europesays.com\/es\/wp-json\/wp\/v2\/types\/post"}],"author":[{"embeddable":true,"href":"https:\/\/www.europesays.com\/es\/wp-json\/wp\/v2\/users\/2"}],"replies":[{"embeddable":true,"href":"https:\/\/www.europesays.com\/es\/wp-json\/wp\/v2\/comments?post=52470"}],"version-history":[{"count":0,"href":"https:\/\/www.europesays.com\/es\/wp-json\/wp\/v2\/posts\/52470\/revisions"}],"wp:featuredmedia":[{"embeddable":true,"href":"https:\/\/www.europesays.com\/es\/wp-json\/wp\/v2\/media\/52471"}],"wp:attachment":[{"href":"https:\/\/www.europesays.com\/es\/wp-json\/wp\/v2\/media?parent=52470"}],"wp:term":[{"taxonomy":"category","embeddable":true,"href":"https:\/\/www.europesays.com\/es\/wp-json\/wp\/v2\/categories?post=52470"},{"taxonomy":"post_tag","embeddable":true,"href":"https:\/\/www.europesays.com\/es\/wp-json\/wp\/v2\/tags?post=52470"}],"curies":[{"name":"wp","href":"https:\/\/api.w.org\/{rel}","templated":true}]}}