{"id":524990,"date":"2026-04-30T05:56:24","date_gmt":"2026-04-30T05:56:24","guid":{"rendered":"https:\/\/www.europesays.com\/es\/524990\/"},"modified":"2026-04-30T05:56:24","modified_gmt":"2026-04-30T05:56:24","slug":"pequenos-potentes-y-mas-baratos-que-un-sobremesa","status":"publish","type":"post","link":"https:\/\/www.europesays.com\/es\/524990\/","title":{"rendered":"peque\u00f1os, potentes y m\u00e1s baratos que un sobremesa"},"content":{"rendered":"<p><img decoding=\"async\" class=\"v-ath__i\" loading=\"lazy\" src=\"https:\/\/www.europesays.com\/es\/wp-content\/uploads\/2026\/04\/autor-6889-foto-2.png\" alt=\"Alejandra Santisteban Guiu\"\/><\/p>\n<p>30\/04\/2026 a las 06:39h.<\/p>\n<p class=\"v-d-p\" style=\"\">Hace unos a\u00f1os, hablar de un mini PC era pensar en un ordenador limitado. Hoy pasa justo lo contrario. Estos equipos cada vez son m\u00e1s peque\u00f1os\u2026 y sorprendentemente potentes. Tanto que <strong>muchos ya sustituyen sin despeinarse a un sobremesa tradicional<\/strong>.<\/p>\n<p class=\"v-d-p\" style=\"\">Y lo mejor es que adem\u00e1s <strong>ocupan menos, consumen menos y cuestan bastante menos<\/strong> de lo que imaginas. Estos son algunos de los modelos que m\u00e1s sentido tienen ahora mismo.<\/p>\n<p>\nCHUWI UBox: el mini PC que parece mucho m\u00e1s caro de lo que cuesta\n<\/p>\n<p><img decoding=\"async\" loading=\"lazy\" src=\"https:\/\/www.europesays.com\/es\/wp-content\/uploads\/2026\/04\/mini pc sustituir sobremesa-U50287332185BNb-680x476@diario_abc.jpg\" class=\"v-a-img\" width=\"680\" height=\"478\" alt=\"\" data-voc-vtm-id=\"in-text-traffic\"\/><\/p>\n<p class=\"v-d-p\" style=\"\">CHUWI ha conseguido algo complicado: meter <strong>much\u00edsima potencia en un equipo diminuto<\/strong>. Ryzen potente, memoria DDR5 y formato ultracompacto.<\/p>\n<p class=\"v-d-p\" style=\"\">En el d\u00eda a d\u00eda, eso significa trabajar, editar o incluso jugar de forma ligera sin sentir que est\u00e1s usando un mini PC.<\/p>\n<p class=\"v-d-p\" style=\"\">Adem\u00e1s, el dise\u00f1o limpio y el tama\u00f1o rid\u00edculo hacen que <strong>encaje en cualquier escritorio sin molestar<\/strong>.<\/p>\n<p>\nMLLSE M2 Pro: el mini PC barato perfecto para tareas b\u00e1sicas\n<\/p>\n<p><img decoding=\"async\" loading=\"lazy\" src=\"https:\/\/www.europesays.com\/es\/wp-content\/uploads\/2026\/04\/mini pc sustituir sobremesa (1)-U86748778878ALV-680x476@diario_abc.jpg\" class=\"v-a-img\" width=\"680\" height=\"478\" alt=\"\" data-voc-vtm-id=\"in-text-traffic\"\/><\/p>\n<p class=\"v-d-p\" style=\"\">MLLSE apuesta aqu\u00ed por un enfoque sencillo. Un ordenador pensado para navegar, ofim\u00e1tica y consumo multimedia.<\/p>\n<p class=\"v-d-p\" style=\"\">Esto se traduce en una opci\u00f3n <strong>muy interesante para estudiantes, oficinas o como segundo equipo en casa<\/strong>.<\/p>\n<p class=\"v-d-p\" style=\"\">Y por el precio que tiene, cuesta encontrar algo tan compacto y funcional.<\/p>\n<p>\nGMKtec G3: el equilibrio ideal entre tama\u00f1o, rendimiento y precio\n<\/p>\n<p><img decoding=\"async\" loading=\"lazy\" src=\"https:\/\/www.europesays.com\/es\/wp-content\/uploads\/2026\/04\/mini pc sustituir sobremesa (2)-U50046811164RVA-680x476@diario_abc.jpg\" class=\"v-a-img\" width=\"680\" height=\"478\" alt=\"\" data-voc-vtm-id=\"in-text-traffic\"\/><\/p>\n<p class=\"v-d-p\" style=\"\">GMKtec est\u00e1 ganando much\u00edsima popularidad en mini PC. Y este modelo explica perfectamente por qu\u00e9.<\/p>\n<p class=\"v-d-p\" style=\"\">R\u00e1pido para tareas diarias, silencioso y muy eficiente energ\u00e9ticamente. <strong>Perfecto para quien quiere un PC c\u00f3modo y sin complicaciones<\/strong>.<\/p>\n<p class=\"v-d-p\" style=\"\">Adem\u00e1s, el formato mini cambia mucho el escritorio. M\u00e1s limpio, m\u00e1s c\u00f3modo y mucho m\u00e1s moderno visualmente.<\/p>\n<p>\nGMKtec K12: potencia seria para quien quiere ir un paso m\u00e1s all\u00e1\n<\/p>\n<p><img decoding=\"async\" loading=\"lazy\" src=\"https:\/\/www.europesays.com\/es\/wp-content\/uploads\/2026\/04\/mini pc sustituir sobremesa (3)-U65071510706yGS-680x476@diario_abc.jpg\" class=\"v-a-img\" width=\"680\" height=\"478\" alt=\"\" data-voc-vtm-id=\"in-text-traffic\"\/><\/p>\n<p class=\"v-d-p\" style=\"\">Aqu\u00ed GMKtec sube claramente el nivel. <strong>Procesador Ryzen m\u00e1s potente y enfoque m\u00e1s orientado a rendimiento avanzado<\/strong>.<\/p>\n<p class=\"v-d-p\" style=\"\">Esto significa multitarea real. Edici\u00f3n ligera, productividad exigente e incluso gaming ocasional sin demasiados problemas.<\/p>\n<p class=\"v-d-p\" style=\"\">Es el t\u00edpico mini PC que<strong> sorprende cuando ves c\u00f3mo mueve tareas complejas<\/strong>.<\/p>\n<p>\nSOYO Mini PC M4: peque\u00f1o, silencioso y muy pr\u00e1ctico para el d\u00eda a d\u00eda\n<\/p>\n<p><img decoding=\"async\" loading=\"lazy\" src=\"https:\/\/www.europesays.com\/es\/wp-content\/uploads\/2026\/04\/mini pc sustituir sobremesa (4)-U65781467701aiJ-680x476@diario_abc.jpg\" class=\"v-a-img\" width=\"680\" height=\"478\" alt=\"\" data-voc-vtm-id=\"in-text-traffic\"\/><\/p>\n<p class=\"v-d-p\" style=\"\">SOYO apuesta por la sencillez funcional. Un mini ordenador pensado para quien quiere olvidarse de complicaciones.<\/p>\n<p class=\"v-d-p\" style=\"\">En el uso real, eso significa abrir documentos, navegar y consumir contenido <strong>sin ruidos ni torres enormes ocupando espacio<\/strong>.<\/p>\n<p class=\"v-d-p\" style=\"\">Ideal para escritorios peque\u00f1os o setups minimalistas.<\/p>\n<p>\nCHUWI AuBox: uno de los mini PC m\u00e1s bestias de esta lista\n<\/p>\n<p><img decoding=\"async\" loading=\"lazy\" src=\"https:\/\/www.europesays.com\/es\/wp-content\/uploads\/2026\/04\/mini pc sustituir sobremesa (5)-U32411340173GLK-680x476@diario_abc.jpg\" class=\"v-a-img\" width=\"680\" height=\"478\" alt=\"\" data-voc-vtm-id=\"in-text-traffic\"\/><\/p>\n<p class=\"v-d-p\" style=\"\">CHUWI vuelve a aparecer, pero aqu\u00ed juega directamente en otra categor\u00eda. <strong>Mucha m\u00e1s potencia y opciones de expansi\u00f3n muy serias<\/strong>.<\/p>\n<p class=\"v-d-p\" style=\"\">Esto cambia completamente la experiencia. Ya no parece un mini PC limitado, sino un ordenador premium compacto.<\/p>\n<p class=\"v-d-p\" style=\"\"><strong>Perfecto para productividad avanzada<\/strong> o usuarios que quieren algo preparado para a\u00f1os.<\/p>\n<p>\nGMKtec K8 Plus: un mini PC que ya parece un sobremesa gaming compacto\n<\/p>\n<p><img decoding=\"async\" loading=\"lazy\" src=\"https:\/\/www.europesays.com\/es\/wp-content\/uploads\/2026\/04\/mini pc sustituir sobremesa (6)-U54551060483hGP-680x476@diario_abc.jpg\" class=\"v-a-img\" width=\"680\" height=\"478\" alt=\"\" data-voc-vtm-id=\"in-text-traffic\"\/><\/p>\n<p class=\"v-d-p\" style=\"\">GMKtec sigue afinando much\u00edsimo sus modelos avanzados. Este K8 Plus transmite <strong>sensaci\u00f3n de potencia desde el primer momento<\/strong>.<\/p>\n<p class=\"v-d-p\" style=\"\">Procesador muy serio, gr\u00e1fica integrada potente y posibilidades <strong>enormes para trabajar o jugar sin ocupar medio escritorio<\/strong>.<\/p>\n<p class=\"v-d-p\" style=\"\">Y visualmente tiene ese aire tecnol\u00f3gico que gusta much\u00edsimo en setups modernos.<\/p>\n<p>\nBeelink Mini S13: uno de los mini PC m\u00e1s recomendados por calidad-precio\n<\/p>\n<p><img decoding=\"async\" loading=\"lazy\" src=\"https:\/\/www.europesays.com\/es\/wp-content\/uploads\/2026\/04\/mini pc sustituir sobremesa (7)-U06860411100yqN-680x476@diario_abc.jpg\" class=\"v-a-img\" width=\"680\" height=\"478\" alt=\"\" data-voc-vtm-id=\"in-text-traffic\"\/><\/p>\n<p class=\"v-d-p\" style=\"\">Beelink lleva tiempo siendo una referencia en este segmento. Y este modelo es probablemente de los m\u00e1s equilibrados.<\/p>\n<p class=\"v-d-p\" style=\"\"><strong>Silencioso, compacto y muy fiable para uso diario<\/strong>. Ideal para trabajo, multimedia y productividad b\u00e1sica.<\/p>\n<p class=\"v-d-p\" style=\"\">Es de esos equipos que simplemente <strong>cumplen sin dar problemas<\/strong>.<\/p>\n<p>\nSOYO Mini M4 Plus2: m\u00e1s memoria y sensaci\u00f3n de equipo m\u00e1s completo\n<\/p>\n<p><img decoding=\"async\" loading=\"lazy\" src=\"https:\/\/www.europesays.com\/es\/wp-content\/uploads\/2026\/04\/mini pc sustituir sobremesa (8)-U86254154560Bmh-680x476@diario_abc.jpg\" class=\"v-a-img\" width=\"680\" height=\"478\" alt=\"\" data-voc-vtm-id=\"in-text-traffic\"\/><\/p>\n<p class=\"v-d-p\" style=\"\">SOYO mejora aqu\u00ed su f\u00f3rmula anterior. <strong>M\u00e1s capacidad y una experiencia algo m\u00e1s fluida en multitarea<\/strong>. En el d\u00eda a d\u00eda, eso se nota especialmente cuando trabajas con varias ventanas o aplicaciones abiertas.<\/p>\n<p class=\"v-d-p\" style=\"\">Y sigue manteniendo una de las grandes ventajas de estos equipos: <strong>ocupan poqu\u00edsimo<\/strong>.<\/p>\n<p>\nMLLSE M2 Air: el mini PC ultrabarato que sorprende m\u00e1s de lo esperado\n<\/p>\n<p><img decoding=\"async\" loading=\"lazy\" src=\"https:\/\/www.europesays.com\/es\/wp-content\/uploads\/2026\/04\/mini pc sustituir sobremesa (9)-U52542676015ytF-680x476@diario_abc.jpg\" class=\"v-a-img\" width=\"680\" height=\"478\" alt=\"\" data-voc-vtm-id=\"in-text-traffic\"\/><\/p>\n<p class=\"v-d-p\" style=\"\">Este modelo juega claramente la carta del precio. <strong>Muy compacto y pensado para tareas b\u00e1sicas<\/strong>.<\/p>\n<p class=\"v-d-p\" style=\"\">Pero precisamente ah\u00ed est\u00e1 la sorpresa. Navegar, ver contenido o usar aplicaciones sencillas lo hace mejor de lo que esperar\u00edas viendo lo que cuesta.<\/p>\n<p class=\"v-d-p\" style=\"\">Perfecto<strong> para quien quiere gastar muy poco y aun as\u00ed tener un ordenador funcional<\/strong>.<\/p>\n<p>\nEl veredicto: los mini PC ya tienen mucho m\u00e1s sentido que antes\n<\/p>\n<p class=\"v-d-p\" style=\"\">La evoluci\u00f3n de estos equipos est\u00e1 siendo brutal. <strong>M\u00e1s potencia, menos tama\u00f1o y precios cada vez m\u00e1s interesantes<\/strong>.<\/p>\n<p class=\"v-d-p\" style=\"\">Y para much\u00edsima gente, <strong>ya no tiene sentido ocupar media mesa con una torre enorme<\/strong>. Porque estos mini PC hacen pr\u00e1cticamente lo mismo\u2026 ocupando una fracci\u00f3n del espacio.<\/p>\n<p class=\"v-d-p\" style=\"\">M\u00e1s orden, menos cables y ordenadores sorprendentemente capaces para casi cualquier tarea.<\/p>\n<ul class=\"v-cmp-rld__u\">\n<li class=\"v-cmp-rld__l\">\n<p><a class=\"v-a-lnk\" href=\"http:\/\/www.abc.es\/favorito\/electronica\/tablets\/mejores-tablets-teclado-2026-olvida-portatil-trabajar-20260422063600-nt.html#vtm_modulosEngag=noticiasrelacionadas-cmp-dos:favorito:noticia:1\" title=\"Las 10 mejores tablets con teclado de 2026: olvida el port\u00e1til para trabajar, estudiar o viajar\" data-voc-vtm-id=\"in-text-traffic\" rel=\"nofollow noopener\" target=\"_blank\"><br \/>\n<img decoding=\"async\" loading=\"lazy\" src=\"https:\/\/www.europesays.com\/es\/wp-content\/uploads\/2026\/04\/image_20260422103111-U07258738362wPY-366x256@diario_abc.png\" class=\"v-a-img\" width=\"258\" height=\"180\" alt=\"Las 10 mejores tablets con teclado de 2026: olvida el port\u00e1til para trabajar, estudiar o viajar\"\/><br \/>\n<\/a><\/p>\n<p>Alejandra Santisteban Guiu<\/p>\n<\/li>\n<li class=\"v-cmp-rld__l\">\n<p><a class=\"v-a-lnk\" href=\"http:\/\/www.abc.es\/favorito\/electronica\/regalos-tech-dia-madre-utiles-flores-merecen-20260421063100-nt.html#vtm_modulosEngag=noticiasrelacionadas-cmp-dos:favorito:noticia:2\" title=\"10 regalos tech para el D\u00eda de la Madre que son m\u00e1s \u00fatiles que unas flores y s\u00ed merecen la pena\" data-voc-vtm-id=\"in-text-traffic\" rel=\"nofollow noopener\" target=\"_blank\"><br \/>\n<img decoding=\"async\" loading=\"lazy\" src=\"https:\/\/www.europesays.com\/es\/wp-content\/uploads\/2026\/04\/image_20260421104641-U16257607706cVc-366x256@diario_abc.png\" class=\"v-a-img\" width=\"258\" height=\"180\" alt=\"10 regalos tech para el D\u00eda de la Madre que son m\u00e1s \u00fatiles que unas flores y s\u00ed merecen la pena\"\/><br \/>\n<\/a><\/p>\n<p>Alejandra Santisteban Guiu<\/p>\n<\/li>\n<\/ul>\n<p class=\"v-d-p\" style=\"\">En la secci\u00f3n <a href=\"https:\/\/www.abc.es\/favorito\/\" target=\"_blank\" data-voc-vtm-id=\"in-text-traffic\" class=\"monetise\" title=\"Favorito de ABC\" data-mrf-link=\"www.abc.es\" rel=\"nofollow noopener\">Favorito de ABC<\/a> seguimos seleccionando ofertas reales en tecnolog\u00eda, hogar y motor para ayudarte a encontrar dispositivos que suman sin complicarte la vida.<\/p>\n","protected":false},"excerpt":{"rendered":"30\/04\/2026 a las 06:39h. Hace unos a\u00f1os, hablar de un mini PC era pensar en un ordenador limitado.&hellip;\n","protected":false},"author":2,"featured_media":524991,"comment_status":"","ping_status":"","sticky":false,"template":"","format":"standard","meta":{"footnotes":""},"categories":[81],"tags":[3399,119,123,124,25,24,1621,66800,3462,37349,25536,117,121,122,21441,23,118,120],"class_list":["post-524990","post","type-post","status-publish","format-standard","has-post-thumbnail","category-ciencia-y-tecnologia","tag-baratos","tag-ciencia","tag-ciencia-y-tecnologia","tag-cienciaytecnologia","tag-es","tag-espana","tag-expertos","tag-mini","tag-pequenos","tag-potentes","tag-recomiendan","tag-science","tag-science-and-technology","tag-scienceandtechnology","tag-sobremesa","tag-spain","tag-technology","tag-tecnologia"],"share_on_mastodon":{"url":"https:\/\/pubeurope.com\/@es\/116492121057031738","error":""},"_links":{"self":[{"href":"https:\/\/www.europesays.com\/es\/wp-json\/wp\/v2\/posts\/524990","targetHints":{"allow":["GET"]}}],"collection":[{"href":"https:\/\/www.europesays.com\/es\/wp-json\/wp\/v2\/posts"}],"about":[{"href":"https:\/\/www.europesays.com\/es\/wp-json\/wp\/v2\/types\/post"}],"author":[{"embeddable":true,"href":"https:\/\/www.europesays.com\/es\/wp-json\/wp\/v2\/users\/2"}],"replies":[{"embeddable":true,"href":"https:\/\/www.europesays.com\/es\/wp-json\/wp\/v2\/comments?post=524990"}],"version-history":[{"count":0,"href":"https:\/\/www.europesays.com\/es\/wp-json\/wp\/v2\/posts\/524990\/revisions"}],"wp:featuredmedia":[{"embeddable":true,"href":"https:\/\/www.europesays.com\/es\/wp-json\/wp\/v2\/media\/524991"}],"wp:attachment":[{"href":"https:\/\/www.europesays.com\/es\/wp-json\/wp\/v2\/media?parent=524990"}],"wp:term":[{"taxonomy":"category","embeddable":true,"href":"https:\/\/www.europesays.com\/es\/wp-json\/wp\/v2\/categories?post=524990"},{"taxonomy":"post_tag","embeddable":true,"href":"https:\/\/www.europesays.com\/es\/wp-json\/wp\/v2\/tags?post=524990"}],"curies":[{"name":"wp","href":"https:\/\/api.w.org\/{rel}","templated":true}]}}