{"id":52510,"date":"2025-08-17T00:38:08","date_gmt":"2025-08-17T00:38:08","guid":{"rendered":"https:\/\/www.europesays.com\/es\/52510\/"},"modified":"2025-08-17T00:38:08","modified_gmt":"2025-08-17T00:38:08","slug":"alcaraz-derrota-a-zverev-y-jugara-la-final-del-masters-1000-de-cincinnati-ante-sinner","status":"publish","type":"post","link":"https:\/\/www.europesays.com\/es\/52510\/","title":{"rendered":"Alcaraz Derrota A Zverev Y Jugar\u00e1 La Final Del Masters 1000 De Cincinnati Ante Sinner"},"content":{"rendered":"<p data-type=\"paragraph\" data=\"[object Object]\">El espa\u00f1ol Carlos Alcaraz venci\u00f3 el s\u00e1bado al alem\u00e1n Alexander Zverev y avanz\u00f3 a la final del Masters 1000 de Cincinnati, donde le espera otro duelo de alto voltaje contra el italiano Jannik Sinner.<\/p>\n<p data-type=\"paragraph\" data=\"[object Object]\" class=\"emotion-1akm6h5-Paragraph e1e4oisd0\">Alcaraz, segundo del r\u00e1nking de la ATP, super\u00f3 por 6-4 y 6-3 a Zverev, tercero del escalaf\u00f3n, que disput\u00f3 el \u00faltimo set con visibles problemas f\u00edsicos.<\/p>\n<p data-type=\"paragraph\" data=\"[object Object]\" class=\"emotion-1akm6h5-Paragraph e1e4oisd0\">El espa\u00f1ol pelear\u00e1 el lunes por su primer t\u00edtulo de Cincinnati despu\u00e9s de la final perdida en 2023 ante Novak Djokovic.<\/p>\n<p data-type=\"paragraph\" data=\"[object Object]\" class=\"emotion-1akm6h5-Paragraph e1e4oisd0\">gbv\/ma<\/p>\n","protected":false},"excerpt":{"rendered":"El espa\u00f1ol Carlos Alcaraz venci\u00f3 el s\u00e1bado al alem\u00e1n Alexander Zverev y avanz\u00f3 a la final del Masters&hellip;\n","protected":false},"author":2,"featured_media":32422,"comment_status":"","ping_status":"","sticky":false,"template":"","format":"standard","meta":{"footnotes":""},"categories":[93],"tags":[1691,2134,168,25,24,16852,15635,23,167,116,327,4450],"class_list":{"0":"post-52510","1":"post","2":"type-post","3":"status-publish","4":"format-standard","5":"has-post-thumbnail","7":"category-deportes","8":"tag-atp","9":"tag-cincinnati","10":"tag-deportes","11":"tag-es","12":"tag-espana","13":"tag-masters1000","14":"tag-semifinales","15":"tag-spain","16":"tag-sports","17":"tag-synd","18":"tag-tenis","19":"tag-usa"},"share_on_mastodon":{"url":"","error":""},"_links":{"self":[{"href":"https:\/\/www.europesays.com\/es\/wp-json\/wp\/v2\/posts\/52510","targetHints":{"allow":["GET"]}}],"collection":[{"href":"https:\/\/www.europesays.com\/es\/wp-json\/wp\/v2\/posts"}],"about":[{"href":"https:\/\/www.europesays.com\/es\/wp-json\/wp\/v2\/types\/post"}],"author":[{"embeddable":true,"href":"https:\/\/www.europesays.com\/es\/wp-json\/wp\/v2\/users\/2"}],"replies":[{"embeddable":true,"href":"https:\/\/www.europesays.com\/es\/wp-json\/wp\/v2\/comments?post=52510"}],"version-history":[{"count":0,"href":"https:\/\/www.europesays.com\/es\/wp-json\/wp\/v2\/posts\/52510\/revisions"}],"wp:featuredmedia":[{"embeddable":true,"href":"https:\/\/www.europesays.com\/es\/wp-json\/wp\/v2\/media\/32422"}],"wp:attachment":[{"href":"https:\/\/www.europesays.com\/es\/wp-json\/wp\/v2\/media?parent=52510"}],"wp:term":[{"taxonomy":"category","embeddable":true,"href":"https:\/\/www.europesays.com\/es\/wp-json\/wp\/v2\/categories?post=52510"},{"taxonomy":"post_tag","embeddable":true,"href":"https:\/\/www.europesays.com\/es\/wp-json\/wp\/v2\/tags?post=52510"}],"curies":[{"name":"wp","href":"https:\/\/api.w.org\/{rel}","templated":true}]}}