{"id":52523,"date":"2025-08-17T00:47:11","date_gmt":"2025-08-17T00:47:11","guid":{"rendered":"https:\/\/www.europesays.com\/es\/52523\/"},"modified":"2025-08-17T00:47:11","modified_gmt":"2025-08-17T00:47:11","slug":"nairobi-dio-vueltas-en-torno-a-narciso","status":"publish","type":"post","link":"https:\/\/www.europesays.com\/es\/52523\/","title":{"rendered":"&#8216;Nairobi&#8217; dio vueltas en torno a &#8216;Narciso&#8217;"},"content":{"rendered":"<p><a class=\"v-mdl-ath__fig-a\" href=\"https:\/\/www.diariovasco.com\/autor\/begona-del-teso-1263.html\" title=\"Bego\u00f1a del Teso\" rel=\"nofollow noopener\" target=\"_blank\"><br \/>\n<img decoding=\"async\" class=\"v-mdl-ath__img\" src=\"https:\/\/www.europesays.com\/es\/wp-content\/uploads\/2025\/08\/firmas-569649e8d9ad5-foto.jpg\" alt=\"Bego\u00f1a del Teso\"\/><br \/>\n<\/a><\/p>\n<p class=\"v-mdl-ath__p v-mdl-ath__p--6\">\nDomingo, 17 de agosto 2025, 02:00<\/p>\n<p class=\"v-p\">Pas\u00f3 ya en la segunda de Illunbe 2025. El torero de aquella tarde, Marco P\u00e9rez, era quien se mov\u00eda y sus toros, &#8216;Ganador&#8217;, &#8216;Tobillito&#8217;, &#8216;Tramposo&#8217; y &#8216;Elegante&#8217;, los que se quedaban quietos parados, las pezu\u00f1as clavadas en la arena. Seg\u00fan las antiguas normas no escritas y a\u00fan en vigor de la tauromaquia, lo l\u00f3gico, lo que le da cuajo, raz\u00f3n, pasi\u00f3n y hasta intriga e inquietud a esta locura es lo contrario; el lidiador clava las zapatillas en la arena, ofrece la muleta al animal y este se mueve atra\u00eddo por el enga\u00f1o.<\/p>\n<p class=\"v-p\">Sucedi\u00f3 igual en la tercera de Illunbe. Guillermo Hermoso de Mendoza y &#8216;J\u00edbaro&#8217;, (casta\u00f1o) &#8216;Ecuador&#8217; (tordo claro) y Mouteiro&#8217; (tambi\u00e9n casta\u00f1o) m\u00e1s los muy bregados auxiliadores Ricardo Raimundo (verde y azabache), Enrique Bejarano (verde botella y plata) y Antonio D\u00edaz &#8216;El Coriano&#8217; (burdeos y azabache) torearon a &#8216;Narciso&#8217; que era negro, su edad la de cuatro hierbas y casi cinco a\u00f1os y pesaba 510 kilos. Todo parec\u00eda ir bien, banderillas bastante templadas y quiebros ajustados. Pero &#8216;Narciso&#8217; no ten\u00eda la menor idea de que era un toro ni de que los toros deben moverse. As\u00ed que fue &#8216;Nairobi&#8217;, un lusitano negro de 8 a\u00f1os quien tuvo que dar vueltas, vueltas y m\u00e1s vueltas alrededor del morlaco, atornillado entre los tendidos 7 y 6. Visto desde las filas de sol era un espect\u00e1culo que acababa por marear. La plaza terminaba por darte vueltas. El que &#8216;Narciso&#8217; no se moviera y &#8216;Nairobi&#8217; girase y girase sobre \u00e9l no impidi\u00f3 que el p\u00fablico, arrebatado por dos rosas, un par de cortas con dos manos y un rej\u00f3n fulminante (no era dif\u00edcil asaetear a un bicho inm\u00f3vil), pidi\u00f3 a la presidencia las dos orejas del inm\u00f3vil &#8216;Narciso&#8217;. Se concedieron.<\/p>\n<p class=\"v-p\">Tampoco es que se moviera mucho el primero de Talavante pero Alejandro no estaba para nada dispuesto a no llevarse trofeo si ya lo ten\u00edan el de Estella y Manzanares. Llevado por sus ansias de triunfo, tir\u00f3 sus trastos de torear a la arena y meti\u00f3 una estocada trasera, traser\u00edsima que debi\u00f3 atraversarle todos los \u00f3rganos vitales a &#8216;Aberenjenado&#8217;. Era un espadazo sin arte ni historia ni ley pero como cay\u00f3 muerto bien muerto, m\u00e1s que muerto, y eso es lo que les gusta a los nuevos aficionados (a\u00fan no graduados en esto de la cuesti\u00f3n taur\u00f3maca) consigui\u00f3 su oreja el extreme\u00f1o.<\/p>\n<p class=\"v-p\">Se acab\u00f3 lo de Illunbe pero este domingo Teo L\u00e1zaro y Patxi, arenero, correr\u00e1n, estar\u00e1n corriendo o habr\u00e1n corrido (depende de cu\u00e1ndo lean ustedes el peri\u00f3dico) los hermosos toros de Palha (los hay incluso belliojos porque hasta la mirada la tienen salpicada) y el lunes dos torerillos, Fernando Vanegas y Rafael de la Cueva, so\u00f1ar\u00e1n sue\u00f1os grandes en Deba. Torear\u00e1n erales de la ganader\u00eda Puerto de San Lorenzo que en la ma\u00f1ana clara protagonizar\u00e1n encierro guapo hasta la plaza cuadrada. Fernando gan\u00f3 en mayo el certamen Cocherito de Bilbao de j\u00f3venes novilleros sin caballos celebrado en Torrecilla del Valle, Valladolid. Rafael, venezolano, se forma en la Escuela Taurina Jos\u00e9 Cubero &#8216;Yiyo&#8217;. All\u00ed empez\u00f3, s\u00ed, Olga Casado. Acab\u00f3 Illunbe 2025. El relevo est\u00e1 asegurado. El s\u00e1bado estuvo en el apartado Martin P\u00e9rez de Mendiola. Tres a\u00f1os. Quiere ser torero. Se llamar\u00e1 &#8216;Bitorixeko Martincho&#8217;. Le esperaremos. Aqu\u00ed.<\/p>\n<p>Comenta<\/p>\n<p>Reporta un error<\/p>\n<p class=\"v-crt__t\"> L\u00edmite de sesiones alcanzadas<\/p>\n<p class=\"v-crt__p\">El acceso al contenido Premium est\u00e1 abierto por cortes\u00eda del establecimiento donde te encuentras, pero ahora mismo hay demasiados usuarios conectados a las vez.<\/p>\n<p class=\"v-crt__p\">Por favor, int\u00e9ntalo pasados unos minutos.<\/p>\n<p>\nVolver a intentar\n<\/p>\n<p class=\"v-crt__t\">Sesi\u00f3n cerrada<\/p>\n<p class=\"v-crt__p\">Al iniciar sesi\u00f3n desde un dispositivo distinto, por seguridad, se cerr\u00f3 la \u00faltima sesi\u00f3n en este.<\/p>\n<p class=\"v-crt__p\">Para continuar disfrutando de su suscripci\u00f3n digital, inicie sesi\u00f3n en este dispositivo.<\/p>\n<p>\nEste contenido es exclusivo para suscriptores\n<\/p>\n<p class=\"text\">\u00bfTienes una suscripci\u00f3n? <a href=\"https:\/\/secure.diariovasco.com\/identidad\/inicio#vca=suscribete&amp;vso=diariovasco&amp;vmc=on&amp;vli=cdn-ce-link-login\" class=\"login\" data-voc-vtm-id=\"comienzoSuscripcionON\" data-voc-vtm-info=\"cdn-ce-link-login\" rel=\"nofollow noopener\" target=\"_blank\">Inicia sesi\u00f3n<\/a><\/p>\n","protected":false},"excerpt":{"rendered":"Domingo, 17 de agosto 2025, 02:00 Pas\u00f3 ya en la segunda de Illunbe 2025. El torero de aquella&hellip;\n","protected":false},"author":2,"featured_media":52524,"comment_status":"","ping_status":"","sticky":false,"template":"","format":"standard","meta":{"footnotes":""},"categories":[277],"tags":[373,168,13653,25,24,23134,23136,23,167,374,23135,13155],"class_list":{"0":"post-52523","1":"post","2":"type-post","3":"status-publish","4":"format-standard","5":"has-post-thumbnail","7":"category-toreo","8":"tag-bullfighting","9":"tag-deportes","10":"tag-dio","11":"tag-es","12":"tag-espana","13":"tag-nairobi","14":"tag-narciso","15":"tag-spain","16":"tag-sports","17":"tag-toreo","18":"tag-torno","19":"tag-vueltas"},"share_on_mastodon":{"url":"","error":""},"_links":{"self":[{"href":"https:\/\/www.europesays.com\/es\/wp-json\/wp\/v2\/posts\/52523","targetHints":{"allow":["GET"]}}],"collection":[{"href":"https:\/\/www.europesays.com\/es\/wp-json\/wp\/v2\/posts"}],"about":[{"href":"https:\/\/www.europesays.com\/es\/wp-json\/wp\/v2\/types\/post"}],"author":[{"embeddable":true,"href":"https:\/\/www.europesays.com\/es\/wp-json\/wp\/v2\/users\/2"}],"replies":[{"embeddable":true,"href":"https:\/\/www.europesays.com\/es\/wp-json\/wp\/v2\/comments?post=52523"}],"version-history":[{"count":0,"href":"https:\/\/www.europesays.com\/es\/wp-json\/wp\/v2\/posts\/52523\/revisions"}],"wp:featuredmedia":[{"embeddable":true,"href":"https:\/\/www.europesays.com\/es\/wp-json\/wp\/v2\/media\/52524"}],"wp:attachment":[{"href":"https:\/\/www.europesays.com\/es\/wp-json\/wp\/v2\/media?parent=52523"}],"wp:term":[{"taxonomy":"category","embeddable":true,"href":"https:\/\/www.europesays.com\/es\/wp-json\/wp\/v2\/categories?post=52523"},{"taxonomy":"post_tag","embeddable":true,"href":"https:\/\/www.europesays.com\/es\/wp-json\/wp\/v2\/tags?post=52523"}],"curies":[{"name":"wp","href":"https:\/\/api.w.org\/{rel}","templated":true}]}}