{"id":52525,"date":"2025-08-17T00:48:18","date_gmt":"2025-08-17T00:48:18","guid":{"rendered":"https:\/\/www.europesays.com\/es\/52525\/"},"modified":"2025-08-17T00:48:18","modified_gmt":"2025-08-17T00:48:18","slug":"entreno-con-topuria-y-me-veo-mas-preparado-que-nunca","status":"publish","type":"post","link":"https:\/\/www.europesays.com\/es\/52525\/","title":{"rendered":"Entreno con Topuria y me veo m\u00e1s preparado que nunca"},"content":{"rendered":"<p class=\"paragraph\" id=\"paragraph_1\"><strong>Salah Eddine (Marruecos, 1998)<\/strong> es una de las mayores promesas en las artes marciales mixtas (MMA) de Espa\u00f1a y est\u00e1 en la l\u00ednea de salida para entrar en la compa\u00f1\u00eda m\u00e1s prestigiosa del mundo, la UFC, siguiendo los pasos de su compa\u00f1ero de gimnasio en Alicante <a href=\"https:\/\/www.elespanol.com\/alicante\/deporte\/20240301\/alicante-enloquece-homenaje-ilia-topuria-coronarse-campeon-ufc\/836666804_0.html\" rel=\"nofollow noopener\" target=\"_blank\">Ilia Topuria.<\/a><\/p>\n<p class=\"paragraph\" id=\"paragraph_2\">Es un chico tranquilo, pero su apodo, <strong>&#8216;El Verdugo&#8217;<\/strong>, revela de lo que es capaz dentro de un oct\u00e1gono. Si bien no busca los focos, la mayor\u00eda del mundo de las MMA ha girado su mirilla hacia el peleador hispano-marroqu\u00ed por aplastar a sus rivales en la jaula y poseer un r\u00e9cord invicto de siete victorias y ninguna derrota.<\/p>\n<p class=\"paragraph\" id=\"paragraph_3\">El \u00faltimo triunfo lo consigui\u00f3 el pasado 24 de agosto en WAR 3, sumando una nueva victoria para colocarse con un importante r\u00e9cord, <strong>similar al actual campe\u00f3n espa\u00f1ol del peso pluma<\/strong> cuando entr\u00f3 en la UFC (8-0).<\/p>\n<p class=\"paragraph\" id=\"paragraph_4\">Eddine afirma que est\u00e1<strong> \u00abmuy contento\u00bb<\/strong> por su \u00faltimo combate y asegura que ya est\u00e1 pensando \u00aben el pr\u00f3ximo paso, que ser\u00e1 pronto\u00bb. El peleador explica que para entrar a la promotora m\u00e1s importante del planeta es crucial \u00abhacer un buen r\u00e9cord, luchar con gente que tenga un r\u00e9cord positivo y tener un buen m\u00e1nager que te sepa vender a la UFC\u00bb.<\/p>\n<p class=\"paragraph\" id=\"paragraph_5\">El luchador cumple todos estos requisitos y, adem\u00e1s, cuenta \u00abcon las puertas abiertas\u00bb gracias a la influencia de entrenar en el mismo gimnasio que Topuria (Climent Club) y compartir los mismos entrenadores, <strong>Jorge y Agust\u00edn Climent.<\/strong><\/p>\n<p class=\"paragraph\" id=\"paragraph_6\">Su superioridad hace que el salto a la UFC sea el camino m\u00e1s razonable para disparar su carrera, pero reconoce que es <strong>\u00abuna persona que no tiene prisa,<\/strong> tengo mucha paciencia, pero si ma\u00f1ana me llaman y me dicen si quiero pelear, obviamente, voy a decir que s\u00ed\u00bb.<\/p>\n<p><img decoding=\"async\" alt=\"Salah Eddine en el Climent Club.\" data-imgm=\"true\" height=\"180\" loading=\"lazy\"  src=\"https:\/\/www.europesays.com\/es\/wp-content\/uploads\/2025\/08\/883922428_248992620_1024x576.jpg\"  width=\"320\"\/><\/p>\n<p>                                                            Salah Eddine en el Climent Club.<\/p>\n<p>                    J.V.<\/p>\n<p class=\"paragraph\" id=\"paragraph_7\">Y es que el tambi\u00e9n llamado &#8216;Supersalah&#8217; entrena con Topuria para contrastar sus habilidades y se siente \u00abm\u00e1s preparado que nunca\u00bb para dar el salto. Con Topuria comparte ciudad y gimnasio, y ahora quiere seguir los pasos de a quien considera<strong> \u00abun referente<\/strong>. Todo luchador, al menos todos los ambiciosos, quiere sentirse campe\u00f3n, ser el mejor. Y si quieres ser el mejor, tienes que ser campe\u00f3n de la UFC en tu divisi\u00f3n\u00bb.<\/p>\n<p class=\"paragraph\" id=\"paragraph_8\">Ante la gran expectaci\u00f3n del mundo de las MMA sobre su carrera, admite que, \u00abpor raro que parezca, no tengo ninguna presi\u00f3n, me gusta eso. <strong>Me motiva que la gente tenga expectativas sobre m\u00ed<\/strong>, me da igual si hablan mal o bien mientras hagan ruido\u00bb.<\/p>\n<p>M\u00e1s de seis horas de entreno diario<\/p>\n<p class=\"paragraph\" id=\"paragraph_9\">Salah Eddine <strong>pr\u00e1cticamente vive en el gimnasio. <\/strong>Hace\u00a0entre cuatro y cinco entrenamientos al d\u00eda de alrededor de una hora y media de duraci\u00f3n para pulir todos los detalles de su t\u00e9cnica, adem\u00e1s de sumar otras tantas horas dando clases de boxeo en el Climent Club.<\/p>\n<p class=\"paragraph\" id=\"paragraph_10\">\u00abTengo objetivos fuertes que me hacen seguir y <strong>no voy a parar hasta conseguirlos\u00bb,<\/strong> comenta el peleador, quien dio una exhibici\u00f3n de combinaciones y golpeos en su \u00faltimo combate, a pesar de que sea m\u00e1s conocido por su faceta de lucha.<\/p>\n<p class=\"paragraph\" id=\"paragraph_11\">\u00abMe considero un luchador bastante completo. En la mayor\u00eda de las peleas he mostrado solo la parte de lucha, pero en la \u00faltima ya fue casi todo arriba.<strong> La gente no ha visto nada de mi golpeo,<\/strong> en la siguiente pelea lo van a ver\u00bb, indica Eddine.<\/p>\n<p>Or\u00edgenes<\/p>\n<p class=\"paragraph\" id=\"paragraph_12\">Naci\u00f3 en Marruecos, pero se siente tan espa\u00f1ol como el que m\u00e1s y lo demuestra saliendo a la jaula con una <strong>doble bandera de Espa\u00f1a y Marruecos<\/strong>. Eddine resalta que \u00abhay gente que no entiende que haga esto, pero vine aqu\u00ed con cuatro o cinco meses, me he criado aqu\u00ed, mis hermanos han nacido aqu\u00ed, mi padre trabaja aqu\u00ed&#8230; Estoy muy agradecido a Espa\u00f1a\u00bb.<\/p>\n<p><img decoding=\"async\" alt=\"El peleador junto a cinturones conseguidos por luchadores del Climent Club.\" data-imgm=\"true\" height=\"180\" loading=\"lazy\"  src=\"https:\/\/www.europesays.com\/es\/wp-content\/uploads\/2025\/08\/883922429_248992706_1024x576.jpg\"  width=\"320\"\/><\/p>\n<p>                                                            El peleador junto a cinturones conseguidos por luchadores del Climent Club.<\/p>\n<p>                    J.V.<\/p>\n<p class=\"paragraph\" id=\"paragraph_13\">&#8216;El Verdugo&#8217; lleva tres a\u00f1os y medio entrenando Alicante, ciudad que se ha convertido en lugar de peregrinaci\u00f3n de grandes peleadores que quieren entrar en el Climent Club. \u00abVine de <strong>Torre Pacheco (Murcia)<\/strong>. He entrenado ah\u00ed toda mi vida, he hecho boxeo desde los 13 a\u00f1os all\u00ed y un compa\u00f1ero me insisti\u00f3 en venir y de tanto repet\u00edrmelo le hice caso\u00bb, recuerda.<\/p>\n<p class=\"paragraph\" id=\"paragraph_14\">Otra de las caracter\u00edsticas de Salah Eddine es su fuerte fe en el islam, algo que le aporta constancia y potencia su carrera. <strong>\u00abHay mucha gente que, por desgracia, aqu\u00ed la confunden<\/strong> porque no tienen buenos representantes, pero yo la represento bien, como otros muchos musulmanes que la gente no conoce. Te ense\u00f1a a tratar bien a los dem\u00e1s, a terminar la pelea y abrazar a tu rival, y disciplina, algo s\u00faper importante en el deporte. Adem\u00e1s, como soy muy religioso, no fumo, no bebo y no salgo de fiesta. Eso no te lo da solo el deporte, te lo da la religi\u00f3n, y te ayuda\u00bb, apunta.<\/p>\n","protected":false},"excerpt":{"rendered":"Salah Eddine (Marruecos, 1998) es una de las mayores promesas en las artes marciales mixtas (MMA) de Espa\u00f1a&hellip;\n","protected":false},"author":2,"featured_media":52526,"comment_status":"","ping_status":"","sticky":false,"template":"","format":"standard","meta":{"footnotes":""},"categories":[276],"tags":[634,168,25,24,1523,5405,23,167,343],"class_list":{"0":"post-52525","1":"post","2":"type-post","3":"status-publish","4":"format-standard","5":"has-post-thumbnail","7":"category-ufc","8":"tag-deporte","9":"tag-deportes","10":"tag-es","11":"tag-espana","12":"tag-ilia-topuria","13":"tag-mma-artes-marciales-mixtas","14":"tag-spain","15":"tag-sports","16":"tag-ufc"},"share_on_mastodon":{"url":"","error":""},"_links":{"self":[{"href":"https:\/\/www.europesays.com\/es\/wp-json\/wp\/v2\/posts\/52525","targetHints":{"allow":["GET"]}}],"collection":[{"href":"https:\/\/www.europesays.com\/es\/wp-json\/wp\/v2\/posts"}],"about":[{"href":"https:\/\/www.europesays.com\/es\/wp-json\/wp\/v2\/types\/post"}],"author":[{"embeddable":true,"href":"https:\/\/www.europesays.com\/es\/wp-json\/wp\/v2\/users\/2"}],"replies":[{"embeddable":true,"href":"https:\/\/www.europesays.com\/es\/wp-json\/wp\/v2\/comments?post=52525"}],"version-history":[{"count":0,"href":"https:\/\/www.europesays.com\/es\/wp-json\/wp\/v2\/posts\/52525\/revisions"}],"wp:featuredmedia":[{"embeddable":true,"href":"https:\/\/www.europesays.com\/es\/wp-json\/wp\/v2\/media\/52526"}],"wp:attachment":[{"href":"https:\/\/www.europesays.com\/es\/wp-json\/wp\/v2\/media?parent=52525"}],"wp:term":[{"taxonomy":"category","embeddable":true,"href":"https:\/\/www.europesays.com\/es\/wp-json\/wp\/v2\/categories?post=52525"},{"taxonomy":"post_tag","embeddable":true,"href":"https:\/\/www.europesays.com\/es\/wp-json\/wp\/v2\/tags?post=52525"}],"curies":[{"name":"wp","href":"https:\/\/api.w.org\/{rel}","templated":true}]}}