{"id":52527,"date":"2025-08-17T00:50:07","date_gmt":"2025-08-17T00:50:07","guid":{"rendered":"https:\/\/www.europesays.com\/es\/52527\/"},"modified":"2025-08-17T00:50:07","modified_gmt":"2025-08-17T00:50:07","slug":"rafa-nadal-es-lo-contrario-de-lo-que-representa-cobi","status":"publish","type":"post","link":"https:\/\/www.europesays.com\/es\/52527\/","title":{"rendered":"\u00abRafa Nadal es lo contrario de lo que representa Cobi\u00bb"},"content":{"rendered":"<p style=\"\">\u2014Hice en el colegio. He ido en bici pero lo de hacer deporte no ha ido conmigo nunca. Me muevo mucho, pero porque trabajo en un huerto que tengo enorme y voy al bosque a buscar le\u00f1a.  &#8230; Pero la idea de ir a un gimnasio no va conmigo.<\/p>\n<p class=\"voc-p\" style=\"\"><strong>\u2014Tambi\u00e9n eso es hacer deporte.<\/strong><\/p>\n<p class=\"voc-p\" style=\"\">\u2014Ya, pero hay gente a mi alrededor que es como si llevaran un Excel. A m\u00ed me gusta improvisar en la vida. <\/p>\n<p class=\"voc-p\" style=\"\"><strong>\u2014Usted cre\u00f3 a Cobi y a Petra, entre otros muchos, \u00bfde d\u00f3nde nace esa especializaci\u00f3n por lo deportivo?<\/strong><\/p>\n<p class=\"voc-p\" style=\"\">\u2014Est\u00e1n muy bien las entrevistas porque es como ir al psiquiatra, pero sin pagar. Y no sabr\u00eda encontrar el porqu\u00e9. A m\u00ed, dibujar me viene de muy peque\u00f1o. A todos mis hermanos les gustaba leer y a m\u00ed me costaba mucho. Opt\u00e9 por dibujar. En el caso de Cobi y Petra, me present\u00e9 a un concurso y, de forma muy extra\u00f1a, eligieron mi mascota.<\/p>\n<p class=\"voc-p\" style=\"\"><strong>\u2014No me diga que va a renegar de su obra a estas alturas.<\/strong><\/p>\n<p class=\"voc-p\" style=\"\">\u2014No me parec\u00eda muy buena idea ser el creador de la mascota oficial porque yo siempre he sido todo lo contrario. Pero me pareci\u00f3 muy buena idea hacer unos Juegos Ol\u00edmpicos en Barcelona, hab\u00eda un ambiente fant\u00e1stico, con una filosof\u00eda de tratar de innovar y reinventar los Juegos que estuvo muy bien.<\/p>\n<p class=\"voc-p\" style=\"\"><strong>\u2014Bien y ahora cu\u00e9nteme, \u00bfqu\u00e9 le pasa a Cobi?<\/strong><\/p>\n<p class=\"voc-p\" style=\"\">\u2014Lo explico con un ejemplo. Nadal es el prototipo de persona contraria a lo que representa Cobi. Rafa ha estado siempre muy centrado en ser el mejor tenista del mundo. Cobi no le representa, no es as\u00ed. Es una persona normal que, como cualquier ni\u00f1o, hace deporte y aprende. Pero tiene barriguita y s\u00ed, va en bicicleta, corre los 100 metros y monta a caballo, pero nunca es el primero. Es uno m\u00e1s y representa a miles de ciudadanos.<\/p>\n<p class=\"voc-p\" style=\"\"><strong>\u2014Poco de iconos pero muy de Guardiola. \u00bfDe d\u00f3nde le nace esa admiraci\u00f3n?<\/strong><\/p>\n<p class=\"voc-p\" style=\"\">\u2014De la etapa en la que \u00e9l entrenaba al Bar\u00e7a. Me apetec\u00eda mucho ver esos partidos. Era una maravilla ver a aquel equipo jugar. Era como si estuvieran jugando al billar, algo muy pl\u00e1stico. Luego ya no segu\u00ed de cerca su trayectoria, pero en aquellos tiempos s\u00ed que era muy bonito verlos.<\/p>\n<p class=\"voc-p\" style=\"\"><strong>\u2014Sin ser lo mismo, pero este Bar\u00e7a tampoco es moco de pavo.<\/strong><\/p>\n<p class=\"voc-p\" style=\"\">\u2014Cierto. Lo que he visto es que suena muy bien eso de ver a jugadores tan j\u00f3venes que est\u00e1n disfrutando mientras juegan porque, para m\u00ed, en el f\u00fatbol, eso de jugar es el concepto fundamental. De hecho, en mi propio trabajo yo siempre estoy jugando, tambi\u00e9n. Ver c\u00f3mo funciona as\u00ed un equipo, que de la noche a la ma\u00f1ana estos chavales jovenc\u00edsimos logran tanto\u2026 Y, sobre todo, que son todos muy buenos, pero nadie se cree el rey del mambo.<\/p>\n<p class=\"voc-p\" style=\"\"><strong>\u2014Igual Lamine Yamal s\u00ed se lo cree un pel\u00edn por encima de la media.<\/strong><\/p>\n<p class=\"voc-p\" style=\"\">\u2014Ya. Pero yo pienso que debe de ser muy dif\u00edcil que a alguien con 17 a\u00f1os ya le est\u00e9n diciendo que es el mejor del mundo. Pobrecillo. En el fondo, eso desequilibra mucho. Debe de ser dif\u00edcil vivir as\u00ed.<\/p>\n<p class=\"voc-p\" style=\"\"><strong>\u2014Para eso est\u00e1 Flick.<\/strong><\/p>\n<p class=\"voc-p\" style=\"\">\u2014En efecto, este entrenador les sabe poner en su sitio. Eso es muy importante.<\/p>\n<p class=\"voc-p\" style=\"\"><strong>\u2014\u00bfHay demasiada hostilidad en el f\u00fatbol?<\/strong><\/p>\n<p class=\"voc-p\" style=\"\">\u2014S\u00ed. Mi hijo y mi nieto juegan al f\u00fatbol y yo me niego a ir a verlos. A veces, incluso, me regalan entradas y no voy. Prefiero mantenerme al margen de esta experiencias, cargadas de agresividad. Me parece demencial. Y lo ves en el f\u00fatbol base, con la actitud de algunos padres. Y no te lo acabas de creer. Este punto de decir \u00abesto es m\u00edo y no me lo quitas\u00bb, en fin&#8230;<\/p>\n<p class=\"voc-p\" style=\"\"><strong>\u2014\u00bfSe puede acabar con la violencia en los estadios?<\/strong><\/p>\n<p class=\"voc-p\" style=\"\">\u2014Yo creo que s\u00ed tiene que desaparecer ese tipo de animaladas. En unos a\u00f1os veremos c\u00f3mo desaparece.<\/p>\n<p class=\"voc-p\" style=\"\"><strong>\u2014Puede que hasta devuelvan la Supercopa de Espa\u00f1a\u2026 a Espa\u00f1a. O no.<\/strong><\/p>\n<p class=\"voc-p\" style=\"\">\u2014Creo que son los \u00faltimos estertores de un sistema. Yo mismo tuve una oferta de trabajo important\u00edsima de estos pa\u00edses y me negu\u00e9. Al final, s\u00f3lo se hace por dinero. Hay que seguir luchando, pero se va evolucionando. T\u00fa y yo estamos hablando en una f\u00e1brica en la que, hace 100 a\u00f1os, trabajaban ni\u00f1os de 14 a\u00f1os. Hoy, la realidad es distinta.<\/p>\n<p class=\"voc-p\" style=\"\"><strong>\u2014Si viniera el Barcelona y le planteara cambiar la imagen corporativa \u00bflo har\u00eda?<\/strong><\/p>\n<p class=\"voc-p\" style=\"\">\u2014Si est\u00e1 bien planteado, s\u00ed. Lo primero que tendr\u00eda que hacer es meterme dentro, entender bien y ver qu\u00e9 es lo que hay para crear una identidad que tenga sentido.<\/p>\n<p class=\"voc-p\" style=\"\"><strong>\u2014\u00bfPor qu\u00e9 nos cuesta tanto aceptar los cambios en los escudos, por ejemplo?<\/strong><\/p>\n<p class=\"voc-p\" style=\"\">\u2014Claro que la gente es reacia. Estamos hablando de lo m\u00e1s primitivo del homo sapiens, la necesidad de pertenecer a una tribu, tener un l\u00edder, luchar por unos colores. Y tener s\u00edmbolos identitarios.<\/p>\n<p class=\"voc-p\" style=\"\"><strong>\u2014\u00bfA qu\u00e9 proyecto de dise\u00f1o dir\u00eda que no, a\u00fan ofreci\u00e9ndole un cheque en blanco y libertad absoluta para desarrollarlo?<\/strong><\/p>\n<p class=\"voc-p\" style=\"\">\u2014A una se\u00f1al\u00e9tica (conjunto de se\u00f1ales informativas) de un aeropuerto o de una autopista, por ejemplo. Dependes de ello y podr\u00edas perder el avi\u00f3n o confundirte por el dise\u00f1o que yo plantear\u00eda.<\/p>\n<p class=\"voc-p\" style=\"\"><strong>\u2014\u00bfC\u00f3mo ser\u00eda la mascota de una Madrid ol\u00edmpica, seg\u00fan Javier Mariscal?<\/strong><\/p>\n<p class=\"voc-p\" style=\"\">\u2014De entrada, buscar\u00eda a gente joven para que entre ellos lanzaran ideas, para que lo trabajaran ellos. Pero si me ponen una metralleta y me dicen que lo tengo que hacer yo, buscar\u00eda un personaje que plasmara fielmente el tipo de humor, de cachondeo, de ciudad abierta, as\u00ed como es Madrid, donde no hay l\u00edmites, acostumbrada a verse el ombligo. <\/p>\n<p class=\"voc-p\" style=\"\"><strong>\u2014Siga, siga\u2026 a ver ad\u00f3nde llegamos.<\/strong><\/p>\n<p class=\"voc-p\" style=\"\">\u2014Buscar\u00eda un elemento que sea muy positivo y que logre que tanto el se\u00f1or de VOX como el m\u00e1s progresista, o un ni\u00f1o, una se\u00f1ora de Chueca y otra de Serrano, les tocara el \u00e1nimo y supieran sentirlo como suyo. Un animal, como s\u00edmbolo, buscar algo muy mestizo y, si hubiera que marcar g\u00e9nero, tender\u00eda m\u00e1s hacia lo femenino, con formas m\u00e1s agradables. Pero sin ser una historia que rechace alguien m\u00e1s masculino. Abstracto. Que pueda imaginarlo. Como Dios, que en China creen que es chino y aqu\u00ed lo imaginamos blanco y con barba. Algo as\u00ed.<\/p>\n","protected":false},"excerpt":{"rendered":"\u2014Hice en el colegio. He ido en bici pero lo de hacer deporte no ha ido conmigo nunca.&hellip;\n","protected":false},"author":2,"featured_media":52528,"comment_status":"","ping_status":"","sticky":false,"template":"","format":"standard","meta":{"footnotes":""},"categories":[274],"tags":[23139,23138,168,25,24,5264,23137,3489,12830,4212,23,167,327,326],"class_list":{"0":"post-52527","1":"post","2":"type-post","3":"status-publish","4":"format-standard","5":"has-post-thumbnail","7":"category-tenis","8":"tag-cobi","9":"tag-contrario","10":"tag-deportes","11":"tag-es","12":"tag-espana","13":"tag-javier","14":"tag-mariscal","15":"tag-nadal","16":"tag-rafa","17":"tag-representa","18":"tag-spain","19":"tag-sports","20":"tag-tenis","21":"tag-tennis"},"share_on_mastodon":{"url":"","error":""},"_links":{"self":[{"href":"https:\/\/www.europesays.com\/es\/wp-json\/wp\/v2\/posts\/52527","targetHints":{"allow":["GET"]}}],"collection":[{"href":"https:\/\/www.europesays.com\/es\/wp-json\/wp\/v2\/posts"}],"about":[{"href":"https:\/\/www.europesays.com\/es\/wp-json\/wp\/v2\/types\/post"}],"author":[{"embeddable":true,"href":"https:\/\/www.europesays.com\/es\/wp-json\/wp\/v2\/users\/2"}],"replies":[{"embeddable":true,"href":"https:\/\/www.europesays.com\/es\/wp-json\/wp\/v2\/comments?post=52527"}],"version-history":[{"count":0,"href":"https:\/\/www.europesays.com\/es\/wp-json\/wp\/v2\/posts\/52527\/revisions"}],"wp:featuredmedia":[{"embeddable":true,"href":"https:\/\/www.europesays.com\/es\/wp-json\/wp\/v2\/media\/52528"}],"wp:attachment":[{"href":"https:\/\/www.europesays.com\/es\/wp-json\/wp\/v2\/media?parent=52527"}],"wp:term":[{"taxonomy":"category","embeddable":true,"href":"https:\/\/www.europesays.com\/es\/wp-json\/wp\/v2\/categories?post=52527"},{"taxonomy":"post_tag","embeddable":true,"href":"https:\/\/www.europesays.com\/es\/wp-json\/wp\/v2\/tags?post=52527"}],"curies":[{"name":"wp","href":"https:\/\/api.w.org\/{rel}","templated":true}]}}