{"id":52531,"date":"2025-08-17T00:52:09","date_gmt":"2025-08-17T00:52:09","guid":{"rendered":"https:\/\/www.europesays.com\/es\/52531\/"},"modified":"2025-08-17T00:52:09","modified_gmt":"2025-08-17T00:52:09","slug":"su-regreso-a-la-formula-1-es-inminente","status":"publish","type":"post","link":"https:\/\/www.europesays.com\/es\/52531\/","title":{"rendered":"\u00a1Su regreso a la Formula 1 es inminente!"},"content":{"rendered":"<p class=\"parrafo\"><strong>Portugal <\/strong>ha anunciado su intenci\u00f3n de organizar un <strong>Gran Premio de F\u00f3rmula 1 en el Aut\u00f3dromo Internacional do Algarve<\/strong>, en Portimao, para 2027. La noticia fue confirmada por el <strong>primer ministro portugu\u00e9s<\/strong>, Lu\u00eds Montenegro: \u201cEstoy en condiciones de decirles que <strong>lo tenemos todo listo para formalizar el regreso de la F\u00f3rmula 1 al Algarve en 2027<\/strong>\u201d. Este anuncio sit\u00faa a Portugal como un posible tercer punto de la Pen\u00ednsula Ib\u00e9rica en el calendario, sum\u00e1ndose a Espa\u00f1a, que en 2026 tendr\u00e1 dos grandes premios: Barcelona y Madrid.<\/p>\n<p><img decoding=\"async\" src=\"https:\/\/www.europesays.com\/es\/wp-content\/uploads\/2025\/08\/40a268ef-28b7-4f59-9fb3-6fbcb1e3ec47_800x554.jpeg\" loading=\"lazy\"\/>Un circuito con experiencia y emoci\u00f3n<\/p>\n<p class=\"parrafo\">Portimao ya acogi\u00f3 pruebas de la F1 en 2020 y 2021, durante la pandemia, y se convirti\u00f3 en un <strong>escenario destacado por su trazado exigente y sus cambios de elevaci\u00f3n<\/strong>. En aquellas ediciones, Lewis Hamilton logr\u00f3 la victoria en ambas carreras, mientras que Carlos Sainz lleg\u00f3 a liderar la primera vuelta de su debut en Portugal. La experiencia previa demuestra que el circuito luso tiene la capacidad de organizar un gran premio a la altura de la categor\u00eda reina.<\/p>\n<p>Apuesta estrat\u00e9gica y econ\u00f3mica<\/p>\n<p class=\"parrafo\">Montenegro destac\u00f3 que, aunque la organizaci\u00f3n de un Gran Premio requiere un importante esfuerzo financiero, los beneficios directos e indirectos para la promoci\u00f3n del pa\u00eds hacen que la inversi\u00f3n valga la pena. Adem\u00e1s, Portugal ya ha asegurado la celebraci\u00f3n de MotoGP en Portimao para 2025 y 2026, consolidando su apuesta por el deporte motor como herramienta de proyecci\u00f3n internacional y tur\u00edstica.<\/p>\n<p>Portugal, punto clave en la F1 europea<\/p>\n<p class=\"parrafo\">La candidatura portuguesa se suma a un calendario europeo cada vez m\u00e1s competitivo. Adem\u00e1s, otros pa\u00edses como Turqu\u00eda, Sud\u00e1frica o Argentina tambi\u00e9n buscan un hueco en la m\u00e1xima categor\u00eda, pero Portimao cuenta con la ventaja de ser un circuito moderno y probado. Con la nueva generaci\u00f3n de coches de 2026, Portugal podr\u00eda atraer a pilotos, equipos y marcas que buscan circuitos desafiantes y espectaculares.<\/p>\n<p>Expectativa entre los aficionados<\/p>\n<p class=\"parrafo\">El regreso de la F1 a Portugal no solo entusiasma a las autoridades, sino tambi\u00e9n a los aficionados, que recuerdan con emoci\u00f3n las carreras anteriores en Portimao. Si se confirma, ser\u00e1 la oportunidad de ver en acci\u00f3n a los monoplazas m\u00e1s r\u00e1pidos del mundo en un trazado que combina curvas r\u00e1pidas, cambios de altura y largas rectas, ofreciendo un espect\u00e1culo garantizado. Todo ello unido al cambio de normativa que veremos ya el a\u00f1o que viene, por lo que ser\u00eda interesante comprobar de la manera en la que se comportan los monoplazas del futuro en el Aut\u00f3dromo Internacional do Algarve.<\/p>\n","protected":false},"excerpt":{"rendered":"Portugal ha anunciado su intenci\u00f3n de organizar un Gran Premio de F\u00f3rmula 1 en el Aut\u00f3dromo Internacional do&hellip;\n","protected":false},"author":2,"featured_media":52532,"comment_status":"","ping_status":"","sticky":false,"template":"","format":"standard","meta":{"footnotes":""},"categories":[270],"tags":[1763,168,25,24,284,306,271,272,2362,23,167],"class_list":{"0":"post-52531","1":"post","2":"type-post","3":"status-publish","4":"format-standard","5":"has-post-thumbnail","7":"category-formula-1","8":"tag-automovilismo","9":"tag-deportes","10":"tag-es","11":"tag-espana","12":"tag-estadio-deportivo","13":"tag-f1","14":"tag-formula-1","15":"tag-formula1","16":"tag-motor","17":"tag-spain","18":"tag-sports"},"share_on_mastodon":{"url":"","error":""},"_links":{"self":[{"href":"https:\/\/www.europesays.com\/es\/wp-json\/wp\/v2\/posts\/52531","targetHints":{"allow":["GET"]}}],"collection":[{"href":"https:\/\/www.europesays.com\/es\/wp-json\/wp\/v2\/posts"}],"about":[{"href":"https:\/\/www.europesays.com\/es\/wp-json\/wp\/v2\/types\/post"}],"author":[{"embeddable":true,"href":"https:\/\/www.europesays.com\/es\/wp-json\/wp\/v2\/users\/2"}],"replies":[{"embeddable":true,"href":"https:\/\/www.europesays.com\/es\/wp-json\/wp\/v2\/comments?post=52531"}],"version-history":[{"count":0,"href":"https:\/\/www.europesays.com\/es\/wp-json\/wp\/v2\/posts\/52531\/revisions"}],"wp:featuredmedia":[{"embeddable":true,"href":"https:\/\/www.europesays.com\/es\/wp-json\/wp\/v2\/media\/52532"}],"wp:attachment":[{"href":"https:\/\/www.europesays.com\/es\/wp-json\/wp\/v2\/media?parent=52531"}],"wp:term":[{"taxonomy":"category","embeddable":true,"href":"https:\/\/www.europesays.com\/es\/wp-json\/wp\/v2\/categories?post=52531"},{"taxonomy":"post_tag","embeddable":true,"href":"https:\/\/www.europesays.com\/es\/wp-json\/wp\/v2\/tags?post=52531"}],"curies":[{"name":"wp","href":"https:\/\/api.w.org\/{rel}","templated":true}]}}