{"id":52539,"date":"2025-08-17T00:58:31","date_gmt":"2025-08-17T00:58:31","guid":{"rendered":"https:\/\/www.europesays.com\/es\/52539\/"},"modified":"2025-08-17T00:58:31","modified_gmt":"2025-08-17T00:58:31","slug":"madrid-directo-14-08-2025","status":"publish","type":"post","link":"https:\/\/www.europesays.com\/es\/52539\/","title":{"rendered":"Madrid Directo 14.08.2025"},"content":{"rendered":"<p class=\"mce\">En el programa de hoy de <a data-content-id=\"\" href=\"https:\/\/www.telemadrid.es\/programas\/madrid-directo\/\" text=\"Madrid Directo\" title=\"\" target=\"_blank\" rel=\"noopener nofollow\" class=\"mceNonEditable mce\">Madrid Directo<\/a>, conocemos a <strong class=\"mce\">\u00c1lvaro<\/strong>, que elabora <strong class=\"mce\">las tradicionales Bercianitas de M\u00e9trida <\/strong>en el <strong class=\"mce\">Mercado de Guzm\u00e1n el Bueno<\/strong>, un dulce t\u00edpico que se prepara para la romer\u00eda del 25 de abril. Adem\u00e1s de la receta original, ofrece <strong class=\"mce\">versiones modernas<\/strong>.<\/p>\n<p>                <a href=\"https:\/\/www.telemadrid.es\/programas\/madrid-directo\/Las-Bercianitas-de-Mentrida-llegan-al-Mercado-de-Guzman-el-Bueno-2-2806839330--20250814083539.html\" class=\"lnk\" target=\"_blank\" rel=\"nofollow noopener\">Las Bercianitas de M\u00e9ntrida llegan al Mercado de Guzm\u00e1n el Bueno<\/a><\/p>\n<p class=\"mce\">La ciudad ha estallado en alegr\u00eda con el inicio de las fiestas m\u00e1s castizas del verano: <strong class=\"mce\">las fiestas de la<\/strong> <strong class=\"mce\">Virgen de la Paloma<\/strong>, un evento que cada a\u00f1o convierte el agosto madrile\u00f1o en una explosi\u00f3n de <strong class=\"mce\">folclore, fe y diversi\u00f3n<\/strong>. Desde los Jardines de las Vistillas hasta la plaza de la Paja, las calles se llenan de <strong class=\"mce\">m\u00fasica, trajes de chulapa<\/strong> y el inconfundible olor a rosquillas del Santo.<\/p>\n<p>                <a href=\"https:\/\/www.telemadrid.es\/programas\/madrid-directo\/Arrancan-las-fiestas-de-la-Virgen-de-la-Paloma-Madrid-se-viste-de-tradicion-musica-y-devocion-2-2806839331--20250814083815.html\" class=\"lnk\" target=\"_blank\" rel=\"nofollow noopener\">Arrancan las fiestas de la Virgen de la Paloma: Madrid se viste de tradici\u00f3n, m\u00fasica y devoci\u00f3n<\/a><\/p>\n<p class=\"mce\">Hasta el 17 de agosto, <strong class=\"mce\">Cenicientos<\/strong> se viste de gala para celebrar sus tradicionales <a data-content-id=\"\" href=\"https:\/\/www.telemadrid.es\/programas\/madrid-directo\/Arrancan-las-fiestas-de-Cenicientos-en-honor-a-Nuestra-Senora-Virgen-del-Roble-2-2806839332--20250814090222.html\" text=\"fiestas patronales en honor a la Virgen del Roble\" title=\"\" target=\"_blank\" rel=\"noopener nofollow\" class=\"mceNonEditable mce\">fiestas patronales en honor a la Virgen del Roble<\/a>. La programaci\u00f3n est\u00e1 repleta de actividades que prometen diversi\u00f3n para todos, desde corridas de toros y catas de vino hasta deslumbrantes fuegos artificiales y animadas verbenas.<\/p>\n","protected":false},"excerpt":{"rendered":"En el programa de hoy de Madrid Directo, conocemos a \u00c1lvaro, que elabora las tradicionales Bercianitas de M\u00e9trida&hellip;\n","protected":false},"author":2,"featured_media":52540,"comment_status":"","ping_status":"","sticky":false,"template":"","format":"standard","meta":{"footnotes":""},"categories":[171],"tags":[517,209,168,95,2666,146,147,25,24,2661,2660,2665,2659,2667,2663,2662,2664,492,23,214,21],"class_list":{"0":"post-52539","1":"post","2":"type-post","3":"status-publish","4":"format-standard","5":"has-post-thumbnail","7":"category-tv","8":"tag-actualidad","9":"tag-cultura","10":"tag-deportes","11":"tag-economia","12":"tag-emision-en-directo","13":"tag-entertainment","14":"tag-entretenimiento","15":"tag-es","16":"tag-espana","17":"tag-internacionales","18":"tag-nacionales","19":"tag-noticias-de-hoy","20":"tag-noticias-de-madrid","21":"tag-podcast","22":"tag-programas-de-telemadrid","23":"tag-programas-de-television","24":"tag-programas-onda-madrid","25":"tag-sociedad","26":"tag-spain","27":"tag-tv","28":"tag-ultimas-noticias"},"share_on_mastodon":{"url":"","error":""},"_links":{"self":[{"href":"https:\/\/www.europesays.com\/es\/wp-json\/wp\/v2\/posts\/52539","targetHints":{"allow":["GET"]}}],"collection":[{"href":"https:\/\/www.europesays.com\/es\/wp-json\/wp\/v2\/posts"}],"about":[{"href":"https:\/\/www.europesays.com\/es\/wp-json\/wp\/v2\/types\/post"}],"author":[{"embeddable":true,"href":"https:\/\/www.europesays.com\/es\/wp-json\/wp\/v2\/users\/2"}],"replies":[{"embeddable":true,"href":"https:\/\/www.europesays.com\/es\/wp-json\/wp\/v2\/comments?post=52539"}],"version-history":[{"count":0,"href":"https:\/\/www.europesays.com\/es\/wp-json\/wp\/v2\/posts\/52539\/revisions"}],"wp:featuredmedia":[{"embeddable":true,"href":"https:\/\/www.europesays.com\/es\/wp-json\/wp\/v2\/media\/52540"}],"wp:attachment":[{"href":"https:\/\/www.europesays.com\/es\/wp-json\/wp\/v2\/media?parent=52539"}],"wp:term":[{"taxonomy":"category","embeddable":true,"href":"https:\/\/www.europesays.com\/es\/wp-json\/wp\/v2\/categories?post=52539"},{"taxonomy":"post_tag","embeddable":true,"href":"https:\/\/www.europesays.com\/es\/wp-json\/wp\/v2\/tags?post=52539"}],"curies":[{"name":"wp","href":"https:\/\/api.w.org\/{rel}","templated":true}]}}